{"id":9651,"date":"2018-04-19T10:04:41","date_gmt":"2018-04-19T13:04:41","guid":{"rendered":"http:\/\/www.acusticauach.cl\/?p=9651"},"modified":"2019-10-27T18:58:11","modified_gmt":"2019-10-27T21:58:11","slug":"academico-de-la-universidad-politecnica-de-valencia-dictara-nuevo-seminario-de-postgrado-de-ingenieria-uach","status":"publish","type":"post","link":"https:\/\/www.acusticauach.cl\/?p=9651","title":{"rendered":"Acad\u00e9mico de la Universidad Polit\u00e9cnica de Valencia dictar\u00e1 nuevo seminario de Postgrado de Ingenier\u00eda UACh"},"content":{"rendered":"<div class=\"uk-margin-medium-bottom\">\n<h2 class=\"uk-article-title uk-margin-remove-top\"><strong>\u201cConectando la empresa con la universidad: Experiencia de la Universitat Polit\u00e9cnica de Valencia\u201dse titula el nuevo seminario de postgrado de la Facultad de Ciencias de la Ingenier\u00eda que se llevar\u00e1 a cabo el pr\u00f3ximo mi\u00e9rcoles 25 de abril a las 16:00 horas en el Auditorio del edificio 9000 del Campus Miraflores.<\/strong><\/h2>\n<\/div>\n<div>\n<p><em>Escrito por Prensa FCI (<a href=\"mailto:prensafci@uach.cl\">prensafci@uach.cl<\/a>)<\/em><\/p>\n<p>El expositor del seminario es el profesor Jes\u00fas Alba, Ingeniero en Telecomunicaci\u00f3n y Doctor Ingeniero en Telecomunicaci\u00f3n de la Universidad Polit\u00e9cnica de Valencia, quien se encuentra visitando el Instituto de Ac\u00fastica UACh en el marco de diversos proyectos de investigaci\u00f3n conjuntos.<\/p>\n<p>El Dr. Alba actualmente se desempe\u00f1a como director de la Escuela Polit\u00e9cnica Superior de Gandia de la Universidad Polit\u00e9cnica de Valencia.\u00a0Su presentaci\u00f3n incluir\u00e1 informaci\u00f3n general de la UPV y Campus de Gandia, aspectos vinculados con estudiantes y empresas, pr\u00e1cticas en empresas, sistema de empleo, programas de creaci\u00f3n de empresas, innovaci\u00f3n, emprendimiento y programas de generaci\u00f3n de talento.\u00a0Asimismo, se referir\u00e1 a la experiencia con investigadores y empresas, creaci\u00f3n de empresas, programas explora UPV, demandas tecnol\u00f3gicas, acceso al conocimiento y las conexiones entre las federaciones y asociaciones de empresarios con la UPV.<\/p>\n<p>La exposici\u00f3n que se enmarca en los seminarios de P<strong>ostgrado de Ingenier\u00eda UACh<\/strong> est\u00e1 dirigida de manera obligatoria a los estudiantes del Mag\u00edster de Inform\u00e1tica, pero es abierta a toda la comunidad universitaria, estudiantes de postgrado y\u00a0pregrado, profesores y equipo InnovING 2030.-<\/p>\n<h2><strong>Dr. Jes\u00fas Alba<\/strong><\/h2>\n<p><img decoding=\"async\" class=\"size-full wp-image-9644 alignright\" src=\"https:\/\/www.acusticauach.cl\/wp-content\/uploads\/2012\/10\/JALBA_2018.jpg\" alt=\"\" width=\"200\" height=\"300\" \/>Jes\u00fas Alba Fern\u00e1ndez, es Ingeniero de Telecomunicaci\u00f3n y Doctor ingeniero de Telecomunicaci\u00f3n por la Universitat Polit\u00e8cnica de Val\u00e8ncia (UPV). Profesor de la UPV desde 1996, y desde hace varios a\u00f1os adscrito a la Escuela Polit\u00e9cnica Superior de Gandia (EPSG) Su formaci\u00f3n investigadora empieza el grupo de Ac\u00fastica Arquitect\u00f3nica y del Medio ambiente (ACARMA) de la UPV. Posteriormente fue miembro fundador del grupo de Dispositivos y Sistemas Ac\u00fasticos y \u00d3pticos (DISAO) en la EPSG, y tambi\u00e9n del Instituto para la Gesti\u00f3n Integral de las Zonas Costeras (IGIC). Desde 2013, miembro del Centro de Tecnolog\u00edas F\u00edsicas de la UPV.<\/p>\n<p>Las l\u00edneas de investigaci\u00f3n se centran fundamentalmente en la ac\u00fastica, con a\u00f1os de experiencia en aislamiento ac\u00fastico, contaminaci\u00f3n ac\u00fastica, ac\u00fastica de la edificaci\u00f3n y de salas, nuevos materiales reciclados y naturales y transductores y recintos ac\u00fasticos. En su curr\u00edculum se pueden encontrar m\u00e1s 70 art\u00edculos de investigaci\u00f3n y docencia, 6 libros y cap\u00edtulos de libros, 274 ponencias de investigaci\u00f3n y docencia en congresos nacionales e internacionales, 8 tesis doctorales dirigidas, 136 proyectos fin de carrera y 29 tesinas de m\u00e1ster. Investigador en m\u00e1s de 100 proyectos de I+D+i. investigador principal en 2 proyectos europeos y en 6 proyectos espa\u00f1oles, colaborando como investigador en otro proyecto europeo y 7 proyectos espa\u00f1oles. Ha realizado estancias de investigaci\u00f3n en el Instituto de Ac\u00fastica de la Universidad Austral de Chile, en Valdivia (Chile) en los a\u00f1os 2009, 2010, 2012, 2014 y 2018.<\/p>\n<\/div>\n","protected":false},"excerpt":{"rendered":"<p>\u201cConectando la empresa con la universidad: Experiencia de la Universitat Polit\u00e9cnica de Valencia\u201dse titula el nuevo seminario de postgrado de la Facultad de Ciencias de la Ingenier\u00eda que se llevar\u00e1 a cabo el pr\u00f3ximo mi\u00e9rcoles 25 de abril a las 16:00 horas en el Auditorio del edificio 9000 del Campus Miraflores. Escrito por Prensa FCI [&hellip;]<\/p>\n","protected":false},"author":2,"featured_media":9655,"comment_status":"closed","ping_status":"closed","sticky":false,"template":"","format":"standard","meta":{"footnotes":""},"categories":[907],"tags":[752,479,78,20,64],"class_list":["post-9651","post","type-post","status-publish","format-standard","has-post-thumbnail","hentry","category-postgrado","tag-alba","tag-emprendimiento","tag-investigacion-2","tag-seminario","tag-universidad-politecnica-de-valencia"],"_links":{"self":[{"href":"https:\/\/www.acusticauach.cl\/index.php?rest_route=\/wp\/v2\/posts\/9651","targetHints":{"allow":["GET"]}}],"collection":[{"href":"https:\/\/www.acusticauach.cl\/index.php?rest_route=\/wp\/v2\/posts"}],"about":[{"href":"https:\/\/www.acusticauach.cl\/index.php?rest_route=\/wp\/v2\/types\/post"}],"author":[{"embeddable":true,"href":"https:\/\/www.acusticauach.cl\/index.php?rest_route=\/wp\/v2\/users\/2"}],"replies":[{"embeddable":true,"href":"https:\/\/www.acusticauach.cl\/index.php?rest_route=%2Fwp%2Fv2%2Fcomments&post=9651"}],"version-history":[{"count":0,"href":"https:\/\/www.acusticauach.cl\/index.php?rest_route=\/wp\/v2\/posts\/9651\/revisions"}],"wp:featuredmedia":[{"embeddable":true,"href":"https:\/\/www.acusticauach.cl\/index.php?rest_route=\/wp\/v2\/media\/9655"}],"wp:attachment":[{"href":"https:\/\/www.acusticauach.cl\/index.php?rest_route=%2Fwp%2Fv2%2Fmedia&parent=9651"}],"wp:term":[{"taxonomy":"category","embeddable":true,"href":"https:\/\/www.acusticauach.cl\/index.php?rest_route=%2Fwp%2Fv2%2Fcategories&post=9651"},{"taxonomy":"post_tag","embeddable":true,"href":"https:\/\/www.acusticauach.cl\/index.php?rest_route=%2Fwp%2Fv2%2Ftags&post=9651"}],"curies":[{"name":"wp","href":"https:\/\/api.w.org\/{rel}","templated":true}]}}