{"id":9626,"date":"2018-04-17T13:33:17","date_gmt":"2018-04-17T16:33:17","guid":{"rendered":"http:\/\/www.acusticauach.cl\/?p=9626"},"modified":"2023-10-24T00:26:02","modified_gmt":"2023-10-24T03:26:02","slug":"investigacion-sobre-eco-materiales-de-bajo-costo-que-absorben-la-contaminacion-acustica-sera-el-principal-tema-de-seminario-en-la-uach","status":"publish","type":"post","link":"https:\/\/www.acusticauach.cl\/?p=9626","title":{"rendered":"Investigaci\u00f3n sobre eco-materiales de bajo costo para aislamiento ac\u00fastico ser\u00e1 el principal tema de seminario de AcusticaUACh"},"content":{"rendered":"<h2><strong>El seminario \u00abGreen Composites + Lana de Oveja. Soluciones sostenibles para la mejora del aislamiento ac\u00fastico al ruido a\u00e9reo\u00bb, se realizar\u00e1 el martes 24 de abril a las 17.30 horas en la sala 9202 del Pabell\u00f3n Docente, ubicado en el Campus Miraflores. La actividad es organizada por el Instituto de Ac\u00fastica de la Universidad Austral de Chile.<\/strong><\/h2>\n<p>La presentaci\u00f3n estar\u00e1 a cargo de la Dra. Romina del Rey de la Universidad Polit\u00e9cnica de Valencia, quien presentar\u00e1 el desarrollo y los resultado de sus investigaciones respecto a la b\u00fasqueda, dise\u00f1o e implementaci\u00f3n de soluciones sostenibles al ruido, mediante la utilizaci\u00f3n de eco-materiales y \u00abgreen composites\u00bb, amigables con el medioambiente.<\/p>\n<p>As\u00ed mismo, se mostrar\u00e1n los resultados ac\u00fasticos de los eco-materiales 100% reciclables en comparaci\u00f3n a las placas de materiales com\u00fanmente usados en la edificaci\u00f3n tradicional.<\/p>\n<p>De este modo, el seminario pretender\u00e1 dar cuenta de la validaci\u00f3n de materiales ecol\u00f3gicos como absorbentes ac\u00fasticos eficientes y de bajo costo de producci\u00f3n.<\/p>\n<h2><strong><img decoding=\"async\" class=\"wp-image-9637 size-full alignright\" src=\"https:\/\/www.acusticauach.cl\/wp-content\/uploads\/2018\/04\/Romina2.jpg\" alt=\"\" width=\"359\" height=\"359\" srcset=\"https:\/\/www.acusticauach.cl\/wp-content\/uploads\/2018\/04\/Romina2.jpg 359w, https:\/\/www.acusticauach.cl\/wp-content\/uploads\/2018\/04\/Romina2-150x150.jpg 150w, https:\/\/www.acusticauach.cl\/wp-content\/uploads\/2018\/04\/Romina2-300x300.jpg 300w, https:\/\/www.acusticauach.cl\/wp-content\/uploads\/2018\/04\/Romina2-65x65.jpg 65w, https:\/\/www.acusticauach.cl\/wp-content\/uploads\/2018\/04\/Romina2-55x55.jpg 55w, https:\/\/www.acusticauach.cl\/wp-content\/uploads\/2018\/04\/Romina2-94x94.jpg 94w, https:\/\/www.acusticauach.cl\/wp-content\/uploads\/2018\/04\/Romina2-86x86.jpg 86w, https:\/\/www.acusticauach.cl\/wp-content\/uploads\/2018\/04\/Romina2-120x120.jpg 120w, https:\/\/www.acusticauach.cl\/wp-content\/uploads\/2018\/04\/Romina2-215x215.jpg 215w\" sizes=\"(max-width: 359px) 100vw, 359px\" \/>Dra. Romina del Rey<\/strong><\/h2>\n<p>Es Licenciada en Ciencias F\u00edsicas y Doctora en Ciencias F\u00edsicas por la Universidad Polit\u00e9cnica de Valencia. Es T\u00e9cnica Superior de Investigaci\u00f3n con Grado Doctor en el Centro de Tecnolog\u00edas F\u00edsicas: Ac\u00fastica, Materiales y Astrof\u00edsica (CTF) de la Universidad Polit\u00e9cnica de Valencia y profesora asociada en el departamento de F\u00edsica Aplicada de la misma universidad.<\/p>\n<p>Sus investigaciones en Ac\u00fastica Aplicada se enfoca en el \u00e1rea de Ingenier\u00eda Civil desde la cual ha explorado soluciones sustentables a la contaminaci\u00f3n ac\u00fastica, electr\u00f3magnetica y lum\u00ednica en Neonatos.<\/p>\n<p>&nbsp;<\/p>\n<h2><strong>Transmisi\u00f3n OnLine<\/strong><\/h2>\n<p>El seminario es abierto a todos los miembros de la comunidad universitaria que deseen participar, y ser\u00e1 transmitido OnLine por TVAustral<\/p>\n<p>&nbsp;<\/p>\n<h2><strong>Ver directamente el video del seminario:<\/strong><\/h2>\n<p><a href=\"https:\/\/youtu.be\/slUDT5LCmvQ\">https:\/\/youtu.be\/slUDT5LCmvQ<\/a><\/p>\n<p>[arrow]\u00a0<strong>El video se encuentra en el siguiente enlace<\/strong>:<a href=\"https:\/\/youtu.be\/slUDT5LCmvQ\"> https:\/\/youtu.be\/slUDT5LCmvQ<\/a>\u00a0[\/arrow]<\/p>\n","protected":false},"excerpt":{"rendered":"<p>El seminario \u00abGreen Composites + Lana de Oveja. Soluciones sostenibles para la mejora del aislamiento ac\u00fastico al ruido a\u00e9reo\u00bb, se realizar\u00e1 el martes 24 de abril a las 17.30 horas en la sala 9202 del Pabell\u00f3n Docente, ubicado en el Campus Miraflores. La actividad es organizada por el Instituto de Ac\u00fastica de la Universidad Austral [&hellip;]<\/p>\n","protected":false},"author":2,"featured_media":9627,"comment_status":"closed","ping_status":"closed","sticky":false,"template":"","format":"standard","meta":{"footnotes":""},"categories":[908],"tags":[750,78,327,20,64,751],"class_list":["post-9626","post","type-post","status-publish","format-standard","has-post-thumbnail","hentry","category-investigacion","tag-del-rey","tag-investigacion-2","tag-materiales","tag-seminario","tag-universidad-politecnica-de-valencia","tag-upv"],"_links":{"self":[{"href":"https:\/\/www.acusticauach.cl\/index.php?rest_route=\/wp\/v2\/posts\/9626","targetHints":{"allow":["GET"]}}],"collection":[{"href":"https:\/\/www.acusticauach.cl\/index.php?rest_route=\/wp\/v2\/posts"}],"about":[{"href":"https:\/\/www.acusticauach.cl\/index.php?rest_route=\/wp\/v2\/types\/post"}],"author":[{"embeddable":true,"href":"https:\/\/www.acusticauach.cl\/index.php?rest_route=\/wp\/v2\/users\/2"}],"replies":[{"embeddable":true,"href":"https:\/\/www.acusticauach.cl\/index.php?rest_route=%2Fwp%2Fv2%2Fcomments&post=9626"}],"version-history":[{"count":0,"href":"https:\/\/www.acusticauach.cl\/index.php?rest_route=\/wp\/v2\/posts\/9626\/revisions"}],"wp:featuredmedia":[{"embeddable":true,"href":"https:\/\/www.acusticauach.cl\/index.php?rest_route=\/wp\/v2\/media\/9627"}],"wp:attachment":[{"href":"https:\/\/www.acusticauach.cl\/index.php?rest_route=%2Fwp%2Fv2%2Fmedia&parent=9626"}],"wp:term":[{"taxonomy":"category","embeddable":true,"href":"https:\/\/www.acusticauach.cl\/index.php?rest_route=%2Fwp%2Fv2%2Fcategories&post=9626"},{"taxonomy":"post_tag","embeddable":true,"href":"https:\/\/www.acusticauach.cl\/index.php?rest_route=%2Fwp%2Fv2%2Ftags&post=9626"}],"curies":[{"name":"wp","href":"https:\/\/api.w.org\/{rel}","templated":true}]}}