{"id":9555,"date":"2018-03-07T13:38:57","date_gmt":"2018-03-07T16:38:57","guid":{"rendered":"http:\/\/www.acusticauach.cl\/?p=9555"},"modified":"2019-10-27T18:58:59","modified_gmt":"2019-10-27T21:58:59","slug":"saludo-nautico-uach-2018-una-bienvenida-con-tradicion-valdiviana","status":"publish","type":"post","link":"https:\/\/www.acusticauach.cl\/?p=9555","title":{"rendered":"Saludo N\u00e1utico UACh 2018: una bienvenida con tradici\u00f3n valdiviana"},"content":{"rendered":"<h2><strong>Con intervenciones culturales y la participaci\u00f3n de 198 deportistas de diversas disciplinas n\u00e1uticas se realiz\u00f3 la recepci\u00f3n de los nuevos estudiantes en la ribera del r\u00edo Valdivia, junto al Museo de Arte Contempor\u00e1neo UACh.<\/strong><\/h2>\n<p>Escrito por: Maximiliano Valenzuela Vel\u00e1squez &#8211; Periodista Relaciones P\u00fablicas UACh Email: maximiliano.valenzuela@uach.cl<br \/>\nFotos: H\u00e9ctor Andrade &#8211; Fot\u00f3grafo Relaciones P\u00fablicas UACh Email: handrade@uach.cl<br \/>\nPublicada el: 06-03-2018<\/p>\n<p>* <a href=\"https:\/\/www.flickr.com\/photos\/universidadaustraldechile\/albums\/72157693442503594\/with\/26787459328\/\" target=\"_blank\" rel=\"noopener noreferrer\">Revisa nuestra galer\u00eda de fotos aqu\u00ed<\/a> y revive esta actividad en nuestro video en <a href=\"https:\/\/www.facebook.com\/UAustraldeChile\/\" target=\"_blank\" rel=\"noopener noreferrer\">Facebook de la Universidad Austral<\/a>.<\/p>\n<p>En un lugar de enorme belleza y emblema de la ciudad de Valdivia, la Costanera Cultural Senador Gabriel Vald\u00e9s Subercaseux, terreno que fue donado por la Universidad Austral de Chile, como legado cultural, para la construcci\u00f3n de esta importante obra Bicentenario, se efectu\u00f3 este martes 6 de marzo el reconocido Saludo N\u00e1utico UACh 2018, que en esta ocasi\u00f3n cumple 8 a\u00f1os.<\/p>\n<p>La actividad cont\u00f3 con la participaci\u00f3n y saludo de diversas autoridades regionales, entre ellas; el Intendente de la regi\u00f3n de Los R\u00edos, Ricardo Millan, m\u00e1s la participaci\u00f3n de autoridades universitarias, acad\u00e9micos, funcionarios y los m\u00e1s de 2600 estudiantes, que se suman este a\u00f1o a la UACh.<\/p>\n<p>Cabe destacar que este a\u00f1o se integran a la UACh 3.602 nuevos estudiantes, de los cuales 1.885 (52,3%) ingresaron con gratuidad. En Valdivia los nuevos estudiantes matriculados corresponden a 2.654, de los cuales 1.288 (48,5%) ingresaron con gratuidad.<\/p>\n<p>En tanto, en la Sede Puerto Montt hay 755 nuevos estudiantes, de los cuales 496 (65,7%) ingresaron con gratuidad.<\/p>\n<p>Mientras que en el Campus Patagonia en Coyhaique hay 193 nuevos matriculados, de los cuales 101 (51,5%) ingresaron con gratuidad.<\/p>\n<h2><strong>Un nuevo saludo junto al r\u00edo Valdivia<\/strong><\/h2>\n<p>El Saludo N\u00e1utico pudo ser apreciado desde distintos puntos del sector costanera, estudiantes y p\u00fablico general que disfrut\u00f3 del desfile de 198 deportistas, entre ellos docentes y estudiantes de la Escuela de Pedagog\u00eda en Educaci\u00f3n F\u00edsica, Deportes y Recreaci\u00f3n UACh, quienes se encargaron de coordinar la actividad, sumando a las ramas de Nataci\u00f3n UACh, Club de Nataci\u00f3n Zambrano de Collico, Club Masters de los R\u00edos y Club FullSwim.<\/p>\n<p>A ellos se suman, en kayak; CEDERE UACh, Escuela Educaci\u00f3n F\u00edsica UACh y la Escuela Nueva Collilelfu de Los Lagos. En remo; el Club Phoenix, el Club Centenario y el Club Arturo Prat. Y en SUP, estudiantes del proyecto de Turismo Aventura que tiene como fin recorrer los R\u00edos, Mar y Lagos de la regi\u00f3n con tablas de Stand up Paddle.<\/p>\n<p><img decoding=\"async\" class=\"aligncenter size-full wp-image-9557\" src=\"https:\/\/www.acusticauach.cl\/wp-content\/uploads\/2018\/03\/2018_03_06-Saludo_Nautico_01.jpg\" alt=\"\" width=\"1000\" height=\"562\" srcset=\"https:\/\/www.acusticauach.cl\/wp-content\/uploads\/2018\/03\/2018_03_06-Saludo_Nautico_01.jpg 1000w, https:\/\/www.acusticauach.cl\/wp-content\/uploads\/2018\/03\/2018_03_06-Saludo_Nautico_01-300x169.jpg 300w, https:\/\/www.acusticauach.cl\/wp-content\/uploads\/2018\/03\/2018_03_06-Saludo_Nautico_01-768x432.jpg 768w, https:\/\/www.acusticauach.cl\/wp-content\/uploads\/2018\/03\/2018_03_06-Saludo_Nautico_01-700x393.jpg 700w, https:\/\/www.acusticauach.cl\/wp-content\/uploads\/2018\/03\/2018_03_06-Saludo_Nautico_01-500x281.jpg 500w\" sizes=\"(max-width: 1000px) 100vw, 1000px\" \/><\/p>\n<h2><strong>Educaci\u00f3n, inclusi\u00f3n y gratuidad\u00a0<\/strong><\/h2>\n<p>En su mensaje de bienvenida a los nuevos estudiantes UACh, el Rector Dr. \u00d3scar Galindo, destac\u00f3 que \u201cestamos muy contentos de dar la bienvenida a nuestros nuevos estudiantes, sobre 2600 en nuestros campus en Valdivia, de ellos 392 corresponden a alumnos provenientes de nuestros programas de inclusi\u00f3n, como son el Ranking 850, Proped\u00e9utico y PACE UACh, que son programas que, a diferencia del Sistema \u00danico de Admisi\u00f3n, se concentran en el acceso v\u00eda rendimiento escolar\u201d.<\/p>\n<p>A su vez, se\u00f1al\u00f3 que \u201ces interesante destacar que m\u00e1s del 70% de nuestros estudiantes matriculados en Valdivia, provienen de ciudades fue de la regi\u00f3n. Esto nos demuestra el gran inter\u00e9s que genera nuestra Universidad y la posibilidad de vivir una grata experiencia de estudios en una ciudad y entorno privilegiado por la naturaleza y el entorno cultural, como es el lugar donde los saludamos hoy\u201d.<\/p>\n<p><img decoding=\"async\" class=\"aligncenter size-full wp-image-9558\" src=\"https:\/\/www.acusticauach.cl\/wp-content\/uploads\/2018\/03\/2018_03_06-Saludo_Nautico_06.jpg\" alt=\"\" width=\"1000\" height=\"562\" srcset=\"https:\/\/www.acusticauach.cl\/wp-content\/uploads\/2018\/03\/2018_03_06-Saludo_Nautico_06.jpg 1000w, https:\/\/www.acusticauach.cl\/wp-content\/uploads\/2018\/03\/2018_03_06-Saludo_Nautico_06-300x169.jpg 300w, https:\/\/www.acusticauach.cl\/wp-content\/uploads\/2018\/03\/2018_03_06-Saludo_Nautico_06-768x432.jpg 768w, https:\/\/www.acusticauach.cl\/wp-content\/uploads\/2018\/03\/2018_03_06-Saludo_Nautico_06-700x393.jpg 700w, https:\/\/www.acusticauach.cl\/wp-content\/uploads\/2018\/03\/2018_03_06-Saludo_Nautico_06-500x281.jpg 500w\" sizes=\"(max-width: 1000px) 100vw, 1000px\" \/><\/p>\n<p>Tambi\u00e9n, el Intendente de la Regi\u00f3n de Los R\u00edos, Ricardo Mill\u00e1n, tuvo palabras de saludo para los nuevos estudiantes, destacando que \u201cestamos muy contentos como regi\u00f3n el poder recibir a los estudiantes de la UACh, muchos de ustedes provenientes de otras ciudades del pa\u00eds, que sin duda vienen con muchos sue\u00f1os y expectativas a realizar sus estudios superiores. Es importante destacar el beneficio de la gratuidad con los cuales podr\u00e1n realizar muchos de ustedes su paso por la UACh, iniciativa que, como Gobiernos, esperamos se consolido con los a\u00f1os\u201d.<\/p>\n<p>El Presidente de la Federaci\u00f3n de Estudiantes FEUACh, Manuel Rauch, destac\u00f3 la importancia de \u201cde sumarse con mucha energ\u00eda a los procesos de cambio de la Educaci\u00f3n Superior, a trabajar en conjunto por aumentar el beneficio de la gratuidad, esa es mi invitaci\u00f3n\u201d.<\/p>\n<p>Rauch agreg\u00f3 que \u201cestamos en un periodo clave para nuestra agrupaci\u00f3n estudiantil, pronto se realizar\u00e1n las elecciones de la nueva FEUACh, donde ustedes podr\u00e1n elegir a sus representantes, los convocamos a participar y entregar su vota\u201d.<\/p>\n<p><img decoding=\"async\" class=\"aligncenter size-full wp-image-9559\" src=\"https:\/\/www.acusticauach.cl\/wp-content\/uploads\/2018\/03\/2018_03_06-Saludo_Nautico_03.jpg\" alt=\"\" width=\"1000\" height=\"562\" srcset=\"https:\/\/www.acusticauach.cl\/wp-content\/uploads\/2018\/03\/2018_03_06-Saludo_Nautico_03.jpg 1000w, https:\/\/www.acusticauach.cl\/wp-content\/uploads\/2018\/03\/2018_03_06-Saludo_Nautico_03-300x169.jpg 300w, https:\/\/www.acusticauach.cl\/wp-content\/uploads\/2018\/03\/2018_03_06-Saludo_Nautico_03-768x432.jpg 768w, https:\/\/www.acusticauach.cl\/wp-content\/uploads\/2018\/03\/2018_03_06-Saludo_Nautico_03-700x393.jpg 700w, https:\/\/www.acusticauach.cl\/wp-content\/uploads\/2018\/03\/2018_03_06-Saludo_Nautico_03-500x281.jpg 500w\" sizes=\"(max-width: 1000px) 100vw, 1000px\" \/><\/p>\n<h2><strong>Intervenci\u00f3n art\u00edstica cultural<\/strong><\/h2>\n<p>Durante la actividad, los j\u00f3venes pudieron disfrutar de las presentaciones del Centro Cultural Circo Lluvia, agrupaci\u00f3n que desde el a\u00f1o 2014 se dedicada a la difusi\u00f3n y profesionalizaci\u00f3n del arte circense en la Regi\u00f3n de los R\u00edos (malabarismo y artes circenses) y Callej\u00f3n Libertad, un centro cultural dedicado desde el a\u00f1o 2013 a la investigaci\u00f3n y difusi\u00f3n del arte e historia latinoamericana, siendo uno de sus prop\u00f3sitos poner en valor los saberes culturales de los pueblos originarios y afrodescendientes (comparsa).<\/p>\n<p>A\u00a0 su vez, los estudiantes disfrutaron de alimentaci\u00f3n saludable y de los tradicionales helados preparados en el Centro Tecnol\u00f3gico de la Leche (CTL), del Instituto de Ciencia y Tecnolog\u00eda de los Alimentos UACh.<\/p>\n<p>Destacar que esta actividad fue transmitida por Radio UACh (90.1 FM), a trav\u00e9s de su programa Break Universitario, con la colaboraci\u00f3n de la Escuela de Periodismo UACh. Sumando la transmisi\u00f3n en vivo a trav\u00e9s de nuestro <a href=\"https:\/\/www.facebook.com\/UAustraldeChile\/\" target=\"_blank\" rel=\"noopener noreferrer\">Facebook UAustraldeChile<\/a>.<\/p>\n<p><img decoding=\"async\" class=\"aligncenter size-full wp-image-9561\" src=\"https:\/\/www.acusticauach.cl\/wp-content\/uploads\/2018\/03\/2018_03_06-Saludo_Nautico_04.jpg\" alt=\"\" width=\"1000\" height=\"562\" srcset=\"https:\/\/www.acusticauach.cl\/wp-content\/uploads\/2018\/03\/2018_03_06-Saludo_Nautico_04.jpg 1000w, https:\/\/www.acusticauach.cl\/wp-content\/uploads\/2018\/03\/2018_03_06-Saludo_Nautico_04-300x169.jpg 300w, https:\/\/www.acusticauach.cl\/wp-content\/uploads\/2018\/03\/2018_03_06-Saludo_Nautico_04-768x432.jpg 768w, https:\/\/www.acusticauach.cl\/wp-content\/uploads\/2018\/03\/2018_03_06-Saludo_Nautico_04-700x393.jpg 700w, https:\/\/www.acusticauach.cl\/wp-content\/uploads\/2018\/03\/2018_03_06-Saludo_Nautico_04-500x281.jpg 500w\" sizes=\"(max-width: 1000px) 100vw, 1000px\" \/><br \/>\n<iframe style=\"border: none; overflow: hidden;\" src=\"https:\/\/www.facebook.com\/plugins\/post.php?href=https%3A%2F%2Fwww.facebook.com%2Fmedia%2Fset%2F%3Fset%3Da.1553179451444454.1073741876.128607173901696%26type%3D3&amp;width=500\" width=\"500\" height=\"645\" frameborder=\"0\" scrolling=\"no\"><\/iframe><\/p>\n","protected":false},"excerpt":{"rendered":"<p>Con intervenciones culturales y la participaci\u00f3n de 198 deportistas de diversas disciplinas n\u00e1uticas se realiz\u00f3 la recepci\u00f3n de los nuevos estudiantes en la ribera del r\u00edo Valdivia, junto al Museo de Arte Contempor\u00e1neo UACh. Escrito por: Maximiliano Valenzuela Vel\u00e1squez &#8211; Periodista Relaciones P\u00fablicas UACh Email: maximiliano.valenzuela@uach.cl Fotos: H\u00e9ctor Andrade &#8211; Fot\u00f3grafo Relaciones P\u00fablicas UACh Email: [&hellip;]<\/p>\n","protected":false},"author":2,"featured_media":9556,"comment_status":"closed","ping_status":"closed","sticky":false,"template":"","format":"standard","meta":{"footnotes":""},"categories":[906],"tags":[744,230,746,608,37,231,547,294,329,546],"class_list":["post-9555","post","type-post","status-publish","format-standard","has-post-thumbnail","hentry","category-pregrado","tag-744","tag-bienvenida","tag-costanera","tag-estudiante","tag-estudiantes","tag-mechones","tag-nautico","tag-nuevos","tag-recepcion","tag-saludo"],"_links":{"self":[{"href":"https:\/\/www.acusticauach.cl\/index.php?rest_route=\/wp\/v2\/posts\/9555","targetHints":{"allow":["GET"]}}],"collection":[{"href":"https:\/\/www.acusticauach.cl\/index.php?rest_route=\/wp\/v2\/posts"}],"about":[{"href":"https:\/\/www.acusticauach.cl\/index.php?rest_route=\/wp\/v2\/types\/post"}],"author":[{"embeddable":true,"href":"https:\/\/www.acusticauach.cl\/index.php?rest_route=\/wp\/v2\/users\/2"}],"replies":[{"embeddable":true,"href":"https:\/\/www.acusticauach.cl\/index.php?rest_route=%2Fwp%2Fv2%2Fcomments&post=9555"}],"version-history":[{"count":0,"href":"https:\/\/www.acusticauach.cl\/index.php?rest_route=\/wp\/v2\/posts\/9555\/revisions"}],"wp:featuredmedia":[{"embeddable":true,"href":"https:\/\/www.acusticauach.cl\/index.php?rest_route=\/wp\/v2\/media\/9556"}],"wp:attachment":[{"href":"https:\/\/www.acusticauach.cl\/index.php?rest_route=%2Fwp%2Fv2%2Fmedia&parent=9555"}],"wp:term":[{"taxonomy":"category","embeddable":true,"href":"https:\/\/www.acusticauach.cl\/index.php?rest_route=%2Fwp%2Fv2%2Fcategories&post=9555"},{"taxonomy":"post_tag","embeddable":true,"href":"https:\/\/www.acusticauach.cl\/index.php?rest_route=%2Fwp%2Fv2%2Ftags&post=9555"}],"curies":[{"name":"wp","href":"https:\/\/api.w.org\/{rel}","templated":true}]}}