{"id":9529,"date":"2018-03-06T12:28:41","date_gmt":"2018-03-06T15:28:41","guid":{"rendered":"http:\/\/www.acusticauach.cl\/?p=9529"},"modified":"2019-10-27T18:59:05","modified_gmt":"2019-10-27T21:59:05","slug":"ingenieria-uach-dio-la-bienvenida-a-sus-nuevos-alumnos","status":"publish","type":"post","link":"https:\/\/www.acusticauach.cl\/?p=9529","title":{"rendered":"Ingenier\u00eda UACh dio la bienvenida a sus nuevos alumnos"},"content":{"rendered":"<h2><strong>580 nuevos estudiantes ingresaron a partir de este lunes 5 de marzo a la Facultad de Ciencias de la Ingenier\u00eda<\/strong><\/h2>\n<p>Escrito por PrensaFCI<\/p>\n<p>Las nuevas promociones de alumnos fueron recibidas en una ceremonia realizada en el Audit\u00f3rium del edificio 3000 del Campus Miraflores.<\/p>\n<p>La apertura de la ceremonia estuvo a cargo del Decano de la Facultad de Ciencias de la Ingenier\u00eda, Dr. Richard Luco, quien les dio el saludo inicial haciendo alusi\u00f3n a que haber ingresado a la Universidad es un paso, pero el verdadero logro es permanecer y titularse.<\/p>\n<p><img decoding=\"async\" class=\"aligncenter size-full wp-image-9530\" src=\"https:\/\/www.acusticauach.cl\/wp-content\/uploads\/2018\/03\/2018_03_05_Acto_Desayuno_Bienvenida_01.jpg\" alt=\"\" width=\"1000\" height=\"563\" srcset=\"https:\/\/www.acusticauach.cl\/wp-content\/uploads\/2018\/03\/2018_03_05_Acto_Desayuno_Bienvenida_01.jpg 1000w, https:\/\/www.acusticauach.cl\/wp-content\/uploads\/2018\/03\/2018_03_05_Acto_Desayuno_Bienvenida_01-300x169.jpg 300w, https:\/\/www.acusticauach.cl\/wp-content\/uploads\/2018\/03\/2018_03_05_Acto_Desayuno_Bienvenida_01-768x432.jpg 768w, https:\/\/www.acusticauach.cl\/wp-content\/uploads\/2018\/03\/2018_03_05_Acto_Desayuno_Bienvenida_01-700x394.jpg 700w, https:\/\/www.acusticauach.cl\/wp-content\/uploads\/2018\/03\/2018_03_05_Acto_Desayuno_Bienvenida_01-500x282.jpg 500w\" sizes=\"(max-width: 1000px) 100vw, 1000px\" \/><\/p>\n<blockquote><p>Queremos invitar a los nuevos alumnos a considerar que este es un gran paso, pero no es un logro, eso vendr\u00e1 cuando sean capaces de permanecer en la carrera que eligieron y finalmente titularse, nosotros tenemos la responsabilidad de formarlos, pero lo dem\u00e1s depende del esfuerzo y dedicaci\u00f3n que pongan de su parte\u201d se\u00f1al\u00f3.<\/p><\/blockquote>\n<p>Posteriormente, el Prodecano Dr. Jorge Maturana hizo una exposici\u00f3n que tuvo como finalidad motivar a la nueva generaci\u00f3n de alumnos de Ingenier\u00eda, poniendo \u00e9nfasis en el rol de los ingenieros en la sociedad y como \u00e9stos est\u00e1n llamados a resolver los problemas del mundo.<\/p>\n<p>El Prodecano resalt\u00f3 que la sociedad de hoy necesita ingenieros que sepan de literatura, de arte, no s\u00f3lo n\u00fameros porque finalmente cuando se titulen deber\u00e1n trabajar en conjunto con otras disciplinas para desarrollar sus proyectos y obtener buenos resultados.<\/p>\n<p><img decoding=\"async\" class=\"aligncenter size-full wp-image-9531\" src=\"https:\/\/www.acusticauach.cl\/wp-content\/uploads\/2018\/03\/2018_03_05_Acto_Desayuno_Bienvenida_03.jpg\" alt=\"\" width=\"1000\" height=\"563\" srcset=\"https:\/\/www.acusticauach.cl\/wp-content\/uploads\/2018\/03\/2018_03_05_Acto_Desayuno_Bienvenida_03.jpg 1000w, https:\/\/www.acusticauach.cl\/wp-content\/uploads\/2018\/03\/2018_03_05_Acto_Desayuno_Bienvenida_03-300x169.jpg 300w, https:\/\/www.acusticauach.cl\/wp-content\/uploads\/2018\/03\/2018_03_05_Acto_Desayuno_Bienvenida_03-768x432.jpg 768w, https:\/\/www.acusticauach.cl\/wp-content\/uploads\/2018\/03\/2018_03_05_Acto_Desayuno_Bienvenida_03-700x394.jpg 700w, https:\/\/www.acusticauach.cl\/wp-content\/uploads\/2018\/03\/2018_03_05_Acto_Desayuno_Bienvenida_03-500x282.jpg 500w\" sizes=\"(max-width: 1000px) 100vw, 1000px\" \/><\/p>\n<p>Posteriormente, fueron invitados a un desayuno organizado por cada una de las escuelas donde pudieron conocer y compartir junto a sus directores de escuela, funcionarios, profesores y compa\u00f1eros de cursos superiores.<\/p>\n<p>Aqu\u00ed una fotos de la actividad de la carrera de Ingenier\u00eda Civil Ac\u00fastica<\/p>\n<p><img decoding=\"async\" class=\"aligncenter size-full wp-image-9532\" src=\"https:\/\/www.acusticauach.cl\/wp-content\/uploads\/2018\/03\/2018_03_05_Desayuno_Bienvenida_01.jpg\" alt=\"\" width=\"1000\" height=\"563\" srcset=\"https:\/\/www.acusticauach.cl\/wp-content\/uploads\/2018\/03\/2018_03_05_Desayuno_Bienvenida_01.jpg 1000w, https:\/\/www.acusticauach.cl\/wp-content\/uploads\/2018\/03\/2018_03_05_Desayuno_Bienvenida_01-300x169.jpg 300w, https:\/\/www.acusticauach.cl\/wp-content\/uploads\/2018\/03\/2018_03_05_Desayuno_Bienvenida_01-768x432.jpg 768w, https:\/\/www.acusticauach.cl\/wp-content\/uploads\/2018\/03\/2018_03_05_Desayuno_Bienvenida_01-700x394.jpg 700w, https:\/\/www.acusticauach.cl\/wp-content\/uploads\/2018\/03\/2018_03_05_Desayuno_Bienvenida_01-500x282.jpg 500w\" sizes=\"(max-width: 1000px) 100vw, 1000px\" \/> <img decoding=\"async\" class=\"aligncenter size-full wp-image-9533\" src=\"https:\/\/www.acusticauach.cl\/wp-content\/uploads\/2018\/03\/2018_03_05_Desayuno_Bienvenida_02.jpg\" alt=\"\" width=\"1000\" height=\"563\" srcset=\"https:\/\/www.acusticauach.cl\/wp-content\/uploads\/2018\/03\/2018_03_05_Desayuno_Bienvenida_02.jpg 1000w, https:\/\/www.acusticauach.cl\/wp-content\/uploads\/2018\/03\/2018_03_05_Desayuno_Bienvenida_02-300x169.jpg 300w, https:\/\/www.acusticauach.cl\/wp-content\/uploads\/2018\/03\/2018_03_05_Desayuno_Bienvenida_02-768x432.jpg 768w, https:\/\/www.acusticauach.cl\/wp-content\/uploads\/2018\/03\/2018_03_05_Desayuno_Bienvenida_02-700x394.jpg 700w, https:\/\/www.acusticauach.cl\/wp-content\/uploads\/2018\/03\/2018_03_05_Desayuno_Bienvenida_02-500x282.jpg 500w\" sizes=\"(max-width: 1000px) 100vw, 1000px\" \/> <img decoding=\"async\" class=\"aligncenter size-full wp-image-9534\" src=\"https:\/\/www.acusticauach.cl\/wp-content\/uploads\/2018\/03\/2018_03_05_Desayuno_Bienvenida_04.jpg\" alt=\"\" width=\"1000\" height=\"563\" srcset=\"https:\/\/www.acusticauach.cl\/wp-content\/uploads\/2018\/03\/2018_03_05_Desayuno_Bienvenida_04.jpg 1000w, https:\/\/www.acusticauach.cl\/wp-content\/uploads\/2018\/03\/2018_03_05_Desayuno_Bienvenida_04-300x169.jpg 300w, https:\/\/www.acusticauach.cl\/wp-content\/uploads\/2018\/03\/2018_03_05_Desayuno_Bienvenida_04-768x432.jpg 768w, https:\/\/www.acusticauach.cl\/wp-content\/uploads\/2018\/03\/2018_03_05_Desayuno_Bienvenida_04-700x394.jpg 700w, https:\/\/www.acusticauach.cl\/wp-content\/uploads\/2018\/03\/2018_03_05_Desayuno_Bienvenida_04-500x282.jpg 500w\" sizes=\"(max-width: 1000px) 100vw, 1000px\" \/><\/p>\n<h2><strong>Programa<\/strong><\/h2>\n<p>Las actividades de bienvenida mechona contin\u00faan este martes 6 de marzo con el Taller UACh \u201cRedes de Apoyo para la inserci\u00f3n a la vida universitaria\u201d que se llevar\u00e1 a cabo desde las 10:00 horas en el Aula Magna del Campus Isla Teja y posteriormente el Saludo Institucional del Rector Dr. \u00d3scar Galindo y autoridades regionales en la Costanera Cultural, ocasi\u00f3n en que adem\u00e1s la Escuela de Pedagog\u00eda en Educaci\u00f3n F\u00edsica, Deportes y Recreaci\u00f3n realiza el saludo n\u00e1utico a la nueva generaci\u00f3n de estudiantes universitarios de la UACh.<\/p>\n<p>Cabe mencionar que adem\u00e1s durante esta semana se contempla la continuidad de las sesiones de nivelaci\u00f3n en \u00e1lgebra y geometr\u00eda para ingenier\u00eda dirigida a todos los nuevos estudiantes, actividad organizada por el Centro de Docencia de Cs. B\u00e1sicas para Ingenier\u00eda y que tiene como objetivo evitar la deserci\u00f3n de estudiantes y hacer m\u00e1s exitoso el tr\u00e1nsito desde la ense\u00f1anza media a la ense\u00f1anza superior.<\/p>\n<h2><strong>Carreras<\/strong><\/h2>\n<p>La Facultad de Ciencias de la Ingenier\u00eda tiene 9 carreras de pregrado: Bachillerato en Cs. de la Ingenier\u00eda, Ingenier\u00eda Civil Mec\u00e1nica, <strong>Ingenier\u00eda Civil Ac\u00fastica<\/strong>, Ingenier\u00eda Civil Industrial, Ingenier\u00eda Civil en Obras Civiles, Ingenier\u00eda Civil Electr\u00f3nica, Ingenier\u00eda Civil en Inform\u00e1tica, Ingenier\u00eda en Construcci\u00f3n e Ingenier\u00eda Naval.<\/p>\n<h2><strong>Galer\u00eda de Fotos en nuestro Facbook<\/strong><\/h2>\n<div class=\"cff-embed-wrap cff-post-embed-wrap\">\n<div id=\"fb-root\"><\/div>\n<p><script async=\"1\" defer=\"1\" crossorigin=\"anonymous\" src=\"https:\/\/connect.facebook.net\/es_LA\/sdk.js#xfbml=1&amp;version=v16.0\" nonce=\"6jo2ueFB\"><\/script><\/p>\n<div class=\"fb-post cff-embed cff-post-embed\" data-href=\"https:\/\/www.facebook.com\/media\/set\/?set=a.1628364527245181.1073741882.194362960645352&amp;type=1&amp;l=f9001c7146\" data-width=\"750\">\n<blockquote cite=\"https:\/\/www.facebook.com\/acusticauach\/photos\/a.1628364527245181\/1628364757245158\/?type=3\" class=\"fb-xfbml-parse-ignore\"><p>Posted by <a href=\"https:\/\/facebook.com\/acusticauach\">Acustica UACh<\/a> on&nbsp;<a href=\"https:\/\/www.facebook.com\/acusticauach\/photos\/a.1628364527245181\/1628364757245158\/?type=3\">Monday, 5 March 2018<\/a><\/p><\/blockquote>\n<\/div>\n<\/div>\n","protected":false},"excerpt":{"rendered":"<p>580 nuevos estudiantes ingresaron a partir de este lunes 5 de marzo a la Facultad de Ciencias de la Ingenier\u00eda Escrito por PrensaFCI Las nuevas promociones de alumnos fueron recibidas en una ceremonia realizada en el Audit\u00f3rium del edificio 3000 del Campus Miraflores. La apertura de la ceremonia estuvo a cargo del Decano de la [&hellip;]<\/p>\n","protected":false},"author":2,"featured_media":9537,"comment_status":"closed","ping_status":"closed","sticky":false,"template":"","format":"standard","meta":{"footnotes":""},"categories":[906],"tags":[230,608,37,231,294,329],"class_list":["post-9529","post","type-post","status-publish","format-standard","has-post-thumbnail","hentry","category-pregrado","tag-bienvenida","tag-estudiante","tag-estudiantes","tag-mechones","tag-nuevos","tag-recepcion"],"_links":{"self":[{"href":"https:\/\/www.acusticauach.cl\/index.php?rest_route=\/wp\/v2\/posts\/9529","targetHints":{"allow":["GET"]}}],"collection":[{"href":"https:\/\/www.acusticauach.cl\/index.php?rest_route=\/wp\/v2\/posts"}],"about":[{"href":"https:\/\/www.acusticauach.cl\/index.php?rest_route=\/wp\/v2\/types\/post"}],"author":[{"embeddable":true,"href":"https:\/\/www.acusticauach.cl\/index.php?rest_route=\/wp\/v2\/users\/2"}],"replies":[{"embeddable":true,"href":"https:\/\/www.acusticauach.cl\/index.php?rest_route=%2Fwp%2Fv2%2Fcomments&post=9529"}],"version-history":[{"count":0,"href":"https:\/\/www.acusticauach.cl\/index.php?rest_route=\/wp\/v2\/posts\/9529\/revisions"}],"wp:featuredmedia":[{"embeddable":true,"href":"https:\/\/www.acusticauach.cl\/index.php?rest_route=\/wp\/v2\/media\/9537"}],"wp:attachment":[{"href":"https:\/\/www.acusticauach.cl\/index.php?rest_route=%2Fwp%2Fv2%2Fmedia&parent=9529"}],"wp:term":[{"taxonomy":"category","embeddable":true,"href":"https:\/\/www.acusticauach.cl\/index.php?rest_route=%2Fwp%2Fv2%2Fcategories&post=9529"},{"taxonomy":"post_tag","embeddable":true,"href":"https:\/\/www.acusticauach.cl\/index.php?rest_route=%2Fwp%2Fv2%2Ftags&post=9529"}],"curies":[{"name":"wp","href":"https:\/\/api.w.org\/{rel}","templated":true}]}}