{"id":9526,"date":"2018-03-05T16:37:21","date_gmt":"2018-03-05T19:37:21","guid":{"rendered":"http:\/\/www.acusticauach.cl\/?p=9526"},"modified":"2019-10-27T18:59:13","modified_gmt":"2019-10-27T21:59:13","slug":"nuevos-alumnos-de-ingenieria-uach-iniciaron-actividades-de-nivelacion","status":"publish","type":"post","link":"https:\/\/www.acusticauach.cl\/?p=9526","title":{"rendered":"Nuevos alumnos de Ingenier\u00eda UACh iniciaron actividades de nivelaci\u00f3n"},"content":{"rendered":"<h2><strong>El objetivo final de la realizaci\u00f3n de este proceso es evitar la deserci\u00f3n temprana de los nuevos estudiantes, de tal manera que el tr\u00e1nsito desde la ense\u00f1anza media a la educaci\u00f3n superior sea exitoso.<\/strong><\/h2>\n<p>Escrito por Prensa FCI.<\/p>\n<p>M\u00e1s de 400 alumnos que ingresar\u00e1n a primer a\u00f1o a las carreras de la Facultad de Ciencias de la Ingenier\u00eda UACh, iniciaron este jueves 01 de marzo, actividades de nivelaci\u00f3n con el fin de que est\u00e9n mejor preparados para los cursos de \u00e1lgebra y geometr\u00eda para ingenier\u00eda.<\/p>\n<p>La actividad es organizada por el Centro de Docencia de Cs. B\u00e1sicas para Ingenier\u00eda, a cargo de la profesora Teresa Castro quien dio la bienvenida a los nuevos estudiantes y les explic\u00f3 que el curso de nivelaci\u00f3n hab\u00eda sido preparado por los docentes del \u00e1rea de matem\u00e1tica, \u201ccon mucho cari\u00f1o y dedicaci\u00f3n para obtener mejores resultados en este semestre\u201d. Posteriormente, fueron presentados los profesores a cargo de cada curso, quienes se retiraron a las salas de clases respectivas junto a su grupo de alumnos con el fin de comenzar la nivelaci\u00f3n.<\/p>\n<p>Esta iniciativa que se realiza por primera vez en la Facultad de Cs. de la Ingenier\u00eda, se complement\u00f3 con la elaboraci\u00f3n de un manual titulado M\u00f3dulos de Reforzamiento el cual contempla contenidos, ejemplos y ejercicios, documento que estuvo disponible desde el mes de enero en la web de ingenier\u00eda UACh y que fue entregado en formato papel durante la primera sesi\u00f3n de nivelaci\u00f3n.<\/p>\n<p>La profesora Teresa Castro, junto al equipo de docentes del \u00e1rea de matem\u00e1tica, del Centro de Docencia de Cs. B\u00e1sicas, se mostraron muy satisfechos con la alta convocatoria lograda, lo que \u201cesperamos se refleje en los resultados al finalizar el primer semestre\u201d precis\u00f3.<\/p>\n<p>El objetivo final de la realizaci\u00f3n de este proceso es evitar la deserci\u00f3n temprana de los nuevos estudiantes, de tal manera que el tr\u00e1nsito desde la ense\u00f1anza media a la educaci\u00f3n superior sea exitoso. Lo anterior se fundamenta en la experiencia de los estudiantes que ingresan a la universidad y provienen de realidades educacionales muy diferentes, por ello, inician los estudios superiores con niveles de conocimientos matem\u00e1ticos muy variados.<\/p>\n<p>La participaci\u00f3n en las sesiones de nivelaci\u00f3n es obligatoria y se extender\u00e1 hasta el pr\u00f3ximo viernes 09 de marzo con 2 m\u00f3dulos de clases por d\u00eda.<\/p>\n","protected":false},"excerpt":{"rendered":"<p>El objetivo final de la realizaci\u00f3n de este proceso es evitar la deserci\u00f3n temprana de los nuevos estudiantes, de tal manera que el tr\u00e1nsito desde la ense\u00f1anza media a la educaci\u00f3n superior sea exitoso. Escrito por Prensa FCI. M\u00e1s de 400 alumnos que ingresar\u00e1n a primer a\u00f1o a las carreras de la Facultad de Ciencias [&hellip;]<\/p>\n","protected":false},"author":2,"featured_media":9527,"comment_status":"closed","ping_status":"closed","sticky":false,"template":"","format":"standard","meta":{"footnotes":""},"categories":[906],"tags":[744,37,555,459,110,745,294],"class_list":["post-9526","post","type-post","status-publish","format-standard","has-post-thumbnail","hentry","category-pregrado","tag-744","tag-estudiantes","tag-estudios","tag-facultad-de-ciencias-de-la-ingenieria","tag-ingenieria","tag-nivelacion","tag-nuevos"],"_links":{"self":[{"href":"https:\/\/www.acusticauach.cl\/index.php?rest_route=\/wp\/v2\/posts\/9526","targetHints":{"allow":["GET"]}}],"collection":[{"href":"https:\/\/www.acusticauach.cl\/index.php?rest_route=\/wp\/v2\/posts"}],"about":[{"href":"https:\/\/www.acusticauach.cl\/index.php?rest_route=\/wp\/v2\/types\/post"}],"author":[{"embeddable":true,"href":"https:\/\/www.acusticauach.cl\/index.php?rest_route=\/wp\/v2\/users\/2"}],"replies":[{"embeddable":true,"href":"https:\/\/www.acusticauach.cl\/index.php?rest_route=%2Fwp%2Fv2%2Fcomments&post=9526"}],"version-history":[{"count":0,"href":"https:\/\/www.acusticauach.cl\/index.php?rest_route=\/wp\/v2\/posts\/9526\/revisions"}],"wp:featuredmedia":[{"embeddable":true,"href":"https:\/\/www.acusticauach.cl\/index.php?rest_route=\/wp\/v2\/media\/9527"}],"wp:attachment":[{"href":"https:\/\/www.acusticauach.cl\/index.php?rest_route=%2Fwp%2Fv2%2Fmedia&parent=9526"}],"wp:term":[{"taxonomy":"category","embeddable":true,"href":"https:\/\/www.acusticauach.cl\/index.php?rest_route=%2Fwp%2Fv2%2Fcategories&post=9526"},{"taxonomy":"post_tag","embeddable":true,"href":"https:\/\/www.acusticauach.cl\/index.php?rest_route=%2Fwp%2Fv2%2Ftags&post=9526"}],"curies":[{"name":"wp","href":"https:\/\/api.w.org\/{rel}","templated":true}]}}