{"id":9453,"date":"2018-01-05T20:06:14","date_gmt":"2018-01-05T23:06:14","guid":{"rendered":"http:\/\/www.acusticauach.cl\/?p=9453"},"modified":"2019-10-27T18:59:40","modified_gmt":"2019-10-27T21:59:40","slug":"nuevos-ingenieros-y-magister-recibieron-su-titulo-en-ceremonia-de-la-facultad-de-ciencias-de-la-ingenieria","status":"publish","type":"post","link":"https:\/\/www.acusticauach.cl\/?p=9453","title":{"rendered":"Nuevos ingenieros y mag\u00edster recibieron su t\u00edtulo en ceremonia de la Facultad de Ciencias de la Ingenier\u00eda"},"content":{"rendered":"<h2><strong>Decano de la Facultad de Ciencias de la Ingenier\u00eda destac\u00f3 este hito que marca las vidas de los nuevos ingenieros y los llam\u00f3 a nunca olvidar a quienes los apoyaron en este camino.<\/strong><\/h2>\n<p>Escrito por: Maritza Uribe Higuera &#8211; Periodista Fc. Ciencias de la Ingenier\u00eda Email: maritzauribehiguera@outlook.com<br \/>\nVer galer\u00eda de fotos en<a href=\"https:\/\/www.flickr.com\/photos\/universidadaustraldechile\/sets\/72157664371381258\" target=\"_blank\" rel=\"noopener noreferrer\">\u00a0https:\/\/www.flickr.com\/photos\/universidadaustraldechile\/sets\/72157664371381258<\/a><\/p>\n<p>Este jueves 4 de enero se realiz\u00f3 la Ceremonia de Titulaci\u00f3n de la Facultad de Ciencias de la Ingenier\u00eda de la Universidad Austral de Chile, donde 123 alumnos egresados recibieron su t\u00edtulo profesional y grado acad\u00e9mico y 14 estudiantes obtuvieron sus diplomas de postgrado en un acto solemne realizado en el Aula Magna de la Casa de Estudios.<\/p>\n<p>La ceremonia fue encabezada por el Rector de la Instituci\u00f3n, Dr. \u00d3scar Galindo y el Decano de la Facultad de Cs. de la Ingenier\u00eda, Dr. Richard Luco entre otras autoridades universitarias, acad\u00e9micos, directores de escuelas y familiares de los titulados.<\/p>\n<p>La actividad se inici\u00f3 con la presentaci\u00f3n del Coro de la Universidad Austral de Chile que interpret\u00f3 el Himno UACh y el Gaudeamus Igitur, dirigidos por el Profesor Hugo Mu\u00f1oz.<\/p>\n<p>Posteriormente, el Decano Richard Luco brind\u00f3 un saludo a los asistentes, destacando la importancia de este d\u00eda que marca un hito en sus vidas, porque es el t\u00e9rmino de la vida universitaria, pero al mismo tiempo el inicio de un nuevo ciclo donde los titulados salen al mundo laboral.<\/p>\n<blockquote><p>La buena noticia es que est\u00e1n aqu\u00ed y eso quiere decir que lo lograron, que lograron superar todas las barreras que se les pusieron y llegaron a este punto que es el nuevo punto de partida y no olviden nunca a quienes los apoyaron en este camino, desde que eran ni\u00f1os\u201d fue el mensaje que el Decano Luco ofreci\u00f3 a los nuevos ingenieros e ingenieras.<\/p><\/blockquote>\n<p>A continuaci\u00f3n, de manos de los directores de escuelas, recibieron sus t\u00edtulos profesionales y grado acad\u00e9mico <strong>8 estudiantes de Ingenieria Civil Ac\u00fastica<\/strong>, 9 egresados de Ingenier\u00eda Civil Electr\u00f3nica; 23 alumnos de Ingenier\u00eda Civil en Inform\u00e1tica; 18 estudiantes de Ingenier\u00eda Civil Mec\u00e1nica; 35 alumnos de Ingenier\u00eda Civil en Obras Civiles; 14 egresados de Ingenier\u00eda en Construcci\u00f3n y 16 alumnos de Ingenier\u00eda Naval.<\/p>\n<p><img decoding=\"async\" class=\"aligncenter size-full wp-image-9458\" src=\"https:\/\/www.acusticauach.cl\/wp-content\/uploads\/2018\/01\/2018_01_04_Titulacion2017_01.jpg\" alt=\"\" width=\"800\" height=\"450\" srcset=\"https:\/\/www.acusticauach.cl\/wp-content\/uploads\/2018\/01\/2018_01_04_Titulacion2017_01.jpg 800w, https:\/\/www.acusticauach.cl\/wp-content\/uploads\/2018\/01\/2018_01_04_Titulacion2017_01-300x169.jpg 300w, https:\/\/www.acusticauach.cl\/wp-content\/uploads\/2018\/01\/2018_01_04_Titulacion2017_01-768x432.jpg 768w, https:\/\/www.acusticauach.cl\/wp-content\/uploads\/2018\/01\/2018_01_04_Titulacion2017_01-700x394.jpg 700w, https:\/\/www.acusticauach.cl\/wp-content\/uploads\/2018\/01\/2018_01_04_Titulacion2017_01-500x281.jpg 500w\" sizes=\"(max-width: 800px) 100vw, 800px\" \/><\/p>\n<p><strong>Los titulados de Ingeniero (a) Civil Ac\u00fastico (a) y que obtienen el grado de\u00a0Licenciado (a) en Ciencias de la Ingenier\u00eda\u00a0son:\u00a0<\/strong><\/p>\n<ol>\n<li>Angelo Andr\u00e9s C\u00e1rdenas Trivi\u00f1o<\/li>\n<li>Felipe David Figueroa G\u00f3mez<\/li>\n<li>Heber Ariel Gajardo Ortiz<\/li>\n<li>Isaac David Gonz\u00e1lez Paulsen<\/li>\n<li>Gimena Patricia Medina P\u00e9rez<\/li>\n<li>Juan Francisco Pineda Toctaquiza<\/li>\n<li>Daniel Antonio Pozo Antonin<\/li>\n<li>Daniel Antonio Rogel Anti\u00f1irre<\/li>\n<\/ol>\n<p>Asimismo, el Director de la Escuela de Graduados, Dr. Enrique Su\u00e1rez, hizo entrega de 2 diplomas a estudiantes del Mag\u00edster en Ingenier\u00eda Mec\u00e1nica y Materiales; <strong>5 alumnos del Mag\u00edster en Ac\u00fastica y Vibraciones<\/strong> y 7 estudiantes de Diplomado en Eficiencia Energ\u00e9tica y Calidad Ambiental en la Construcci\u00f3n.<\/p>\n<p><img decoding=\"async\" class=\"aligncenter size-full wp-image-9459\" src=\"https:\/\/www.acusticauach.cl\/wp-content\/uploads\/2018\/01\/2018_01_04_Titulacion2017_03.jpg\" alt=\"\" width=\"800\" height=\"450\" srcset=\"https:\/\/www.acusticauach.cl\/wp-content\/uploads\/2018\/01\/2018_01_04_Titulacion2017_03.jpg 800w, https:\/\/www.acusticauach.cl\/wp-content\/uploads\/2018\/01\/2018_01_04_Titulacion2017_03-300x169.jpg 300w, https:\/\/www.acusticauach.cl\/wp-content\/uploads\/2018\/01\/2018_01_04_Titulacion2017_03-768x432.jpg 768w, https:\/\/www.acusticauach.cl\/wp-content\/uploads\/2018\/01\/2018_01_04_Titulacion2017_03-700x394.jpg 700w, https:\/\/www.acusticauach.cl\/wp-content\/uploads\/2018\/01\/2018_01_04_Titulacion2017_03-500x281.jpg 500w\" sizes=\"(max-width: 800px) 100vw, 800px\" \/><\/p>\n<p><strong>Los graduados de Mag\u00edster de Ac\u00fastica y Vibraciones son:\u00a0<\/strong><\/p>\n<ol>\n<li><strong>Jos\u00e9 Luis Casta\u00f1o Bernal<\/strong><\/li>\n<li><strong>Felipe David Figueroa G\u00f3mez<\/strong><\/li>\n<li><strong>Isaac David Gonz\u00e1lez Paulsen<\/strong><\/li>\n<li><strong>Francisco Ignacio Mu\u00f1oz D\u00e1vila<\/strong><\/li>\n<li><strong>Carlos Andr\u00e9s Ramos Romero<\/strong><\/li>\n<\/ol>\n<p>En representaci\u00f3n de los titulados la Ingeniera Naval, Pamela Garrido, se dirigi\u00f3 a los presentes recordando su paso por el Campus Miraflores y las diferentes experiencias que contribuyeron a la formaci\u00f3n profesional de cada uno de los j\u00f3venes que recibieron su t\u00edtulo.<\/p>\n<blockquote><p>A trav\u00e9s de los a\u00f1os me qued\u00f3 m\u00e1s claro el valor agregado que representamos como profesionales egresados de esta casa de estudios, y que debemos sentirnos orgullosos de todo lo aprendido, y no me refiero solo de las f\u00f3rmulas y ecuaciones, sino que de c\u00f3mo nos ense\u00f1an a afrontar los problemas laborales y eventualmente resolverlos de una manera l\u00f3gica y pr\u00e1ctica\u201d dijo la alumna titulada.<\/p><\/blockquote>\n<p>Asimismo, Pamela Garrido agradeci\u00f3 a todos los profesores que fueron parte de la formaci\u00f3n del nuevo grupo de ingenieros e ingenieras titulados en esta ceremonia y tambi\u00e9n a las familias de cada uno. \u201cPero toda \u00e9sta carrera no la corrimos solos, llegamos hasta ac\u00e1 gracias al apoyo de nuestra familia, por lo mismo les quiero agradecer a todos y cada uno de ellos por acompa\u00f1arnos durante \u00e9stos a\u00f1os, y en especial durante \u00e9sta jornada que viene a cerrar un ciclo y abrir otro\u201d concluy\u00f3 la profesional.<\/p>\n<p>El acto finaliz\u00f3 con la destacada participaci\u00f3n del Ballet Folcl\u00f3rico de la Universidad Austral de Chile, BAFUACh, dirigido por el Prof. Julio Mari\u00e1ngel, y que present\u00f3 un Cuadro de Danzas de la zona central HUASO.<\/p>\n<h2><strong>Distinciones especiales<\/strong><\/h2>\n<p>Durante la ceremonia y como es tradicional se entregaron distinciones acad\u00e9micas a aquellos titulados que egresaron con el mejor promedio de notas en cada una de las carreras. La\u00a0Distinci\u00f3n acad\u00e9mica de Ingenier\u00eda Civil Ac\u00fastica fue otorgada a Isaac David Gonz\u00e1lez Paulsen<img decoding=\"async\" class=\"aligncenter size-full wp-image-9457\" src=\"https:\/\/www.acusticauach.cl\/wp-content\/uploads\/2018\/01\/2018_01_04_Titulacion2017_06.jpg\" alt=\"\" width=\"800\" height=\"450\" srcset=\"https:\/\/www.acusticauach.cl\/wp-content\/uploads\/2018\/01\/2018_01_04_Titulacion2017_06.jpg 800w, https:\/\/www.acusticauach.cl\/wp-content\/uploads\/2018\/01\/2018_01_04_Titulacion2017_06-300x169.jpg 300w, https:\/\/www.acusticauach.cl\/wp-content\/uploads\/2018\/01\/2018_01_04_Titulacion2017_06-768x432.jpg 768w, https:\/\/www.acusticauach.cl\/wp-content\/uploads\/2018\/01\/2018_01_04_Titulacion2017_06-700x394.jpg 700w, https:\/\/www.acusticauach.cl\/wp-content\/uploads\/2018\/01\/2018_01_04_Titulacion2017_06-500x281.jpg 500w\" sizes=\"(max-width: 800px) 100vw, 800px\" \/><\/p>\n<p>&nbsp;<\/p>\n<p>La Distinci\u00f3n acad\u00e9mica del Mag\u00edster en Ac\u00fastica y Vibraciones fue otorgada a Francisco Ignacio Mu\u00f1oz D\u00e1vila<\/p>\n<p><img decoding=\"async\" class=\"aligncenter size-full wp-image-9460\" src=\"https:\/\/www.acusticauach.cl\/wp-content\/uploads\/2018\/01\/2018_01_04_Titulacion2017_02.jpg\" alt=\"\" width=\"800\" height=\"450\" srcset=\"https:\/\/www.acusticauach.cl\/wp-content\/uploads\/2018\/01\/2018_01_04_Titulacion2017_02.jpg 800w, https:\/\/www.acusticauach.cl\/wp-content\/uploads\/2018\/01\/2018_01_04_Titulacion2017_02-300x169.jpg 300w, https:\/\/www.acusticauach.cl\/wp-content\/uploads\/2018\/01\/2018_01_04_Titulacion2017_02-768x432.jpg 768w, https:\/\/www.acusticauach.cl\/wp-content\/uploads\/2018\/01\/2018_01_04_Titulacion2017_02-700x394.jpg 700w, https:\/\/www.acusticauach.cl\/wp-content\/uploads\/2018\/01\/2018_01_04_Titulacion2017_02-500x281.jpg 500w\" sizes=\"(max-width: 800px) 100vw, 800px\" \/><\/p>\n<p>Distinci\u00f3n Social, reconocimiento que se entreg\u00f3 por parte del Prodecano de la Facultad de Ciencias de la Ingenier\u00eda Dr. Jorge Maturana y el Presidente de la Junta de Vecinos de Puerto Fuy \u00d3scar Hern\u00e1ndez a aquellos titulados que durante su vida universitaria participaron de un voluntariado que permiti\u00f3 la regularizaci\u00f3n de viviendas de la comunidad de Puerto Fuy.<\/p>\n<p>Los alumnos distinguidos fueron: Margarita Andrea G\u00f3mez Collao, titulada de Ingenier\u00eda Civil Mec\u00e1nica; Constanza Loreto Berr\u00edos Oyarzo, titulada de Ingenieria Civil en Obras Civiles; Catalina Francisca Soto Sandoval, titulada de Ingenier\u00eda Civil en Obras Civiles y Armin Felipe Molina Gatica, titulado de Ingenier\u00eda Civil en Obras Civiles.<\/p>\n<p>El Centro de Deportes y Recreaci\u00f3n UACh, otorg\u00f3 una distinci\u00f3n especial al alumno Armin Felipe Molina Gatica, titulado de Ingenier\u00eda Civil en Obras Civiles por su destacada participaci\u00f3n como Seleccionado de F\u00fatbol representando a la UACh desde el a\u00f1o 2013 en diversos campeonatos universitarios a nivel local, regional y nacional.<\/p>\n<p>Por su parte, la Oficina de Relaciones P\u00fablicas representada por su Director, Luis S\u00e1nchez S\u00e1nchez, hizo entrega de un reconocimiento a aquellos titulados que durante su vida universitaria colaboraron en materia de actividades de Difusi\u00f3n y Promoci\u00f3n de la Universidad, Facultad y Escuelas en distintas Ferias a nivel Regional y Nacional. Recibieron la distinci\u00f3n Yasna Andrea Barrientos Mart\u00ednez, titulada de la carrera de Ingenier\u00eda Civil en Inform\u00e1tica; Claudio Andr\u00e9s Bravo Gallardo, titulado de la carrera de Ingenier\u00eda Civil Mec\u00e1nica; Marco Eduardo Caniu\u00f1ir Mart\u00ednez, titulado de la carrera de Ingenier\u00eda Naval; Mar\u00eda Antonieta G\u00f3mez Delgado, titulada de la carrera de Ingenier\u00eda en Construcci\u00f3n; Michel Kevin Hunter Mena, titulado de la Carrera de Ingenier\u00eda Civil Mec\u00e1nica.<\/p>\n<p>Finalmente, el Colegio de Ingenieros Ac\u00fasticos, a trav\u00e9s de su Presidente Antonio Marzzano, entreg\u00f3 un reconocimiento a aquellos estudiantes que se destacaron por su desempe\u00f1o acad\u00e9mico, motivaci\u00f3n e inter\u00e9s por aportar al desarrollo y posicionamiento de la profesi\u00f3n en Chile. Los alumnos premiados fueron: Isaac David Gonz\u00e1lez Paulsen y Juan Francisco Pineda Toctaquiza, titulados de la Carrera de Ingenieria Civil Ac\u00fastica.<\/p>\n<p><img decoding=\"async\" class=\"aligncenter size-full wp-image-9456\" src=\"https:\/\/www.acusticauach.cl\/wp-content\/uploads\/2018\/01\/2018_01_04_Titulacion2017_04.jpg\" alt=\"\" width=\"800\" height=\"450\" srcset=\"https:\/\/www.acusticauach.cl\/wp-content\/uploads\/2018\/01\/2018_01_04_Titulacion2017_04.jpg 800w, https:\/\/www.acusticauach.cl\/wp-content\/uploads\/2018\/01\/2018_01_04_Titulacion2017_04-300x169.jpg 300w, https:\/\/www.acusticauach.cl\/wp-content\/uploads\/2018\/01\/2018_01_04_Titulacion2017_04-768x432.jpg 768w, https:\/\/www.acusticauach.cl\/wp-content\/uploads\/2018\/01\/2018_01_04_Titulacion2017_04-700x394.jpg 700w, https:\/\/www.acusticauach.cl\/wp-content\/uploads\/2018\/01\/2018_01_04_Titulacion2017_04-500x281.jpg 500w\" sizes=\"(max-width: 800px) 100vw, 800px\" \/><\/p>\n<p><a href=\"https:\/\/www.flickr.com\/photos\/acusticauach\/albumhttps:\/\/www.flickr.com\/photos\/acusticauach\/albums\/72157662333875357s\/72157662333875357\" target=\"_blank\" rel=\"noopener noreferrer\">Ver la galer\u00eda en Flickr<\/a><\/p>\n<p><a data-flickr-embed=\"true\" href=\"https:\/\/www.flickr.com\/photos\/acusticauach\/albums\/72157662333875357\" title=\"Ceremonia de Titulaci\u00f3n 2017 by Acustica UACh, on Flickr\"><img decoding=\"async\" src=\"https:\/\/live.staticflickr.com\/4732\/38628834015_560b667b8c_b.jpg\" width=\"1024\" height=\"685\" alt=\"Ceremonia Titulaci\u00f3n 2017\"><\/a><script async src=\"https:\/\/embedr.flickr.com\/assets\/client-code.js\" charset=\"utf-8\"><\/script><\/p>\n","protected":false},"excerpt":{"rendered":"<p>Decano de la Facultad de Ciencias de la Ingenier\u00eda destac\u00f3 este hito que marca las vidas de los nuevos ingenieros y los llam\u00f3 a nunca olvidar a quienes los apoyaron en este camino. Escrito por: Maritza Uribe Higuera &#8211; Periodista Fc. Ciencias de la Ingenier\u00eda Email: maritzauribehiguera@outlook.com Ver galer\u00eda de fotos en\u00a0https:\/\/www.flickr.com\/photos\/universidadaustraldechile\/sets\/72157664371381258 Este jueves 4 [&hellip;]<\/p>\n","protected":false},"author":2,"featured_media":9461,"comment_status":"closed","ping_status":"closed","sticky":false,"template":"","format":"standard","meta":{"footnotes":""},"categories":[906,907],"tags":[545,228,608,37,372,153,629,535,227],"class_list":["post-9453","post","type-post","status-publish","format-standard","has-post-thumbnail","hentry","category-pregrado","category-postgrado","tag-545","tag-ceremonia","tag-estudiante","tag-estudiantes","tag-fci","tag-magister","tag-magister-vibraciones","tag-titulacion","tag-titulados"],"_links":{"self":[{"href":"https:\/\/www.acusticauach.cl\/index.php?rest_route=\/wp\/v2\/posts\/9453","targetHints":{"allow":["GET"]}}],"collection":[{"href":"https:\/\/www.acusticauach.cl\/index.php?rest_route=\/wp\/v2\/posts"}],"about":[{"href":"https:\/\/www.acusticauach.cl\/index.php?rest_route=\/wp\/v2\/types\/post"}],"author":[{"embeddable":true,"href":"https:\/\/www.acusticauach.cl\/index.php?rest_route=\/wp\/v2\/users\/2"}],"replies":[{"embeddable":true,"href":"https:\/\/www.acusticauach.cl\/index.php?rest_route=%2Fwp%2Fv2%2Fcomments&post=9453"}],"version-history":[{"count":0,"href":"https:\/\/www.acusticauach.cl\/index.php?rest_route=\/wp\/v2\/posts\/9453\/revisions"}],"wp:featuredmedia":[{"embeddable":true,"href":"https:\/\/www.acusticauach.cl\/index.php?rest_route=\/wp\/v2\/media\/9461"}],"wp:attachment":[{"href":"https:\/\/www.acusticauach.cl\/index.php?rest_route=%2Fwp%2Fv2%2Fmedia&parent=9453"}],"wp:term":[{"taxonomy":"category","embeddable":true,"href":"https:\/\/www.acusticauach.cl\/index.php?rest_route=%2Fwp%2Fv2%2Fcategories&post=9453"},{"taxonomy":"post_tag","embeddable":true,"href":"https:\/\/www.acusticauach.cl\/index.php?rest_route=%2Fwp%2Fv2%2Ftags&post=9453"}],"curies":[{"name":"wp","href":"https:\/\/api.w.org\/{rel}","templated":true}]}}