{"id":9357,"date":"2017-12-06T17:00:07","date_gmt":"2017-12-06T20:00:07","guid":{"rendered":"http:\/\/www.acusticauach.cl\/?p=9357"},"modified":"2019-10-27T19:00:25","modified_gmt":"2019-10-27T22:00:25","slug":"50-anos-de-la-carrera-con-exito-se-desarrollo-la-semana-aniversario-de-acustica-uach","status":"publish","type":"post","link":"https:\/\/www.acusticauach.cl\/?p=9357","title":{"rendered":"50 a\u00f1os de la carrera: Con \u00e9xito se desarroll\u00f3 la semana aniversario de Ac\u00fastica UACh"},"content":{"rendered":"<h2><strong>Una positiva evaluaci\u00f3n de la semana aniversario de la Escuela de Ingenier\u00eda Civil Ac\u00fastica realizaron acad\u00e9micos y estudiantes que participaron de las distintas comisiones a cargo de las actividades realizadas entre el 21 y el 25 de noviembre pasado.<\/strong><\/h2>\n<p>Por Prensa FCI<\/p>\n<p>La semana aniversario N\u00ba 50 de Ingenier\u00eda Civil Ac\u00fastica UACh se inici\u00f3 con la realizaci\u00f3n del XVII Seminario de Ruido Ambiental, organizado conjuntamente con el Ministerio del Medio Ambiente, la Sociedad Chilena de Ac\u00fastica y el Congreso INGEACUS.<\/p>\n<p>A partir del mi\u00e9rcoles 22 y hasta el viernes 24 de noviembre se llev\u00f3 a cabo la novena versi\u00f3n del Congreso Internacional de Ac\u00fastica y Audio Profesional INGEACUS, el que se ha convertido en una tradici\u00f3n que naci\u00f3 hace 25 a\u00f1os con el fin generar espacios de contacto entre pares del \u00e1rea de la ac\u00fastica, audio profesional, control de ruidos y vibraciones entre otras.<\/p>\n<p>El s\u00e1bado 25 de noviembre la celebraci\u00f3n finaliz\u00f3 con el Tercer Encuentro SonoAc\u00fastico y la versi\u00f3n n\u00famero 30 del Festival Yankeelandia.<\/p>\n<p>Para el Director de la Escuela de Ingenier\u00eda Civil Ac\u00fastica, Dr. Jos\u00e9 Luis Barros, la evaluaci\u00f3n general es muy positiva, fue una semana de mucha actividad con presencia de un importante n\u00famero de ex-alumnos y profesores. \u201cLas diferentes actividades cumplieron totalmente con sus expectativas. Las diferentes comisiones realizaron un gran trabajo y pueden estar orgullosas del resultado\u201d dijo.<\/p>\n<p>Respecto de la organizaci\u00f3n del INGEACUS, el Dr. Barros resalt\u00f3 el trabajo de la comisi\u00f3n de estudiantes que organizaron el evento, encabezados por la alumna Alexandra Astudillo. \u201cCreo que la comisi\u00f3n de estudiantes que organiz\u00f3 el INGEACUS 2017 hizo un gran trabajo. Todo sali\u00f3 muy bien, los participantes expresaron su satisfacci\u00f3n por el gran nivel de organizaci\u00f3n\u201d expres\u00f3.<\/p>\n<p>Alexandra Astudillo, por su parte, dijo estar muy satisfecha de los logros alcanzados. \u201cNuestro objetivo era reunir a compa\u00f1eros y profesionales egresados, y llegaron m\u00e1s de 150 asistentes. Tambi\u00e9n nos propusimos que esta versi\u00f3n fuera interdisciplinaria, y se logr\u00f3 ya que los temas fueron amplios, abarcaron diversas \u00e1reas de la ac\u00fastica, y adem\u00e1s se establecieron nexos con empresas que ofrecen pr\u00e1cticas profesionales\u201d indic\u00f3.<\/p>\n<p><img decoding=\"async\" class=\"aligncenter size-full wp-image-9362\" src=\"https:\/\/www.acusticauach.cl\/wp-content\/uploads\/2017\/12\/INGEACUS_02.jpg\" alt=\"\" width=\"1600\" height=\"900\" srcset=\"https:\/\/www.acusticauach.cl\/wp-content\/uploads\/2017\/12\/INGEACUS_02.jpg 1600w, https:\/\/www.acusticauach.cl\/wp-content\/uploads\/2017\/12\/INGEACUS_02-300x169.jpg 300w, https:\/\/www.acusticauach.cl\/wp-content\/uploads\/2017\/12\/INGEACUS_02-768x432.jpg 768w, https:\/\/www.acusticauach.cl\/wp-content\/uploads\/2017\/12\/INGEACUS_02-1024x576.jpg 1024w, https:\/\/www.acusticauach.cl\/wp-content\/uploads\/2017\/12\/INGEACUS_02-700x394.jpg 700w, https:\/\/www.acusticauach.cl\/wp-content\/uploads\/2017\/12\/INGEACUS_02-500x281.jpg 500w\" sizes=\"(max-width: 1600px) 100vw, 1600px\" \/><\/p>\n<p>Para la alumna coordinadora de la organizaci\u00f3n, fue un desaf\u00edo la preparaci\u00f3n del evento, ya que hubo integrantes de todos los cursos de la carrera, pero al mismo tiempo una oportunidad de poder continuar en el tiempo desarrollando este congreso. Al respecto, se\u00f1al\u00f3: \u201cesperamos una nueva versi\u00f3n para el 2020 ya que hay harta motivaci\u00f3n y no queremos que se pierda esta tradici\u00f3n\u201d. A\u00f1adi\u00f3 que si bien no fue f\u00e1cil la coordinaci\u00f3n entre los miembros de la organizaci\u00f3n tuvieron el respaldo del Profesor Enrique Su\u00e1rez y del Presidente del Colegio de Ingenieros Ac\u00fasticos, Antonio Marzzano a quienes agradeci\u00f3 su apoyo.<\/p>\n<p>Respecto del Tercer Encuentro Sonoac\u00fastico, esta versi\u00f3n ten\u00eda un significado especial ya que se organiz\u00f3 en el contexto de los 50 a\u00f1os de historia de una carrera que se ha posicionado a nivel nacional e internacional y que ha ido transform\u00e1ndose en el tiempo.<\/p>\n<p>\u201cLa jornada tuvo una alta convocatoria y participaron m\u00e1s de un centenar de personas entre autoridades universitarias, ex alumnos, alumnos, profesores, ex profesores, funcionarios y amigos de la especialidad de sonido y ac\u00fastica de nuestra Facultad\u201d dijo el Dr. Enrique Su\u00e1rez, acad\u00e9mico coordinador de la actividad, quien adem\u00e1s explic\u00f3 que el encuentro cont\u00f3 con el importante apoyo de la Unidad de Vinculaci\u00f3n con Egresados UACh, y tambi\u00e9n con el respaldo de la Rector\u00eda y el Decanato de la Facultad de Ciencias de la Ingenier\u00eda, \u00absin cuyo soporte no se podr\u00eda haber realizado el evento\u201d.<\/p>\n<p><img decoding=\"async\" class=\"aligncenter size-full wp-image-9361\" src=\"https:\/\/www.acusticauach.cl\/wp-content\/uploads\/2017\/12\/sonoacustico_01.jpg\" alt=\"\" width=\"1600\" height=\"900\" srcset=\"https:\/\/www.acusticauach.cl\/wp-content\/uploads\/2017\/12\/sonoacustico_01.jpg 1600w, https:\/\/www.acusticauach.cl\/wp-content\/uploads\/2017\/12\/sonoacustico_01-300x169.jpg 300w, https:\/\/www.acusticauach.cl\/wp-content\/uploads\/2017\/12\/sonoacustico_01-768x432.jpg 768w, https:\/\/www.acusticauach.cl\/wp-content\/uploads\/2017\/12\/sonoacustico_01-1024x576.jpg 1024w, https:\/\/www.acusticauach.cl\/wp-content\/uploads\/2017\/12\/sonoacustico_01-700x394.jpg 700w, https:\/\/www.acusticauach.cl\/wp-content\/uploads\/2017\/12\/sonoacustico_01-500x281.jpg 500w\" sizes=\"(max-width: 1600px) 100vw, 1600px\" \/><\/p>\n<p>El momento m\u00e1s emotivo del encuentro se vivi\u00f3 durante el saludo de bienvenida a Sigfried Erber, fundador de la carrera y compositor del himno de la Universidad Austral de Chile quien recibi\u00f3 un aplauso general de los asistentes. \u201cEse fue el inicio de una ceremonia plena de sentidos testimonios de ex profesores y ex alumnos que recorrieron pasajes de nuestra historia. La ceremonia se coron\u00f3 con la proyecci\u00f3n de videos con saludos de exalumnos desde el extranjero, y la notable participaci\u00f3n de una banda de blues integrada por el profesor Jorge Sommerhoff y Jorge C\u00e1rdenas, y los estudiantes de Ing. Civil Ac\u00fastica Fernando Salinas, Luis Sep\u00falveda y Basti\u00e1n Mart\u00ednez\u201d resalt\u00f3 el Dr. Su\u00e1rez.<\/p>\n<p>Durante el encuentro se entregaron reconocimientos a funcionarias y ex profesoras de la Escuela de Ingenier\u00eda Civil Ac\u00fastica. Las homenajeadas fueron las ex profesoras de matem\u00e1ticas Mar\u00eda Elena San Mart\u00edn y Rosa Eugenia Trumper Margulis, y las ex profesoras de f\u00edsica Charlotte Lovengreen Van Der Meijden y Paulina Schuller Liewald. Adem\u00e1s, se reconoci\u00f3 la labor desarrolladas por la Carolina Pontigo Ardiles, secretaria del Instituto de Ac\u00fastica e Hilda Negr\u00f3n Vera, secretaria de la Escuela de Ingenier\u00eda Civil Ac\u00fastica.<\/p>\n<p>La semana aniversario finaliz\u00f3 con la versi\u00f3n n\u00famero 30 del Festival Yankeelandia, un evento tradicional y que reuni\u00f3 a diversas generaciones en torno a la m\u00fasica. En esta oportunidad participaron Nacho Forttes, Malicia, Ensalada Jet, La Pesc\u00e1 y Alaxcy C\u00e1rdenas.<\/p>\n<p><img decoding=\"async\" class=\"aligncenter size-full wp-image-9363\" src=\"https:\/\/www.acusticauach.cl\/wp-content\/uploads\/2017\/12\/yankeelandia_01.jpg\" alt=\"\" width=\"1000\" height=\"563\" srcset=\"https:\/\/www.acusticauach.cl\/wp-content\/uploads\/2017\/12\/yankeelandia_01.jpg 1000w, https:\/\/www.acusticauach.cl\/wp-content\/uploads\/2017\/12\/yankeelandia_01-300x169.jpg 300w, https:\/\/www.acusticauach.cl\/wp-content\/uploads\/2017\/12\/yankeelandia_01-768x432.jpg 768w, https:\/\/www.acusticauach.cl\/wp-content\/uploads\/2017\/12\/yankeelandia_01-700x394.jpg 700w, https:\/\/www.acusticauach.cl\/wp-content\/uploads\/2017\/12\/yankeelandia_01-500x282.jpg 500w\" sizes=\"(max-width: 1000px) 100vw, 1000px\" \/><\/p>\n<p>Registro y m\u00e1s informaci\u00f3n sobre estas actividades:<\/p>\n<p><strong>SEMINARIO DE ACUSTICA AMABIENTAL: <a href=\"https:\/\/www.acusticauach.cl\/?p=9299\">https:\/\/www.acusticauach.cl\/?p=9299<\/a><\/strong><\/p>\n<p><a data-flickr-embed=\"true\" href=\"https:\/\/www.flickr.com\/photos\/acusticauach\/albums\/72157663200246078\" title=\"XVII Seminario Ruido Ambiental MMA - SOCHA 2017 by Acustica UACh, on Flickr\"><img decoding=\"async\" src=\"https:\/\/live.staticflickr.com\/4535\/26989766769_8088a6fe60_b.jpg\" width=\"960\" height=\"540\" alt=\"XVII Seminario Ruido Ambiental MMA - SOCHA\"><\/a><script async src=\"https:\/\/embedr.flickr.com\/assets\/client-code.js\" charset=\"utf-8\"><\/script><\/p>\n<p><strong>INGEACUS: <a href=\"http:\/\/www.ingeacus.cl\" target=\"_blank\" rel=\"noopener noreferrer\">www.ingeacus.cl<\/a> y <a href=\"https:\/\/www.facebook.com\/ingeacusuach\/\" target=\"_blank\" rel=\"noopener noreferrer\">https:\/\/www.facebook.com\/ingeacusuach\/<\/a><\/strong><\/p>\n<p><a data-flickr-embed=\"true\" href=\"https:\/\/www.flickr.com\/photos\/acusticauach\/sets\/72157690878066445\" title=\"INGEACUS 2017 by Acustica UACh, on Flickr\"><img decoding=\"async\" src=\"https:\/\/live.staticflickr.com\/4543\/38956199902_53579ca3b5_b.jpg\" width=\"1002\" height=\"339\" alt=\"INGEACUS 2017\"><\/a><script async src=\"https:\/\/embedr.flickr.com\/assets\/client-code.js\" charset=\"utf-8\"><\/script><\/p>\n<p><strong>ENCUENTRO SONOAC\u00daSTICO: <a href=\"https:\/\/www.acusticauach.cl\/?p=9318\">https:\/\/www.acusticauach.cl\/?p=9318<\/a><\/strong><\/p>\n<p><a data-flickr-embed=\"true\" href=\"https:\/\/www.flickr.com\/photos\/acusticauach\/albums\/72157689812816824\" title=\"Ceremonia Encuentro Sonoacustico 2017 -50 a\u00f1os (Fotos Red Egresados) by Acustica UACh, on Flickr\"><img decoding=\"async\" src=\"https:\/\/live.staticflickr.com\/4517\/24878434098_df2935b174_b.jpg\" width=\"1024\" height=\"683\" alt=\"2017_11_25_Ceremonia_Sonoacustico_028\"><\/a><script async src=\"https:\/\/embedr.flickr.com\/assets\/client-code.js\" charset=\"utf-8\"><\/script><\/p>\n<p><a data-flickr-embed=\"true\" href=\"https:\/\/www.flickr.com\/photos\/acusticauach\/albums\/72157689815508024\" title=\"Almuerzo Sonoacustico 2017 (50 a\u00f1os) (Fotos de Participantes) by Acustica UACh, on Flickr\"><img decoding=\"async\" src=\"https:\/\/live.staticflickr.com\/4522\/25000743508_eeff70f479_b.jpg\" width=\"1024\" height=\"576\" alt=\"Almuerzo_Sonoacustico_2017\"><\/a><script async src=\"https:\/\/embedr.flickr.com\/assets\/client-code.js\" charset=\"utf-8\"><\/script><\/p>\n<p><strong>YANKEELANDIA: <a href=\"https:\/\/www.facebook.com\/YankeelandiaFestivalValdivia\/\" target=\"_blank\" rel=\"noopener noreferrer\">https:\/\/www.facebook.com\/YankeelandiaFestivalValdivia\/<\/a><\/strong><\/p>\n<p><a data-flickr-embed=\"true\" href=\"https:\/\/www.flickr.com\/photos\/acusticauach\/albums\/72157690226638194\" title=\"Yankeelandia 2017 by Acustica UACh, on Flickr\"><img decoding=\"async\" src=\"https:\/\/live.staticflickr.com\/4732\/38104538765_d6894ff962_z.jpg\" width=\"640\" height=\"640\" alt=\"Yankeelandia 2017\"><\/a><script async src=\"https:\/\/embedr.flickr.com\/assets\/client-code.js\" charset=\"utf-8\"><\/script><\/p>\n<h2><strong>[arrow] Todas las fotos en <a href=\"https:\/\/www.flickr.com\/photos\/acusticauach\/collections\/72157690676354275\/\" target=\"_blank\" rel=\"noopener noreferrer\">https:\/\/www.flickr.com\/photos\/acusticauach\/collections\/72157690676354275\/<\/a>\u00a0[\/arrow]<\/strong><\/h2>\n<p>&nbsp;<\/p>\n","protected":false},"excerpt":{"rendered":"<p>Una positiva evaluaci\u00f3n de la semana aniversario de la Escuela de Ingenier\u00eda Civil Ac\u00fastica realizaron acad\u00e9micos y estudiantes que participaron de las distintas comisiones a cargo de las actividades realizadas entre el 21 y el 25 de noviembre pasado. Por Prensa FCI La semana aniversario N\u00ba 50 de Ingenier\u00eda Civil Ac\u00fastica UACh se inici\u00f3 con [&hellip;]<\/p>\n","protected":false},"author":2,"featured_media":9359,"comment_status":"closed","ping_status":"closed","sticky":false,"template":"","format":"standard","meta":{"footnotes":""},"categories":[909],"tags":[723,274,264,740,58,123,24,34,471,20,256,42,454,73,284],"class_list":["post-9357","post","type-post","status-publish","format-standard","has-post-thumbnail","hentry","category-vinculacion","tag-50-anos","tag-acusticauach","tag-aniversario","tag-astudillo","tag-barros","tag-festival","tag-ingeacus","tag-ministerio","tag-mma","tag-seminario","tag-siegfried","tag-socha","tag-sonoacustico","tag-suarez","tag-yankeelandia"],"_links":{"self":[{"href":"https:\/\/www.acusticauach.cl\/index.php?rest_route=\/wp\/v2\/posts\/9357","targetHints":{"allow":["GET"]}}],"collection":[{"href":"https:\/\/www.acusticauach.cl\/index.php?rest_route=\/wp\/v2\/posts"}],"about":[{"href":"https:\/\/www.acusticauach.cl\/index.php?rest_route=\/wp\/v2\/types\/post"}],"author":[{"embeddable":true,"href":"https:\/\/www.acusticauach.cl\/index.php?rest_route=\/wp\/v2\/users\/2"}],"replies":[{"embeddable":true,"href":"https:\/\/www.acusticauach.cl\/index.php?rest_route=%2Fwp%2Fv2%2Fcomments&post=9357"}],"version-history":[{"count":0,"href":"https:\/\/www.acusticauach.cl\/index.php?rest_route=\/wp\/v2\/posts\/9357\/revisions"}],"wp:featuredmedia":[{"embeddable":true,"href":"https:\/\/www.acusticauach.cl\/index.php?rest_route=\/wp\/v2\/media\/9359"}],"wp:attachment":[{"href":"https:\/\/www.acusticauach.cl\/index.php?rest_route=%2Fwp%2Fv2%2Fmedia&parent=9357"}],"wp:term":[{"taxonomy":"category","embeddable":true,"href":"https:\/\/www.acusticauach.cl\/index.php?rest_route=%2Fwp%2Fv2%2Fcategories&post=9357"},{"taxonomy":"post_tag","embeddable":true,"href":"https:\/\/www.acusticauach.cl\/index.php?rest_route=%2Fwp%2Fv2%2Ftags&post=9357"}],"curies":[{"name":"wp","href":"https:\/\/api.w.org\/{rel}","templated":true}]}}