{"id":9306,"date":"2017-11-24T14:37:43","date_gmt":"2017-11-24T17:37:43","guid":{"rendered":"http:\/\/www.acusticauach.cl\/?p=9306"},"modified":"2023-10-30T03:21:04","modified_gmt":"2023-10-30T06:21:04","slug":"inaguracion-del-ingeacus-2017-un-espacio-de-dialogo-y-reflexion-para-los-profesionales-del-audio","status":"publish","type":"post","link":"https:\/\/www.acusticauach.cl\/?p=9306","title":{"rendered":"Inaguraci\u00f3n del INGEACUS 2017: un espacio de di\u00e1logo y reflexi\u00f3n para los profesionales de la ac\u00fastica y el audio"},"content":{"rendered":"<h3><\/h3>\n<h2><strong>Este 22 de noviembre se realiz\u00f3 en el Aula Magna del Campus Isla Teja la ceremonia inaugural de este importante y reconocido encuentro nacional e internacional que cumple 25 a\u00f1os de historia, en el el marco de 50 a\u00f1os de Ingenier\u00eda Civil Ac\u00fastica.<\/strong><\/h2>\n<p>Escrito por: Maximiliano Valenzuela Vel\u00e1squez &#8211; Periodista Relaciones P\u00fablicas UACh Email: maximiliano.valenzuela@uach.cl<\/p>\n<p>Fotos: H\u00e9ctor Andrade &#8211; Fot\u00f3grafo Relaciones P\u00fablicas UACh Email: handrade@uach.cl<\/p>\n<p>Publicada el: 22-11-2017<\/p>\n<p>Durante toda esta semana, la carrera de Ingenier\u00eda Civil Ac\u00fastica se encuentra conmemorando su aniversario N\u00b0 50, con diversas actividades, entre ellas conciertos, seminarios, conferencias y una nueva edici\u00f3n del Congreso Internacional de Ac\u00fastica y Audio Profesional, INGEACUS 2017.<\/p>\n<p>En la ceremonia de inicio de esta actividad, realizada el mi\u00e9rcoles 22 de noviembre, en el Aula Magna del Campus Isla Teja se hicieron presente el Rector de la UACh, Dr. \u00d3scar Galindo, el Vicerrector Acad\u00e9mico, Dr. N\u00e9stor Tadich, el Decano de la Facultad de Ciencias de la Ingenier\u00eda, Dr. Richard Luco, el Director de la Escuela de Ingenier\u00eda Civil Ac\u00fastica, Dr. Jos\u00e9 Luis Barros, acad\u00e9micos, estudiantes, profesionales e invitados especiales.<\/p>\n<p><a href=\"https:\/\/www.acusticauach.cl\/wp-content\/uploads\/2017\/11\/2017_11_22_Inaguracion_Ingeacus_04.jpg\"><img decoding=\"async\" class=\"aligncenter size-full wp-image-9310\" src=\"https:\/\/www.acusticauach.cl\/wp-content\/uploads\/2017\/11\/2017_11_22_Inaguracion_Ingeacus_04.jpg\" alt=\"\" width=\"1300\" height=\"731\" srcset=\"https:\/\/www.acusticauach.cl\/wp-content\/uploads\/2017\/11\/2017_11_22_Inaguracion_Ingeacus_04.jpg 1300w, https:\/\/www.acusticauach.cl\/wp-content\/uploads\/2017\/11\/2017_11_22_Inaguracion_Ingeacus_04-300x169.jpg 300w, https:\/\/www.acusticauach.cl\/wp-content\/uploads\/2017\/11\/2017_11_22_Inaguracion_Ingeacus_04-768x432.jpg 768w, https:\/\/www.acusticauach.cl\/wp-content\/uploads\/2017\/11\/2017_11_22_Inaguracion_Ingeacus_04-1024x576.jpg 1024w, https:\/\/www.acusticauach.cl\/wp-content\/uploads\/2017\/11\/2017_11_22_Inaguracion_Ingeacus_04-700x394.jpg 700w, https:\/\/www.acusticauach.cl\/wp-content\/uploads\/2017\/11\/2017_11_22_Inaguracion_Ingeacus_04-500x281.jpg 500w\" sizes=\"(max-width: 1300px) 100vw, 1300px\" \/><\/a><\/p>\n<p>En la ocasi\u00f3n, Decano de la Facultad de Ciencias de la Ingenier\u00eda, Dr. Richard Luco, indic\u00f3 que \u201cesta actividad es muy relevante por lo que conlleva su realizaci\u00f3n, estudiantes que han desarrollado un tremendo esfuerzo por realizar este evento, consiguiendo el apoyo de muchas instituciones, acad\u00e9micos y empresas, eso no enorgullece, considerando que el INGEACUS cumple 25 a\u00f1os, reuniendo a egresados y profesionales del \u00e1rea ac\u00fastica de renombre, a nivel nacional e internacional\u00bb.<\/p>\n<p><a href=\"https:\/\/www.acusticauach.cl\/wp-content\/uploads\/2017\/11\/2017_11_22_Inaguracion_Ingeacus_07.jpg\"><img decoding=\"async\" class=\"aligncenter size-full wp-image-9311\" src=\"https:\/\/www.acusticauach.cl\/wp-content\/uploads\/2017\/11\/2017_11_22_Inaguracion_Ingeacus_07.jpg\" alt=\"\" width=\"1276\" height=\"718\" srcset=\"https:\/\/www.acusticauach.cl\/wp-content\/uploads\/2017\/11\/2017_11_22_Inaguracion_Ingeacus_07.jpg 1276w, https:\/\/www.acusticauach.cl\/wp-content\/uploads\/2017\/11\/2017_11_22_Inaguracion_Ingeacus_07-300x169.jpg 300w, https:\/\/www.acusticauach.cl\/wp-content\/uploads\/2017\/11\/2017_11_22_Inaguracion_Ingeacus_07-768x432.jpg 768w, https:\/\/www.acusticauach.cl\/wp-content\/uploads\/2017\/11\/2017_11_22_Inaguracion_Ingeacus_07-1024x576.jpg 1024w, https:\/\/www.acusticauach.cl\/wp-content\/uploads\/2017\/11\/2017_11_22_Inaguracion_Ingeacus_07-700x394.jpg 700w, https:\/\/www.acusticauach.cl\/wp-content\/uploads\/2017\/11\/2017_11_22_Inaguracion_Ingeacus_07-500x281.jpg 500w\" sizes=\"(max-width: 1276px) 100vw, 1276px\" \/><\/a><\/p>\n<p>Por su parte, el Dr. Jos\u00e9 Luis Barros agrega que \u201cen estos 50 a\u00f1os como carrera, hemos realizado un tremendo trabajo de consolidarnos como un referente en materia de la ac\u00fastica, aportando a mejorar la calidad de vida de muchas personas por esta \u00e1rea, que muchas veces no le damos la relevancia que se merece. Felicitar el esfuerzo y dedicaci\u00f3n de los estudiantes, porque son ellos que dan visa a este reconocido encuentro internacional\u201d.<\/p>\n<p><a href=\"https:\/\/www.acusticauach.cl\/wp-content\/uploads\/2017\/11\/2017_11_22_Inaguracion_Ingeacus_06.jpg\"><img decoding=\"async\" class=\"aligncenter size-full wp-image-9312\" src=\"https:\/\/www.acusticauach.cl\/wp-content\/uploads\/2017\/11\/2017_11_22_Inaguracion_Ingeacus_06.jpg\" alt=\"\" width=\"1300\" height=\"731\" srcset=\"https:\/\/www.acusticauach.cl\/wp-content\/uploads\/2017\/11\/2017_11_22_Inaguracion_Ingeacus_06.jpg 1300w, https:\/\/www.acusticauach.cl\/wp-content\/uploads\/2017\/11\/2017_11_22_Inaguracion_Ingeacus_06-300x169.jpg 300w, https:\/\/www.acusticauach.cl\/wp-content\/uploads\/2017\/11\/2017_11_22_Inaguracion_Ingeacus_06-768x432.jpg 768w, https:\/\/www.acusticauach.cl\/wp-content\/uploads\/2017\/11\/2017_11_22_Inaguracion_Ingeacus_06-1024x576.jpg 1024w, https:\/\/www.acusticauach.cl\/wp-content\/uploads\/2017\/11\/2017_11_22_Inaguracion_Ingeacus_06-700x394.jpg 700w, https:\/\/www.acusticauach.cl\/wp-content\/uploads\/2017\/11\/2017_11_22_Inaguracion_Ingeacus_06-500x281.jpg 500w\" sizes=\"(max-width: 1300px) 100vw, 1300px\" \/><\/a><\/p>\n<p>La Coordinadora General del INGEACUS 2017, la estudiante Alexandra Astudillo destac\u00f3 el apoyo de acad\u00e9micos y compa\u00f1eros de carrera \u201cestamos muy contentos por el trabajo de todo el equipo organizador, esta fue una idea que surgi\u00f3 tras ir a un congreso en Argentina, como compa\u00f1eros extendimos la invitaci\u00f3n a todos los dem\u00e1s estudiantes de ac\u00fastica que sumaron y aportaron en toda esta log\u00edstica que hoy re\u00fane a egresados, profesionales, acad\u00e9micos e invitados de renombre a nivel local e internacional\u201d.<\/p>\n<p><a href=\"https:\/\/www.acusticauach.cl\/wp-content\/uploads\/2017\/11\/2017_11_22_Inaguracion_Ingeacus_08.jpg\"><img decoding=\"async\" class=\"aligncenter size-full wp-image-9313\" src=\"https:\/\/www.acusticauach.cl\/wp-content\/uploads\/2017\/11\/2017_11_22_Inaguracion_Ingeacus_08.jpg\" alt=\"\" width=\"1300\" height=\"731\" srcset=\"https:\/\/www.acusticauach.cl\/wp-content\/uploads\/2017\/11\/2017_11_22_Inaguracion_Ingeacus_08.jpg 1300w, https:\/\/www.acusticauach.cl\/wp-content\/uploads\/2017\/11\/2017_11_22_Inaguracion_Ingeacus_08-300x169.jpg 300w, https:\/\/www.acusticauach.cl\/wp-content\/uploads\/2017\/11\/2017_11_22_Inaguracion_Ingeacus_08-768x432.jpg 768w, https:\/\/www.acusticauach.cl\/wp-content\/uploads\/2017\/11\/2017_11_22_Inaguracion_Ingeacus_08-1024x576.jpg 1024w, https:\/\/www.acusticauach.cl\/wp-content\/uploads\/2017\/11\/2017_11_22_Inaguracion_Ingeacus_08-700x394.jpg 700w, https:\/\/www.acusticauach.cl\/wp-content\/uploads\/2017\/11\/2017_11_22_Inaguracion_Ingeacus_08-500x281.jpg 500w\" sizes=\"(max-width: 1300px) 100vw, 1300px\" \/><\/a><\/p>\n<p>El Rector \u00d3scar Galindo tuvo palabras de elogio para los estudiantes organizadores, la destacada participaci\u00f3n de profesionales y expositores que dar\u00e1n vida durante estos d\u00edas al INGEACUS, agregando que \u201cno es menor los m\u00e9ritos de la carrera de Ac\u00fastica, un esfuerzo de todos quienes integran esta comunidad educativa, que los ha reconocido a nivel local, nacional e internacional por diversos proyectos que van en l\u00ednea directa con nuestro rol como Universidad, su vinculaci\u00f3n y rol p\u00fablico por el desarrollo y calidad de vida de las personas\u201d.<br \/>\nEl encuentro inici\u00f3 con la charla \u201cAlgunas consideraciones importantes en el dise\u00f1o ac\u00fastico de salas de espect\u00e1culo\u201d, a cargo del destacado Ingeniero Industrial Ac\u00fastico, Dr. George Sommerhoff.<\/p>\n<p><a href=\"https:\/\/www.acusticauach.cl\/wp-content\/uploads\/2017\/11\/2017_11_22_Inaguracion_Ingeacus_10.jpg\"><img decoding=\"async\" class=\"aligncenter size-full wp-image-9314\" src=\"https:\/\/www.acusticauach.cl\/wp-content\/uploads\/2017\/11\/2017_11_22_Inaguracion_Ingeacus_10.jpg\" alt=\"\" width=\"1300\" height=\"731\" srcset=\"https:\/\/www.acusticauach.cl\/wp-content\/uploads\/2017\/11\/2017_11_22_Inaguracion_Ingeacus_10.jpg 1300w, https:\/\/www.acusticauach.cl\/wp-content\/uploads\/2017\/11\/2017_11_22_Inaguracion_Ingeacus_10-300x169.jpg 300w, https:\/\/www.acusticauach.cl\/wp-content\/uploads\/2017\/11\/2017_11_22_Inaguracion_Ingeacus_10-768x432.jpg 768w, https:\/\/www.acusticauach.cl\/wp-content\/uploads\/2017\/11\/2017_11_22_Inaguracion_Ingeacus_10-1024x576.jpg 1024w, https:\/\/www.acusticauach.cl\/wp-content\/uploads\/2017\/11\/2017_11_22_Inaguracion_Ingeacus_10-700x394.jpg 700w, https:\/\/www.acusticauach.cl\/wp-content\/uploads\/2017\/11\/2017_11_22_Inaguracion_Ingeacus_10-500x281.jpg 500w\" sizes=\"(max-width: 1300px) 100vw, 1300px\" \/><\/a><\/p>\n<h2><strong>\u00a0Video de Ceremonia de Inauguraci\u00f3n INGEACUS 2017<\/strong><\/h2>\n<h5><strong>El video se encuentra canal de <a href=\"https:\/\/www.youtube.com\/user\/acusticauach\" target=\"_blank\" rel=\"noopener\">Youtube\/acusticauach<\/a> en el siguiente enlace<\/strong>: <a href=\"https:\/\/youtu.be\/Wm_vVorards\" target=\"_blank\" rel=\"noopener\">https:\/\/youtu.be\/Wm_vVorards<\/a><\/h5>\n<h2><strong>Historia INGEACUS<\/strong><\/h2>\n<p>Hace exactamente 25 a\u00f1os que los estudiantes de la carrera de Ingenier\u00eda Civil Ac\u00fastica de la Facultad de Ciencias de la Ingenier\u00eda de la Universidad Austral de Chile, se han visto motivados por contar con un espacio donde se permita el contacto con sus pares dentro del \u00e1rea de la ac\u00fastica, el audio profesional, control de ruido, vibraciones, etc. Fue por esta inquietud que a inicios de 1992 se llev\u00f3 a cabo la primera versi\u00f3n del INGEACUS, esta instancia fue el instrumento utilizado por estudiantes e investigadores para dar a conocer sus trabajos.<\/p>\n<p>Ante la gran aceptaci\u00f3n e inter\u00e9s de los mismos estudiantes y profesionales, surge una segunda versi\u00f3n en el a\u00f1o 1993, pero no fue hasta 1994 que INGEACUS se extiende, abriendo sus puertas al resto del pa\u00eds y el extranjero. En esta oportunidad, fue tal el grado de aprobaci\u00f3n que super\u00f3 todas las expectativas reuniendo personalidades nacionales e internacionales. Por tal motivo INGEACUS 1994 se convierte en el \u201cPrimer Encuentro Internacional de Ac\u00fastica en Chile\u201d.<\/p>\n<p>Dentro de los expositores invitados para esta versi\u00f3n destacan el Dr.\u00a0 George Sommerhoff, Ingeniero Industrial Ac\u00fastico, Universidad Polit\u00e9cnica de Madrid, Espa\u00f1a, qui\u00e9n dictar\u00e1 la conferencia inaugural \u201cAlgunas consideraciones importantes en el dise\u00f1o ac\u00fastico de salas de espect\u00e1culos\u201d, Gonzalo \u201cChalo\u201d Gonzalez, profesional del audio desde 1990, con vasta trayectoria en las \u00e1reas de refuerzo sonoro, producci\u00f3n discogr\u00e1fica y musical, qui\u00e9n dictar\u00e1 la charla \u201cDifusi\u00f3n de la industria musical en Chile\u201d, tambi\u00e9n se har\u00e1 presente el Dr. Samir N.Y. Gerges, Doctor en Ingenier\u00eda, del Institute of Sound an Vibration Research de la Universidad de Southampton, quien ofrecer\u00e1 la conferencia \u201cBeamforming techniques for sound sources identification with applications\u201d y el PhD. Frits Van de Berg, destacado F\u00edsico consultor en Mundonovo Research, que ofrecer\u00e1 la conferencia \u201cWind tubine sound and its effects\u201d.<\/p>\n<h2><strong>50 a\u00f1os formando profesionales del sonido desde el sur de Chile<\/strong><\/h2>\n<p>La historia de esta reconocida carrera se remonta por el a\u00f1o 1965, cuando el acad\u00e9mico Siegfried Erber W. tras su regreso de Alemania, plantea su inter\u00e9s de crear una carrera de car\u00e1cter musical tecnol\u00f3gico.<\/p>\n<p>Para el a\u00f1o siguiente (1966), se crea en el Departamento de F\u00edsica y Matem\u00e1ticas una Secci\u00f3n Electr\u00f3nica con posibles proyecciones hacia un Departamento de Radiotelefon\u00eda y Televisi\u00f3n, con el objetivo de poner en marcha en 1967 el primer curso de T\u00e9cnicos del Sonido, hito que marca la fundaci\u00f3n de la carrera y que tendr\u00eda una duraci\u00f3n de tres a\u00f1os y que en los 70s pasar\u00edan a convertirse en Ingenieros en Ejecuci\u00f3n en Sonido.<\/p>\n<p>Muchos son los momentos que han marcado a esta carrera, as\u00ed lo manifest\u00f3 su actual Director, el Dr. Jos\u00e9 Luis Barros, \u201cestamos conscientes del significativo aporte de esta carrera que celebra medio siglo, muchos egresados se desenvuelven en diversas \u00e1reas del mundo privado y p\u00fablico, dejando en alto el prestigio de nuestra Universidad, as\u00ed lo hemos percibido y por eso nos alegra el desempe\u00f1o de nuestros estudiantes y acad\u00e9micos que han sabido sacar adelante este renovado proyecto acad\u00e9mico\u201d.<\/p>\n<p>Para el a\u00f1o 2000 con la aprobaci\u00f3n de ciertas modificaciones curriculares, se design\u00f3 el nombre actual de la carrera como Ingenier\u00eda Civil Ac\u00fastica, con el grado acad\u00e9mico asociado de Licenciado en Ciencias de la Ingenier\u00eda.<\/p>\n<p><a href=\"https:\/\/www.flickr.com\/photos\/universidadaustraldechile\/sets\/72157689945177175\">* Ver galer\u00eda de fotos\u00a0aqu\u00ed\u00a0y el\u00a0programa oficial.\u00a0\u00a0<\/a><\/p>\n<p>&nbsp;<\/p>\n","protected":false},"excerpt":{"rendered":"<p>Este 22 de noviembre se realiz\u00f3 en el Aula Magna del Campus Isla Teja la ceremonia inaugural de este importante y reconocido encuentro nacional e internacional que cumple 25 a\u00f1os de historia, en el el marco de 50 a\u00f1os de Ingenier\u00eda Civil Ac\u00fastica. Escrito por: Maximiliano Valenzuela Vel\u00e1squez &#8211; Periodista Relaciones P\u00fablicas UACh Email: maximiliano.valenzuela@uach.cl [&hellip;]<\/p>\n","protected":false},"author":2,"featured_media":16144,"comment_status":"closed","ping_status":"closed","sticky":false,"template":"","format":"standard","meta":{"footnotes":""},"categories":[906],"tags":[740,58,228,738,447,24,739,737,54],"class_list":["post-9306","post","type-post","status-publish","format-standard","has-post-thumbnail","hentry","category-pregrado","tag-astudillo","tag-barros","tag-ceremonia","tag-decano","tag-inaguracion","tag-ingeacus","tag-luco","tag-rector","tag-sommerhoff"],"_links":{"self":[{"href":"https:\/\/www.acusticauach.cl\/index.php?rest_route=\/wp\/v2\/posts\/9306","targetHints":{"allow":["GET"]}}],"collection":[{"href":"https:\/\/www.acusticauach.cl\/index.php?rest_route=\/wp\/v2\/posts"}],"about":[{"href":"https:\/\/www.acusticauach.cl\/index.php?rest_route=\/wp\/v2\/types\/post"}],"author":[{"embeddable":true,"href":"https:\/\/www.acusticauach.cl\/index.php?rest_route=\/wp\/v2\/users\/2"}],"replies":[{"embeddable":true,"href":"https:\/\/www.acusticauach.cl\/index.php?rest_route=%2Fwp%2Fv2%2Fcomments&post=9306"}],"version-history":[{"count":0,"href":"https:\/\/www.acusticauach.cl\/index.php?rest_route=\/wp\/v2\/posts\/9306\/revisions"}],"wp:featuredmedia":[{"embeddable":true,"href":"https:\/\/www.acusticauach.cl\/index.php?rest_route=\/wp\/v2\/media\/16144"}],"wp:attachment":[{"href":"https:\/\/www.acusticauach.cl\/index.php?rest_route=%2Fwp%2Fv2%2Fmedia&parent=9306"}],"wp:term":[{"taxonomy":"category","embeddable":true,"href":"https:\/\/www.acusticauach.cl\/index.php?rest_route=%2Fwp%2Fv2%2Fcategories&post=9306"},{"taxonomy":"post_tag","embeddable":true,"href":"https:\/\/www.acusticauach.cl\/index.php?rest_route=%2Fwp%2Fv2%2Ftags&post=9306"}],"curies":[{"name":"wp","href":"https:\/\/api.w.org\/{rel}","templated":true}]}}