{"id":9250,"date":"2017-11-06T12:51:17","date_gmt":"2017-11-06T15:51:17","guid":{"rendered":"http:\/\/www.acusticauach.cl\/?p=9250"},"modified":"2019-10-27T19:01:26","modified_gmt":"2019-10-27T22:01:26","slug":"la-tradicion-de-la-acustica-y-el-sonido-en-valdivia-cumplen-50-anos","status":"publish","type":"post","link":"https:\/\/www.acusticauach.cl\/?p=9250","title":{"rendered":"La tradici\u00f3n de la ac\u00fastica y el sonido en Valdivia cumplen 50 a\u00f1os"},"content":{"rendered":"<h2><strong>La Escuela de Ingenier\u00eda Civil Ac\u00fastica UACh festejar\u00e1 su quincuag\u00e9simo aniversario con actividades acad\u00e9micas, reencuentros de egresados y una nueva versi\u00f3n del festival \u201cYankeelandia\u201d.<\/strong><\/h2>\n<p><iframe width=\"700\" height=\"394\" src=\"https:\/\/www.youtube.com\/embed\/iPTKaaLsJyI\" frameborder=\"0\" gesture=\"media\" allowfullscreen><\/iframe><\/p>\n<p>Desde el martes 21 hasta el s\u00e1bado 25 de noviembre Ac\u00fastica UACh estar\u00e1 celebrando sus 50 a\u00f1os con diversas actividades que invitan a participar a ex alumnos, alumnos, profesores y la comunidad en general.<\/p>\n<p>El Director de Escuela de Ing. Civil Ac\u00fastica, Dr. Jos\u00e9 Luis Barros explic\u00f3 que tienen motivos para celebrar este quincuag\u00e9simo aniversario. \u201cActualmente, la carrera se encuentra acreditada por 6 a\u00f1os. Hoy, que se cumplen 50 a\u00f1os desde que comenz\u00f3 a desarrollarse la especialidad en la UACh, podemos afirmar con orgullo que estamos posicionados tanto a nivel nacional como internacional con un importante polo de desarrollo de la Ingenier\u00eda Ac\u00fastica, tanto en docencia de pre y postgrado como en investigaci\u00f3n e innovaci\u00f3n\u201d<\/p>\n<p><a href=\"https:\/\/www.acusticauach.cl\/wp-content\/uploads\/2017\/11\/Banner_XVI_Seminario_Ruido_Ambiental_Valdivia01.jpg\"><img decoding=\"async\" class=\"aligncenter size-full wp-image-9273\" src=\"https:\/\/www.acusticauach.cl\/wp-content\/uploads\/2017\/11\/Banner_XVI_Seminario_Ruido_Ambiental_Valdivia01.jpg\" alt=\"\" width=\"1002\" height=\"339\" srcset=\"https:\/\/www.acusticauach.cl\/wp-content\/uploads\/2017\/11\/Banner_XVI_Seminario_Ruido_Ambiental_Valdivia01.jpg 1002w, https:\/\/www.acusticauach.cl\/wp-content\/uploads\/2017\/11\/Banner_XVI_Seminario_Ruido_Ambiental_Valdivia01-300x101.jpg 300w, https:\/\/www.acusticauach.cl\/wp-content\/uploads\/2017\/11\/Banner_XVI_Seminario_Ruido_Ambiental_Valdivia01-768x260.jpg 768w, https:\/\/www.acusticauach.cl\/wp-content\/uploads\/2017\/11\/Banner_XVI_Seminario_Ruido_Ambiental_Valdivia01-700x237.jpg 700w, https:\/\/www.acusticauach.cl\/wp-content\/uploads\/2017\/11\/Banner_XVI_Seminario_Ruido_Ambiental_Valdivia01-500x169.jpg 500w\" sizes=\"(max-width: 1002px) 100vw, 1002px\" \/><\/a><\/p>\n<p>La primera actividad que da el vamos a esta semana aniversario es el <strong>Seminario de Ac\u00fastica Ambiental<\/strong>, que se realizar\u00e1 el pr\u00f3ximo <strong>martes 21 de noviembre desde las 14:30 hrs<\/strong>.<\/p>\n<p>Esta actividad es organizada en conjunto por el Ministerio del Medio Ambiente, la Sociedad Chilena de Ac\u00fastica y el Congreso INGEACUS y busca generar un espacio de difusi\u00f3n y discusi\u00f3n, sobre las materias relevantes en Chile vinculadas con la gesti\u00f3n del ruido ambiental. Descarga el programa aqu\u00ed.<a href=\"https:\/\/www.acusticauach.cl\/wp-content\/uploads\/2017\/11\/Programa-XVII-Seminario-Ruido-MMA-2017_Valdivia.pdf\">Programa XVII Seminario Ruido MMA 2017_Valdivia<\/a><\/p>\n<p><a href=\"https:\/\/www.acusticauach.cl\/wp-content\/uploads\/2017\/06\/AcusticaUAChINGEACUS2017.jpg\"><img decoding=\"async\" class=\"aligncenter wp-image-8821 size-full\" src=\"https:\/\/www.acusticauach.cl\/wp-content\/uploads\/2017\/06\/AcusticaUAChINGEACUS2017.jpg\" alt=\"\" width=\"1002\" height=\"339\" srcset=\"https:\/\/www.acusticauach.cl\/wp-content\/uploads\/2017\/06\/AcusticaUAChINGEACUS2017.jpg 1002w, https:\/\/www.acusticauach.cl\/wp-content\/uploads\/2017\/06\/AcusticaUAChINGEACUS2017-300x101.jpg 300w, https:\/\/www.acusticauach.cl\/wp-content\/uploads\/2017\/06\/AcusticaUAChINGEACUS2017-768x260.jpg 768w, https:\/\/www.acusticauach.cl\/wp-content\/uploads\/2017\/06\/AcusticaUAChINGEACUS2017-700x237.jpg 700w, https:\/\/www.acusticauach.cl\/wp-content\/uploads\/2017\/06\/AcusticaUAChINGEACUS2017-500x169.jpg 500w\" sizes=\"(max-width: 1002px) 100vw, 1002px\" \/><\/a><\/p>\n<p>Asimismo, desde el mi\u00e9rcoles 22 y hasta el viernes 24 de noviembre se realizar\u00e1 el <strong>Congreso INGEACUS, <\/strong>actividad que se realiza desde 1992 y este a\u00f1o cumple 25 a\u00f1os de trayectoria. El encuentro constituye una de las convocatorias con m\u00e1s amplia trayectoria y tradici\u00f3n a nivel latinoamericano en la disciplina de la ac\u00fastica y el audio profesional.<\/p>\n<p>Para participar, puedes inscribirte en su <a href=\"http:\/\/www.ingeacus.cl\/\">p\u00e1gina web<\/a> o informarte a trav\u00e9s de sus redes sociales en <a href=\"https:\/\/www.facebook.com\/ingeacusuach\/\">Facebook<\/a> y <a href=\"https:\/\/twitter.com\/INGEACUSUACh\">twitter<\/a>.<\/p>\n<p><a href=\"https:\/\/www.acusticauach.cl\/wp-content\/uploads\/2017\/05\/banner_sonoacustico_04.jpg\"><img decoding=\"async\" class=\"aligncenter size-full wp-image-9272\" src=\"https:\/\/www.acusticauach.cl\/wp-content\/uploads\/2017\/05\/banner_sonoacustico_04.jpg\" alt=\"\" width=\"1002\" height=\"339\" srcset=\"https:\/\/www.acusticauach.cl\/wp-content\/uploads\/2017\/05\/banner_sonoacustico_04.jpg 1002w, https:\/\/www.acusticauach.cl\/wp-content\/uploads\/2017\/05\/banner_sonoacustico_04-300x101.jpg 300w, https:\/\/www.acusticauach.cl\/wp-content\/uploads\/2017\/05\/banner_sonoacustico_04-768x260.jpg 768w, https:\/\/www.acusticauach.cl\/wp-content\/uploads\/2017\/05\/banner_sonoacustico_04-700x237.jpg 700w, https:\/\/www.acusticauach.cl\/wp-content\/uploads\/2017\/05\/banner_sonoacustico_04-500x169.jpg 500w\" sizes=\"(max-width: 1002px) 100vw, 1002px\" \/><\/a><\/p>\n<p>Los ex estudiantes tambi\u00e9n tendr\u00e1n un espacio en estos 50 a\u00f1os. Ac\u00fastica UACh ha organizado el <strong>Encuentro SonoAc\u00fastico, <\/strong>evento dirigido <strong>a <\/strong>los egresados de Ingenier\u00eda Ejecuci\u00f3n en Sonido, Ingenier\u00eda Ac\u00fastica e Ingenier\u00eda Civil Ac\u00fastica (previa inscripci\u00f3n). Esta actividad se realizar\u00e1 el d\u00eda <strong>s\u00e1bado 25 de noviembre<\/strong> durante la ma\u00f1ana e incluye visitas a los actuales laboratorios, una ceremonia oficial y almuerzo. Ver noticia con detalles para la inscripci\u00f3n <a href=\"https:\/\/www.acusticauach.cl\/?celebracion-50=encuentro-sonoacustico-2017\">aqu\u00ed.<\/a><\/p>\n<p><a href=\"https:\/\/www.acusticauach.cl\/wp-content\/uploads\/2017\/11\/Yankeelandia_banner_2017_1002x339-2.jpeg\"><img decoding=\"async\" class=\"aligncenter wp-image-9279 size-full\" src=\"https:\/\/www.acusticauach.cl\/wp-content\/uploads\/2017\/11\/Yankeelandia_banner_2017_1002x339-2.jpeg\" alt=\"\" width=\"1002\" height=\"339\" srcset=\"https:\/\/www.acusticauach.cl\/wp-content\/uploads\/2017\/11\/Yankeelandia_banner_2017_1002x339-2.jpeg 1002w, https:\/\/www.acusticauach.cl\/wp-content\/uploads\/2017\/11\/Yankeelandia_banner_2017_1002x339-2-300x101.jpeg 300w, https:\/\/www.acusticauach.cl\/wp-content\/uploads\/2017\/11\/Yankeelandia_banner_2017_1002x339-2-768x260.jpeg 768w, https:\/\/www.acusticauach.cl\/wp-content\/uploads\/2017\/11\/Yankeelandia_banner_2017_1002x339-2-700x237.jpeg 700w, https:\/\/www.acusticauach.cl\/wp-content\/uploads\/2017\/11\/Yankeelandia_banner_2017_1002x339-2-500x169.jpeg 500w\" sizes=\"(max-width: 1002px) 100vw, 1002px\" \/><\/a><\/p>\n<p>Finalmente, y posterior al Encuentro SonoAc\u00fastico se realizar\u00e1 el m\u00edtico concierto <strong>Yankeelandia,<\/strong> evento abierto a toda la comunidad que ubicar\u00e1 su escenario en las afueras del Edificio 7000 del Campus Miraflores de la UACh desde las 15:00 hrs. M\u00e1s informaci\u00f3n de esta actividad <a href=\"http:\/\/noticias.uach.cl\/principal.php?pag=noticia-externo&amp;cod=109946\">aqu\u00ed.<\/a><\/p>\n<p>Cabe destacar, que todas las actividades de la semana aniversario de Ac\u00fastica UACh han sido organizadas en conjunto por comisiones que incluyen acad\u00e9micos,\u00a0 estudiantes y exalumnos.<\/p>\n","protected":false},"excerpt":{"rendered":"<p>La Escuela de Ingenier\u00eda Civil Ac\u00fastica UACh festejar\u00e1 su quincuag\u00e9simo aniversario con actividades acad\u00e9micas, reencuentros de egresados y una nueva versi\u00f3n del festival \u201cYankeelandia\u201d. Desde el martes 21 hasta el s\u00e1bado 25 de noviembre Ac\u00fastica UACh estar\u00e1 celebrando sus 50 a\u00f1os con diversas actividades que invitan a participar a ex alumnos, alumnos, profesores y la [&hellip;]<\/p>\n","protected":false},"author":2,"featured_media":9271,"comment_status":"closed","ping_status":"closed","sticky":false,"template":"","format":"standard","meta":{"footnotes":""},"categories":[909],"tags":[723,264,38,37,41,123,34,20,284],"class_list":["post-9250","post","type-post","status-publish","format-standard","has-post-thumbnail","hentry","category-vinculacion","tag-50-anos","tag-aniversario","tag-encuentro","tag-estudiantes","tag-exalumnos","tag-festival","tag-ministerio","tag-seminario","tag-yankeelandia"],"_links":{"self":[{"href":"https:\/\/www.acusticauach.cl\/index.php?rest_route=\/wp\/v2\/posts\/9250","targetHints":{"allow":["GET"]}}],"collection":[{"href":"https:\/\/www.acusticauach.cl\/index.php?rest_route=\/wp\/v2\/posts"}],"about":[{"href":"https:\/\/www.acusticauach.cl\/index.php?rest_route=\/wp\/v2\/types\/post"}],"author":[{"embeddable":true,"href":"https:\/\/www.acusticauach.cl\/index.php?rest_route=\/wp\/v2\/users\/2"}],"replies":[{"embeddable":true,"href":"https:\/\/www.acusticauach.cl\/index.php?rest_route=%2Fwp%2Fv2%2Fcomments&post=9250"}],"version-history":[{"count":0,"href":"https:\/\/www.acusticauach.cl\/index.php?rest_route=\/wp\/v2\/posts\/9250\/revisions"}],"wp:featuredmedia":[{"embeddable":true,"href":"https:\/\/www.acusticauach.cl\/index.php?rest_route=\/wp\/v2\/media\/9271"}],"wp:attachment":[{"href":"https:\/\/www.acusticauach.cl\/index.php?rest_route=%2Fwp%2Fv2%2Fmedia&parent=9250"}],"wp:term":[{"taxonomy":"category","embeddable":true,"href":"https:\/\/www.acusticauach.cl\/index.php?rest_route=%2Fwp%2Fv2%2Fcategories&post=9250"},{"taxonomy":"post_tag","embeddable":true,"href":"https:\/\/www.acusticauach.cl\/index.php?rest_route=%2Fwp%2Fv2%2Ftags&post=9250"}],"curies":[{"name":"wp","href":"https:\/\/api.w.org\/{rel}","templated":true}]}}