{"id":9218,"date":"2017-11-03T14:32:47","date_gmt":"2017-11-03T17:32:47","guid":{"rendered":"http:\/\/www.acusticauach.cl\/?p=9218"},"modified":"2019-10-27T19:01:39","modified_gmt":"2019-10-27T22:01:39","slug":"a-30-anos-de-su-nacimiento-yankeelandia-prepara-su-version-2017","status":"publish","type":"post","link":"https:\/\/www.acusticauach.cl\/?p=9218","title":{"rendered":"A 30 a\u00f1os de su nacimiento Yankeelandia prepara su versi\u00f3n 2017"},"content":{"rendered":"<h2><strong>El evento familiar estar\u00e1 abierto a toda la comunidad y se realizar\u00e1 en el frontis del Edificio 7000 del Campus Miraflores el s\u00e1bado 25 de noviembre.<\/strong><\/h2>\n<p>Escrito por: Comunicaciones Facultad de Ciencias de la Ingenier\u00eda &#8211; Periodista Fc. Ciencias de la Ingenier\u00eda Email: prensafci@uach.cl<\/p>\n<p>Yankeelandia nace el a\u00f1o 1987, como una respuesta a la falta de espacios donde los estudiantes de Ingenier\u00eda Ac\u00fastica pudieran realizar pr\u00e1cticas de refuerzo sonoro y sonorizaci\u00f3n. El evento logr\u00f3 generar un ambiente cultural que determin\u00f3 su realizaci\u00f3n anual. Hoy, a 30 a\u00f1os de su g\u00e9nesis, se realizar\u00e1 su versi\u00f3n 2017.<\/p>\n<p>En el frontis del Edificio 7000 de la Fac. de Cs. de la Ingenier\u00eda el 25 de noviembre de 15:00 a 21:00 hrs. se reunir\u00e1 la m\u00fasica, el sonido y la cultura con el fin de generar un espacio grato que permita disfrutar de las diferentes bandas que tocar\u00e1n ese d\u00eda.<\/p>\n<blockquote><p>Queremos tener bandas que vengan a conmemorar nuestr4a celebraci\u00f3n de los 50 a\u00f1os de Ac\u00fastica UACh. Todo esto en un ambiente donde las familias puedan venir a compartir y escuchar m\u00fasica al aire libre. Esa es la idea\u201d, coment\u00f3 el Prof. del Instituto de Ac\u00fastica, Rodrigo Torres, quien est\u00e1 a cargo de la comisi\u00f3n organizadora.<\/p><\/blockquote>\n<p><a href=\"https:\/\/www.acusticauach.cl\/wp-content\/uploads\/2017\/11\/Yankeelandia_banner_2017_1002x339-2.jpeg\" target=\"_blank\" rel=\"noopener noreferrer\"><img decoding=\"async\" class=\"aligncenter wp-image-9279 size-full\" src=\"https:\/\/www.acusticauach.cl\/wp-content\/uploads\/2017\/11\/Yankeelandia_banner_2017_1002x339-2.jpeg\" alt=\"\" width=\"1002\" height=\"339\" srcset=\"https:\/\/www.acusticauach.cl\/wp-content\/uploads\/2017\/11\/Yankeelandia_banner_2017_1002x339-2.jpeg 1002w, https:\/\/www.acusticauach.cl\/wp-content\/uploads\/2017\/11\/Yankeelandia_banner_2017_1002x339-2-300x101.jpeg 300w, https:\/\/www.acusticauach.cl\/wp-content\/uploads\/2017\/11\/Yankeelandia_banner_2017_1002x339-2-768x260.jpeg 768w, https:\/\/www.acusticauach.cl\/wp-content\/uploads\/2017\/11\/Yankeelandia_banner_2017_1002x339-2-700x237.jpeg 700w, https:\/\/www.acusticauach.cl\/wp-content\/uploads\/2017\/11\/Yankeelandia_banner_2017_1002x339-2-500x169.jpeg 500w\" sizes=\"(max-width: 1002px) 100vw, 1002px\" \/><\/a><\/p>\n<p>Visita el Facebook del evento en\u00a0<a href=\"https:\/\/www.facebook.com\/YankeelandiaFestivalValdivia\/\" target=\"_blank\" rel=\"noopener noreferrer\">https:\/\/www.facebook.com\/YankeelandiaFestivalValdivia\/<\/a><\/p>\n<h2><strong>Silver Concert dio a conocer banda ganadora de Ac\u00fastica UACh<\/strong><\/h2>\n<p>El \u201cSilver Concert\u201d es un concierto organizado por los estudiantes de Ingenier\u00eda Civil Ac\u00fastica en el que este a\u00f1o 5 bandas integradas por estudiantes de la carrera participaron con el fin de seleccionar un grupo que los represente en Yankeelandia.<\/p>\n<p>El jurado que seleccion\u00f3 a la banda ganadora estuvo integrado por: Jos\u00e9 Luis Barros (Director de Escuela); Miguel Millar (Director Radio UACh); Roberto Flores (Profesor del Instituto de Ac\u00fastica); Jorge C\u00e1rdenas (Profesor del Instituto de Ac\u00fastica) y Fausto Espinoza (representante de la comisi\u00f3n organizadora del Yankeelandia).<\/p>\n<p>La banda que result\u00f3 ganadora fue \u00abNacho Forttes\u00bb y es la primera banda confirmada para este 25 de noviembre en el m\u00edtico Festival de M\u00fasica \u201cYankeelandia\u201d<\/p>\n<h2><strong>Lanzamiento a escala en Mural Mar\u00eda Martner<\/strong><\/h2>\n<p>El nombre de este festival fue otorgado por los estudiantes de la carrera en relaci\u00f3n al lugar donde se realiz\u00f3 la primera versi\u00f3n. Este espacio se emplaza en Isla Teja a un costado de una escultura donada por el gobierno de EE.UU a la UACh como monumento al resurgimiento de la ciudad tras el terremoto de 1960 y el aporte que la UACh asumi\u00f3 en el proceso.<\/p>\n<p>Este 17 de noviembre en este hist\u00f3rico lugar se realizar\u00e1 un lanzamiento a escala del Festival, frente a la obra de Martner con el fin de poner en valor el lugar donde naci\u00f3 este festival y por el cual lleva el nombre: Yankeelandia.<br \/>\nPara m\u00e1s informaci\u00f3n puedes seguir el Facebook de la actividad.<\/p>\n","protected":false},"excerpt":{"rendered":"<p>El evento familiar estar\u00e1 abierto a toda la comunidad y se realizar\u00e1 en el frontis del Edificio 7000 del Campus Miraflores el s\u00e1bado 25 de noviembre. Escrito por: Comunicaciones Facultad de Ciencias de la Ingenier\u00eda &#8211; Periodista Fc. Ciencias de la Ingenier\u00eda Email: prensafci@uach.cl Yankeelandia nace el a\u00f1o 1987, como una respuesta a la falta [&hellip;]<\/p>\n","protected":false},"author":2,"featured_media":9264,"comment_status":"closed","ping_status":"closed","sticky":false,"template":"","format":"standard","meta":{"footnotes":""},"categories":[909],"tags":[723,118,156,123,189,25,213,284],"class_list":["post-9218","post","type-post","status-publish","format-standard","has-post-thumbnail","hentry","category-vinculacion","tag-50-anos","tag-bandas","tag-concierto","tag-festival","tag-musica","tag-sonido","tag-uach","tag-yankeelandia"],"_links":{"self":[{"href":"https:\/\/www.acusticauach.cl\/index.php?rest_route=\/wp\/v2\/posts\/9218","targetHints":{"allow":["GET"]}}],"collection":[{"href":"https:\/\/www.acusticauach.cl\/index.php?rest_route=\/wp\/v2\/posts"}],"about":[{"href":"https:\/\/www.acusticauach.cl\/index.php?rest_route=\/wp\/v2\/types\/post"}],"author":[{"embeddable":true,"href":"https:\/\/www.acusticauach.cl\/index.php?rest_route=\/wp\/v2\/users\/2"}],"replies":[{"embeddable":true,"href":"https:\/\/www.acusticauach.cl\/index.php?rest_route=%2Fwp%2Fv2%2Fcomments&post=9218"}],"version-history":[{"count":0,"href":"https:\/\/www.acusticauach.cl\/index.php?rest_route=\/wp\/v2\/posts\/9218\/revisions"}],"wp:featuredmedia":[{"embeddable":true,"href":"https:\/\/www.acusticauach.cl\/index.php?rest_route=\/wp\/v2\/media\/9264"}],"wp:attachment":[{"href":"https:\/\/www.acusticauach.cl\/index.php?rest_route=%2Fwp%2Fv2%2Fmedia&parent=9218"}],"wp:term":[{"taxonomy":"category","embeddable":true,"href":"https:\/\/www.acusticauach.cl\/index.php?rest_route=%2Fwp%2Fv2%2Fcategories&post=9218"},{"taxonomy":"post_tag","embeddable":true,"href":"https:\/\/www.acusticauach.cl\/index.php?rest_route=%2Fwp%2Fv2%2Ftags&post=9218"}],"curies":[{"name":"wp","href":"https:\/\/api.w.org\/{rel}","templated":true}]}}