{"id":9108,"date":"2017-10-04T18:12:42","date_gmt":"2017-10-04T21:12:42","guid":{"rendered":"http:\/\/www.acusticauach.cl\/?p=9108"},"modified":"2019-10-27T19:02:52","modified_gmt":"2019-10-27T22:02:52","slug":"seminario-sobre-audio-3d-fundamentos-y-tecnologia-en-campus-miraflores","status":"publish","type":"post","link":"https:\/\/www.acusticauach.cl\/?p=9108","title":{"rendered":"Seminario sobre audio 3D: fundamentos y tecnolog\u00eda en Campus Miraflores"},"content":{"rendered":"<h2><strong>La conferencia ser\u00e1 dictada por el Ingeniero en Telecomunicaciones y M\u00e1ster en Tecnolog\u00eda Musical, Andr\u00e9s P\u00e9rez L\u00f3pez.<\/strong><\/h2>\n<p>Creado en Mi\u00e9rcoles, 04 Octubre 2017 20:06<\/p>\n<p>El sonido 3D (o sonido espacial) es un \u00e1mbito de la ac\u00fastica que ha tomado relevancia en los \u00faltimos tiempos debido al gran aumento en la capacidad de c\u00f3mputo, lo cual ha posibilitado el procesamiento de audio en tiempo real. Este jueves 12 de octubre a las 17:30 hrs. en la sala 9202 del Pabell\u00f3n Docente (edificio 9000) se analizar\u00e1 esta tem\u00e1tica.<\/p>\n<p>El seminario es organizado por el Instituto de Ac\u00fastica UACh y ser\u00e1 dictado por el invitado y experto en el \u00e1rea, Andr\u00e9s P\u00e9rez L\u00f3pez y revisar\u00e1 los fundamentos psicoac\u00fasticos de la percepci\u00f3n espacial auditiva, as\u00ed como las principales teor\u00edas, m\u00e9todos y equipamiento de audio que existen actualmente para la espacializaci\u00f3n del sonido.<\/p>\n<h2><strong>Sobre el expositor<\/strong><\/h2>\n<p>Andr\u00e9s P\u00e9rez L\u00f3pez es Ingeniero de Telecomunicaciones (Universidad Polit\u00e9cnica de Valencia) y M\u00e1ster en Tecnolog\u00eda Musical (Universidad Pompeu Fabra, Barcelona), donde actualmente realiza sus estudios de doctorado sobre separaci\u00f3n de fuentes sonoras. Es tambi\u00e9n desarrollador de software de audio en tiempo real aplicado al sonido 3D en el Centro Tecnol\u00f3gico Eurecat (Barcelona).<\/p>\n<p>Para m\u00e1s informaci\u00f3n visita la web del expositor.\u00a0<a href=\"http:\/\/www.andresperezlopez.com\/\" target=\"_blank\" rel=\"noopener noreferrer\">http:\/\/www.andresperezlopez.com\/<\/a><\/p>\n<p>La conferencia fu\u00e9 transmitida por <a href=\"https:\/\/videoteca.uach.cl\/videos\/video\/2519\/\">https:\/\/videoteca.uach.cl\/videos\/video\/2519\/<\/a> para quienes no puedan asistir.<\/p>\n<p><a href=\"https:\/\/videoteca.uach.cl\/videos\/video\/2519\/\"><img decoding=\"async\" class=\"aligncenter size-full wp-image-2814\" src=\"https:\/\/www.acusticauach.cl\/wp-content\/uploads\/2013\/03\/Logo_TVAustral_02.jpg\" alt=\"\" width=\"357\" height=\"429\" srcset=\"https:\/\/www.acusticauach.cl\/wp-content\/uploads\/2013\/03\/Logo_TVAustral_02.jpg 357w, https:\/\/www.acusticauach.cl\/wp-content\/uploads\/2013\/03\/Logo_TVAustral_02-249x300.jpg 249w\" sizes=\"(max-width: 357px) 100vw, 357px\" \/><\/a><\/p>\n","protected":false},"excerpt":{"rendered":"<p>La conferencia ser\u00e1 dictada por el Ingeniero en Telecomunicaciones y M\u00e1ster en Tecnolog\u00eda Musical, Andr\u00e9s P\u00e9rez L\u00f3pez. Creado en Mi\u00e9rcoles, 04 Octubre 2017 20:06 El sonido 3D (o sonido espacial) es un \u00e1mbito de la ac\u00fastica que ha tomado relevancia en los \u00faltimos tiempos debido al gran aumento en la capacidad de c\u00f3mputo, lo cual [&hellip;]<\/p>\n","protected":false},"author":2,"featured_media":9109,"comment_status":"closed","ping_status":"closed","sticky":false,"template":"","format":"standard","meta":{"footnotes":""},"categories":[906],"tags":[712,114,84,713,391,20],"class_list":["post-9108","post","type-post","status-publish","format-standard","has-post-thumbnail","hentry","category-pregrado","tag-3d","tag-audio","tag-charla","tag-perez","tag-psicoacustica","tag-seminario"],"_links":{"self":[{"href":"https:\/\/www.acusticauach.cl\/index.php?rest_route=\/wp\/v2\/posts\/9108","targetHints":{"allow":["GET"]}}],"collection":[{"href":"https:\/\/www.acusticauach.cl\/index.php?rest_route=\/wp\/v2\/posts"}],"about":[{"href":"https:\/\/www.acusticauach.cl\/index.php?rest_route=\/wp\/v2\/types\/post"}],"author":[{"embeddable":true,"href":"https:\/\/www.acusticauach.cl\/index.php?rest_route=\/wp\/v2\/users\/2"}],"replies":[{"embeddable":true,"href":"https:\/\/www.acusticauach.cl\/index.php?rest_route=%2Fwp%2Fv2%2Fcomments&post=9108"}],"version-history":[{"count":0,"href":"https:\/\/www.acusticauach.cl\/index.php?rest_route=\/wp\/v2\/posts\/9108\/revisions"}],"wp:featuredmedia":[{"embeddable":true,"href":"https:\/\/www.acusticauach.cl\/index.php?rest_route=\/wp\/v2\/media\/9109"}],"wp:attachment":[{"href":"https:\/\/www.acusticauach.cl\/index.php?rest_route=%2Fwp%2Fv2%2Fmedia&parent=9108"}],"wp:term":[{"taxonomy":"category","embeddable":true,"href":"https:\/\/www.acusticauach.cl\/index.php?rest_route=%2Fwp%2Fv2%2Fcategories&post=9108"},{"taxonomy":"post_tag","embeddable":true,"href":"https:\/\/www.acusticauach.cl\/index.php?rest_route=%2Fwp%2Fv2%2Ftags&post=9108"}],"curies":[{"name":"wp","href":"https:\/\/api.w.org\/{rel}","templated":true}]}}