{"id":9061,"date":"2017-09-28T16:28:16","date_gmt":"2017-09-28T19:28:16","guid":{"rendered":"http:\/\/www.acusticauach.cl\/?p=9061"},"modified":"2019-10-27T19:03:15","modified_gmt":"2019-10-27T22:03:15","slug":"alumno-de-acusticauach-obtuvo-tercer-lugar-en-concurso-fotografico-de-investigacion","status":"publish","type":"post","link":"https:\/\/www.acusticauach.cl\/?p=9061","title":{"rendered":"Alumno de AcusticaUACh obtuvo tercer lugar en concurso fotogr\u00e1fico de investigaci\u00f3n"},"content":{"rendered":"<h2><strong>Gabriel D\u00edaz Rom\u00e1n, estudiante de Ing. Civil Ac\u00fastica recibi\u00f3 el reconocimiento por una imagen capturada como parte de su proyecto de tesis sobre paisajes sonoros.<\/strong><\/h2>\n<p>\u201cLa investigaci\u00f3n en la Universidad Austral de Chile\u201d es el nombre del concurso fotogr\u00e1fico que organiz\u00f3 la Direcci\u00f3n de Investigaci\u00f3n y Desarrollo, DID, y que cont\u00f3 con el apoyo de la Direcci\u00f3n de Vinculaci\u00f3n con el Medio para su XI versi\u00f3n, donde el tesista de Ing. Civil Ac\u00fastica, Gabriel D\u00edaz result\u00f3 premiado con el tercer lugar.<\/p>\n<p>La idea del concurso es entregar la posibilidad a cient\u00edficos, alumnos tesistas o estudiantes de la UACh, que est\u00e9n involucrados en proyectos de investigaci\u00f3n registrados en la DID durante los \u00faltimos cinco a\u00f1os, a exhibir y competir por la imagen m\u00e1s representativa del quehacer cient\u00edfico y tecnol\u00f3gico. Informaci\u00f3n sobre el concurso <a href=\"http:\/\/investigacion.uach.cl\/noticias\/post.php?s=2017-09-05-imgenes-ganadoras-muestran-actividades-en-ciencias-marinas-interculturalidad-acstica-y-ciencias-forestales\" target=\"_blank\" rel=\"noopener noreferrer\">aqu\u00ed.<\/a><\/p>\n<p><img decoding=\"async\" class=\"aligncenter size-full wp-image-9065\" src=\"https:\/\/www.acusticauach.cl\/wp-content\/uploads\/2017\/09\/GDiaz01.jpeg\" alt=\"\" width=\"800\" height=\"450\" srcset=\"https:\/\/www.acusticauach.cl\/wp-content\/uploads\/2017\/09\/GDiaz01.jpeg 800w, https:\/\/www.acusticauach.cl\/wp-content\/uploads\/2017\/09\/GDiaz01-300x169.jpeg 300w, https:\/\/www.acusticauach.cl\/wp-content\/uploads\/2017\/09\/GDiaz01-768x432.jpeg 768w, https:\/\/www.acusticauach.cl\/wp-content\/uploads\/2017\/09\/GDiaz01-700x394.jpeg 700w, https:\/\/www.acusticauach.cl\/wp-content\/uploads\/2017\/09\/GDiaz01-500x281.jpeg 500w\" sizes=\"(max-width: 800px) 100vw, 800px\" \/><\/p>\n<p>La fotograf\u00eda con la que recibi\u00f3 el reconocimiento Gabriel, forma parte de un registro para el proyecto de actualizaci\u00f3n del Mapa de Ruido del Gran Santiago, y para su tesis sobre Paisajes Sonoros del Centro de Santiago.<\/p>\n<blockquote><p>Me llev\u00e9 una grata sorpresa con el resultado, m\u00e1s all\u00e1 del beneficio personal y del premio, es una excelente manera de mostrar el trabajo que realizamos el a\u00f1o pasado\u201d, explic\u00f3 el alumno.<\/p><\/blockquote>\n<p>Gabriel result\u00f3 premiado con $200.000 pesos y la oportunidad de formar parte de la colecci\u00f3n \u201cEl arte de Investigar\u201d, iniciativa que expondr\u00e1 todas las im\u00e1genes ganadoras.\u00a0La Ceremonia de Premiaci\u00f3n del Concurso se realiz\u00f3 en el marco del Programa Aniversario UACh, el 26 de septiembre, a las 17:00h. en el Hall del Edificio Pug\u00edn de la Facultad de Ciencias.<\/p>\n<h2><strong>\u00abPaisaje Sonoro del Metro de Santiago\u00bb<\/strong><\/h2>\n<p>Mediante un estudio de expertos y una encuesta a la poblaci\u00f3n del Gran Santiago, se definieron catorce ambientes sonoros como relevantes de ser grabados en la investigaci\u00f3n.\u00a0La fotograf\u00eda representa el momento de grabaci\u00f3n sonora, binaural, y medici\u00f3n de valores ac\u00fasticos, adem\u00e1s de grabaci\u00f3n estereof\u00f3nica y registro en video. El lugar del registro corresponde a la estaci\u00f3n de Metro Universidad de Chile.<\/p>\n<p>Esta fotograf\u00eda denominada \u201cPaisaje Sonoro del Metro de Santiago\u201d forma parte del Proyecto Fondos Sectoriales del Ministerio de Medio Ambiente: \u00abActualizaci\u00f3n del mapa de ruido del gran Santiago\u00bb, Subsecretaria del Medio Ambiente, dirigido por el acad\u00e9mico Enrique Su\u00e1rez Silva.<\/p>\n<blockquote><p>El proyecto (Mapa de Ruido del Gran Santiago) y mi tesis me han entregado experiencias que recordar\u00e9 toda mi vida, ahora puedo resumirlas en una imagen\u201d, concluy\u00f3 el premiado.<\/p><\/blockquote>\n<p><img decoding=\"async\" class=\"aligncenter size-full wp-image-9063\" src=\"https:\/\/www.acusticauach.cl\/wp-content\/uploads\/2017\/09\/GDiaz02.jpeg\" alt=\"\" width=\"800\" height=\"450\" srcset=\"https:\/\/www.acusticauach.cl\/wp-content\/uploads\/2017\/09\/GDiaz02.jpeg 800w, https:\/\/www.acusticauach.cl\/wp-content\/uploads\/2017\/09\/GDiaz02-300x169.jpeg 300w, https:\/\/www.acusticauach.cl\/wp-content\/uploads\/2017\/09\/GDiaz02-768x432.jpeg 768w, https:\/\/www.acusticauach.cl\/wp-content\/uploads\/2017\/09\/GDiaz02-700x394.jpeg 700w, https:\/\/www.acusticauach.cl\/wp-content\/uploads\/2017\/09\/GDiaz02-500x281.jpeg 500w\" sizes=\"(max-width: 800px) 100vw, 800px\" \/><\/p>\n","protected":false},"excerpt":{"rendered":"<p>Gabriel D\u00edaz Rom\u00e1n, estudiante de Ing. Civil Ac\u00fastica recibi\u00f3 el reconocimiento por una imagen capturada como parte de su proyecto de tesis sobre paisajes sonoros. \u201cLa investigaci\u00f3n en la Universidad Austral de Chile\u201d es el nombre del concurso fotogr\u00e1fico que organiz\u00f3 la Direcci\u00f3n de Investigaci\u00f3n y Desarrollo, DID, y que cont\u00f3 con el apoyo de [&hellip;]<\/p>\n","protected":false},"author":2,"featured_media":9062,"comment_status":"closed","ping_status":"closed","sticky":false,"template":"","format":"standard","meta":{"footnotes":""},"categories":[908],"tags":[94,703,608,37,219,31,17,368,197,73,81],"class_list":["post-9061","post","type-post","status-publish","format-standard","has-post-thumbnail","hentry","category-investigacion","tag-concurso","tag-diaz","tag-estudiante","tag-estudiantes","tag-fotografia","tag-mapa","tag-mapa-de-ruido","tag-mapa-sonoro","tag-premio","tag-suarez","tag-tesis"],"_links":{"self":[{"href":"https:\/\/www.acusticauach.cl\/index.php?rest_route=\/wp\/v2\/posts\/9061","targetHints":{"allow":["GET"]}}],"collection":[{"href":"https:\/\/www.acusticauach.cl\/index.php?rest_route=\/wp\/v2\/posts"}],"about":[{"href":"https:\/\/www.acusticauach.cl\/index.php?rest_route=\/wp\/v2\/types\/post"}],"author":[{"embeddable":true,"href":"https:\/\/www.acusticauach.cl\/index.php?rest_route=\/wp\/v2\/users\/2"}],"replies":[{"embeddable":true,"href":"https:\/\/www.acusticauach.cl\/index.php?rest_route=%2Fwp%2Fv2%2Fcomments&post=9061"}],"version-history":[{"count":0,"href":"https:\/\/www.acusticauach.cl\/index.php?rest_route=\/wp\/v2\/posts\/9061\/revisions"}],"wp:featuredmedia":[{"embeddable":true,"href":"https:\/\/www.acusticauach.cl\/index.php?rest_route=\/wp\/v2\/media\/9062"}],"wp:attachment":[{"href":"https:\/\/www.acusticauach.cl\/index.php?rest_route=%2Fwp%2Fv2%2Fmedia&parent=9061"}],"wp:term":[{"taxonomy":"category","embeddable":true,"href":"https:\/\/www.acusticauach.cl\/index.php?rest_route=%2Fwp%2Fv2%2Fcategories&post=9061"},{"taxonomy":"post_tag","embeddable":true,"href":"https:\/\/www.acusticauach.cl\/index.php?rest_route=%2Fwp%2Fv2%2Ftags&post=9061"}],"curies":[{"name":"wp","href":"https:\/\/api.w.org\/{rel}","templated":true}]}}