{"id":9035,"date":"2017-09-01T00:25:10","date_gmt":"2017-09-01T03:25:10","guid":{"rendered":"http:\/\/www.acusticauach.cl\/?p=9035"},"modified":"2019-10-27T19:03:33","modified_gmt":"2019-10-27T22:03:33","slug":"acustica-uach-presente-en-congresos-internacionales-de-sonido","status":"publish","type":"post","link":"https:\/\/www.acusticauach.cl\/?p=9035","title":{"rendered":"Ac\u00fastica UACh presente en congresos internacionales de sonido"},"content":{"rendered":"<p><em>Las ciudades de Londres y Buenos Aires fueron sede de importantes encuentros internacionales del \u00e1rea ac\u00fastica y vibraciones.<\/em><\/p>\n<p>Durante este segundo semestre, el Director del Instituto de Ac\u00fastica UACh Dr. Jorge Arenas, particip\u00f3 del <a href=\"http:\/\/www.iiav.org\/icsv24\/\">24th International Congress on Sound and Vibration<\/a> (ICSV24) realizado en la ciudad de Londres, Reino Unido. Organizado por el <a href=\"http:\/\/www.iiav.org\/\">International Institute of Acoustics and Vibration (IIAV)<\/a>, del cual el Dr. Arenas es presidente en ejercicio, asistieron m\u00e1s de 1000 cient\u00edficos y profesionales ligados al tema de la Ac\u00fastica provenientes de 58 pa\u00edses.<\/p>\n<p>En la oportunidad, el Dr. Arenas present\u00f3 el trabajo <strong>\u00abEstimating the contribution of public transport buses to the total traffic noise in Santiago de Chile\u00bb<\/strong> en la sesi\u00f3n t\u00e9cnica sobre ruido urbano. Este trabajo, escrito en conjunto con los acad\u00e9micos Enrique Su\u00e1rez y Jorge C\u00e1rdenas, report\u00f3 algunos de los resultados del trabajo de actualizaci\u00f3n del mapa de ruido de la ciudad de Santiago, donde destaca que los buses del transporte p\u00fablico contribuyen, en promedio, un 25% del ruido total producido por el tr\u00e1nsito vehicular en la capital de Chile.<\/p>\n<p><strong><u>III Jornadas de Ac\u00fastica, Audio y Sonido (JAAS)<\/u><\/strong><\/p>\n<p>En la Universidad Nacional de Tres de Febrero, Buenos Aires, la carrera de Ingenier\u00eda de Sonido organiz\u00f3 la tercera versi\u00f3n de las <a href=\"http:\/\/untref.edu.ar\/iii-jaas\">Jornadas de Ac\u00fastica, Audio y Sonido (JAAS)<\/a> reuniendo anualmente a investigadores del \u00e1rea de la Ingenier\u00eda, Ac\u00fastica y Psicoac\u00fastica, Ciencias de la Grabaci\u00f3n, entre otras. Cabe destacar que La UNTREF es la \u00fanica universidad argentina que ofrece esta carrera.<\/p>\n<p>En este encuentro, el Dr. Arenas present\u00f3 sobre los \u201cnuevos avances en materiales ac\u00fasticos\u201d y particip\u00f3 de reuniones conjuntas entre docentes\/investigadores, profesionales, empresarios y estudiantes de posgrado. Tambi\u00e9n se presentaron las \u00faltimas innovaciones en instrumentales de medici\u00f3n, equipamiento y productos materiales con el objeto de vincular la industria con la universidad.<\/p>\n<p><iframe title=\"Ingenier\u00eda de Sonido realiz\u00f3 su encuentro anual de intercambio internacional\" width=\"1200\" height=\"675\" src=\"https:\/\/www.youtube.com\/embed\/g1snDwMurVs?feature=oembed\" frameborder=\"0\" allow=\"accelerometer; autoplay; encrypted-media; gyroscope; picture-in-picture\" allowfullscreen><\/iframe><\/p>\n","protected":false},"excerpt":{"rendered":"<p>Las ciudades de Londres y Buenos Aires fueron sede de importantes encuentros internacionales del \u00e1rea ac\u00fastica y vibraciones. Durante este segundo semestre, el Director del Instituto de Ac\u00fastica UACh Dr. Jorge Arenas, particip\u00f3 del 24th International Congress on Sound and Vibration (ICSV24) realizado en la ciudad de Londres, Reino Unido. Organizado por el International Institute [&hellip;]<\/p>\n","protected":false},"author":6,"featured_media":9036,"comment_status":"closed","ping_status":"closed","sticky":false,"template":"","format":"standard","meta":{"footnotes":""},"categories":[908],"tags":[113,48,72,114,29,124,21,470,37,45,372,49,110,112,657,697,502,434,615,391,20,25,430,213,698,699,22,403],"class_list":["post-9035","post","type-post","status-publish","format-standard","has-post-thumbnail","hentry","category-investigacion","tag-acustica","tag-arenas","tag-argentina","tag-audio","tag-carrera","tag-conferencia","tag-congreso","tag-congress","tag-estudiantes","tag-extranjero","tag-fci","tag-iiav","tag-ingenieria","tag-internacional","tag-international","tag-jaas","tag-london","tag-londres","tag-noise","tag-psicoacustica","tag-seminario","tag-sonido","tag-sound","tag-uach","tag-uk","tag-untref","tag-valdivia","tag-vibration"],"_links":{"self":[{"href":"https:\/\/www.acusticauach.cl\/index.php?rest_route=\/wp\/v2\/posts\/9035","targetHints":{"allow":["GET"]}}],"collection":[{"href":"https:\/\/www.acusticauach.cl\/index.php?rest_route=\/wp\/v2\/posts"}],"about":[{"href":"https:\/\/www.acusticauach.cl\/index.php?rest_route=\/wp\/v2\/types\/post"}],"author":[{"embeddable":true,"href":"https:\/\/www.acusticauach.cl\/index.php?rest_route=\/wp\/v2\/users\/6"}],"replies":[{"embeddable":true,"href":"https:\/\/www.acusticauach.cl\/index.php?rest_route=%2Fwp%2Fv2%2Fcomments&post=9035"}],"version-history":[{"count":0,"href":"https:\/\/www.acusticauach.cl\/index.php?rest_route=\/wp\/v2\/posts\/9035\/revisions"}],"wp:featuredmedia":[{"embeddable":true,"href":"https:\/\/www.acusticauach.cl\/index.php?rest_route=\/wp\/v2\/media\/9036"}],"wp:attachment":[{"href":"https:\/\/www.acusticauach.cl\/index.php?rest_route=%2Fwp%2Fv2%2Fmedia&parent=9035"}],"wp:term":[{"taxonomy":"category","embeddable":true,"href":"https:\/\/www.acusticauach.cl\/index.php?rest_route=%2Fwp%2Fv2%2Fcategories&post=9035"},{"taxonomy":"post_tag","embeddable":true,"href":"https:\/\/www.acusticauach.cl\/index.php?rest_route=%2Fwp%2Fv2%2Ftags&post=9035"}],"curies":[{"name":"wp","href":"https:\/\/api.w.org\/{rel}","templated":true}]}}