{"id":9026,"date":"2017-08-28T18:04:20","date_gmt":"2017-08-28T21:04:20","guid":{"rendered":"http:\/\/www.acusticauach.cl\/?p=9026"},"modified":"2019-10-27T19:03:38","modified_gmt":"2019-10-27T22:03:38","slug":"investigan-comportamiento-acustico-de-maquinaria-maderera-para-optimizar-procesos-productivos","status":"publish","type":"post","link":"https:\/\/www.acusticauach.cl\/?p=9026","title":{"rendered":"Investigan comportamiento ac\u00fastico de maquinaria maderera para optimizar procesos productivos"},"content":{"rendered":"<h2><strong>El trabajo es parte de la tesis de pre y postgrado de Felipe Figueroa, quien se gradu\u00f3 como Ingeniero Civil Ac\u00fastico y Mag\u00edster en Ac\u00fastica y Vibraciones.<\/strong><\/h2>\n<p>Fuente: Prensa FCI (28.078.2017)<\/p>\n<p>Dise\u00f1ar un sistema de monitoreo mediante emisiones sonoras para una estaci\u00f3n de maquinado de madera tipo moldurado fue el objetivo de la tesis con que se titul\u00f3 de Ingeniero Civil Ac\u00fastico y Mag\u00edster en Ac\u00fastica y Vibraciones, Felipe Figueroa, a trav\u00e9s del programa de vinculaci\u00f3n pre-postgrado de la Facultad de Ciencias de la Ingenier\u00eda UACh.<\/p>\n<p>La comisi\u00f3n evaluadora de la tesis denominada <strong>\u201cMonitoreo de condiciones de maquinado en base a emisi\u00f3n sonora\u201d<\/strong> estuvo compuesta por el Decano de la Facultad de Ciencias de la Ingenier\u00eda, Dr. Richard Luco, el Prof. Patrocinante, Dr. Jos\u00e9 Luis Barros, el Prof. Co-patrocinante, Dr. Alfredo Aguilera, el Prof. Informante, Dr. V\u00edctor Poblete y el Prof. Informante Externo Dr. Fernando Huenupan de la Univ. de la Frontera.<\/p>\n<p>La maquinaria utilizada en la producci\u00f3n de molduras en la industria de la madera consta de diversos equipos, como el de m\u00e1quinas moldureras, las cuales forman parte de este estudio. \u00c9stas requieren de un mantenimiento constante, que concilie tanto la calidad como la eficiencia de los procesos productivos.<\/p>\n<blockquote><p>El trabajo de Felipe es el primer paso para avanzar en el desarrollo de un dispositivo que permita monitorear la condici\u00f3n de las m\u00e1quinas de proceso de la industria de la madera. Esto, a partir del an\u00e1lisis y la captura del sonido, lo que permitir\u00e1 establecer si es momento de cambiar o rectificar una herramienta y optimizar el proceso productivo\u201d, explic\u00f3 su profesor patrocinante.<\/p><\/blockquote>\n<p>Los an\u00e1lisis se hicieron a trav\u00e9s del estudio en laboratorio del comportamiento ac\u00fastico de la maquinaria bajo distintos par\u00e1metros de funcionamiento (desgaste y velocidad de cuchillas, velocidad de avance, etc.). En paralelo se desarrollaron herramientas en software MATLAB(R) las cuales se utilizaron para la captura, procesamiento y an\u00e1lisis de los datos sonoros, generando un sistema semiaut\u00f3nomo de trabajo.<\/p>\n<p>A pesar que se han realizado algunas investigaciones sobre si existe relaci\u00f3n entre el sonido y \u00e9stas maquinarias, el reci\u00e9n titulado destac\u00f3 el aspecto innovador de su trabajo. \u201cNo hay tecnolog\u00edas, ni estudios previos en Chile acerca de este tema y este trabajo es un buen inicio en el desarrollo de \u00e9sta \u00e1rea dentro del pa\u00eds\u201d.<\/p>\n<blockquote><p>La idea final es lograr tener alg\u00fan prototipo que se pueda implementar de manera real en la industria. Si el proyecto final es exitoso y llegamos a alg\u00fan dispositivo, lograremos optimizar los tiempos de producci\u00f3n, ya que actualmente en la industria de la madera existe mucha p\u00e9rdida de material por calidad\u201d, explic\u00f3 el Prof. Barros.<\/p><\/blockquote>\n<h2><strong>Trabajo conjunto entre Facultades<\/strong><\/h2>\n<p>El trabajo adem\u00e1s forma parte del <strong>Proyecto Fondecyt Regular N\u00b01120347 \u201cEstudio experimental de la progresi\u00f3n del desgaste de herramientas de corte basado en fuerzas de corte y variaci\u00f3n de presi\u00f3n de sonido y su relaci\u00f3n con la calidad superficial durante el maquinado de madera s\u00f3lida de pino radiata con cuchillas de acero de alta velocidad\u201d<\/strong> que es liderado por el acad\u00e9mico Alfredo Aguilera del Instituto de Bosques y Sociedad de la Facultad de Cs. Forestales y cuenta con la colaboraci\u00f3n del Dr. Jos\u00e9 Luis Barros, Director de Escuela de Ingenier\u00eda Civil Ac\u00fastica.<\/p>\n<p>El acad\u00e9mico de Cs. Forestales explic\u00f3 que los lazos con Ac\u00fastica UACh nacieron hace un par de a\u00f1os en la b\u00fasqueda de soluciones en la investigaci\u00f3n. \u201cCon el Prof. Jos\u00e9 Luis Barros hemos publicado trabajos, participados en congresos y ahora estamos trabajando en conjunto en este FONDECYT\u201d.<\/p>\n<blockquote><p>Sin duda el aporte de Ac\u00fastica UACh y de Felipe en particular fue muy importante porque form\u00f3 parte de lo que es el inicio de la investigaci\u00f3n. Ahora se abren muchas ventanas de dudas y oportunidades en las que hay que seguir trabajando. Sin el aporte de ambos estar\u00edamos en punto cero\u201d, concluy\u00f3 el Dr. Aguilera.<\/p><\/blockquote>\n","protected":false},"excerpt":{"rendered":"<p>El trabajo es parte de la tesis de pre y postgrado de Felipe Figueroa, quien se gradu\u00f3 como Ingeniero Civil Ac\u00fastico y Mag\u00edster en Ac\u00fastica y Vibraciones. Fuente: Prensa FCI (28.078.2017) Dise\u00f1ar un sistema de monitoreo mediante emisiones sonoras para una estaci\u00f3n de maquinado de madera tipo moldurado fue el objetivo de la tesis con [&hellip;]<\/p>\n","protected":false},"author":2,"featured_media":9027,"comment_status":"closed","ping_status":"closed","sticky":false,"template":"","format":"standard","meta":{"footnotes":""},"categories":[908],"tags":[58,608,696,695,661,153,227],"class_list":["post-9026","post","type-post","status-publish","format-standard","has-post-thumbnail","hentry","category-investigacion","tag-barros","tag-estudiante","tag-forestal","tag-graduado","tag-madera","tag-magister","tag-titulados"],"_links":{"self":[{"href":"https:\/\/www.acusticauach.cl\/index.php?rest_route=\/wp\/v2\/posts\/9026","targetHints":{"allow":["GET"]}}],"collection":[{"href":"https:\/\/www.acusticauach.cl\/index.php?rest_route=\/wp\/v2\/posts"}],"about":[{"href":"https:\/\/www.acusticauach.cl\/index.php?rest_route=\/wp\/v2\/types\/post"}],"author":[{"embeddable":true,"href":"https:\/\/www.acusticauach.cl\/index.php?rest_route=\/wp\/v2\/users\/2"}],"replies":[{"embeddable":true,"href":"https:\/\/www.acusticauach.cl\/index.php?rest_route=%2Fwp%2Fv2%2Fcomments&post=9026"}],"version-history":[{"count":0,"href":"https:\/\/www.acusticauach.cl\/index.php?rest_route=\/wp\/v2\/posts\/9026\/revisions"}],"wp:featuredmedia":[{"embeddable":true,"href":"https:\/\/www.acusticauach.cl\/index.php?rest_route=\/wp\/v2\/media\/9027"}],"wp:attachment":[{"href":"https:\/\/www.acusticauach.cl\/index.php?rest_route=%2Fwp%2Fv2%2Fmedia&parent=9026"}],"wp:term":[{"taxonomy":"category","embeddable":true,"href":"https:\/\/www.acusticauach.cl\/index.php?rest_route=%2Fwp%2Fv2%2Fcategories&post=9026"},{"taxonomy":"post_tag","embeddable":true,"href":"https:\/\/www.acusticauach.cl\/index.php?rest_route=%2Fwp%2Fv2%2Ftags&post=9026"}],"curies":[{"name":"wp","href":"https:\/\/api.w.org\/{rel}","templated":true}]}}