{"id":8902,"date":"2016-04-27T17:05:39","date_gmt":"2016-04-27T20:05:39","guid":{"rendered":"http:\/\/www.acusticauach.cl\/?p=8902"},"modified":"2019-10-27T19:16:17","modified_gmt":"2019-10-27T22:16:17","slug":"dia-internacional-de-la-conciencia-sobre-el-ruido-ministro-badenier-mide-contaminacion-acustica-en-plaza-italia","status":"publish","type":"post","link":"https:\/\/www.acusticauach.cl\/?p=8902","title":{"rendered":"D\u00eda Internacional de la Conciencia sobre el Ruido: Ministro Badenier mide contaminaci\u00f3n ac\u00fastica en Plaza Italia"},"content":{"rendered":"<p><em><strong>La actividad busca crear conciencia sobre el impacto de este contaminante invisible sobre la ciudadan\u00eda. Seg\u00fan la Segunda Encuesta Nacional del Medio Ambiente, se trata de uno de los problemas ambientales que m\u00e1s identifican los chilenos, despu\u00e9s de la contaminaci\u00f3n del aire y la basura..<\/strong><\/em><\/p>\n<p><a href=\"http:\/\/portal.mma.gob.cl\/dia-internacional-de-la-conciencia-sobre-el-ruido-ministro-badenier-mide-contaminacion-acustica-en-plaza-italia\/\">* Comunicaciones Ministerio del Medio Ambiente- Gobierno de Chile<\/a><\/p>\n<p>El ministro del Medio Ambiente, Pablo Badenier, concurri\u00f3 esta ma\u00f1ana a Plaza Italia para medir los niveles de ruido que se generan en ese sector, los que fueron proyectados a trav\u00e9s de las pantallas gigantes ubicadas en las esquinas de Vicu\u00f1a Mackenna y Alameda, para conmemorar de esta forma el D\u00eda Internacional de la Conciencia sobre el Ruido.<\/p>\n<p>Esta ubicaci\u00f3n no fue escogida al azar, ya que esta es una de las esquinas que presenta mayor contaminaci\u00f3n ac\u00fastica en todo Santiago. Por eso, el llamado fue a crear conciencia sobre el impacto que genera en la ciudadan\u00eda y en el medio ambiente.<\/p>\n<p>Ante esto, la m\u00e1xima autoridad ambiental afirm\u00f3 que \u201cel ruido es un contaminante invisible, pero eso no significa que pasa desapercibido. Seg\u00fan la Segunda Encuesta Nacional del Medio Ambiente realizada por nuestro ministerio, se trata de uno de los problemas ambientales que m\u00e1s identifican los chilenos, despu\u00e9s de la contaminaci\u00f3n del aire y la basura<\/p>\n<p>Respecto de las acciones que el Ministerio del Medio Ambiente desarrolla frente a esta tem\u00e1tica, Badenier agreg\u00f3 que \u201cnuestra instituci\u00f3n elabora mapas de ruido de las ciudades, trabajo que ya hemos realizado en el Gran Santiago, Temuco-Padre Las Casas, La Serena-Coquimbo y Valdivia. Esto nos ayuda a visualizar c\u00f3mo este contaminante afecta a distintos sectores de cada ciudad, a sus calles e incluso a sus barrios. Con esta informaci\u00f3n podemos, por ejemplo, tomar decisiones en materia normativa, relevar el ruido como una variable del ordenamiento territorial o conocer las necesidades de aislamiento ac\u00fastico que requerir\u00edan nuevas construcciones\u201d.<\/p>\n<p>Asimismo, el jefe de cartera agreg\u00f3 que \u201choy existen normas para poder disminuir las emisiones de ruido, como la norma de emisi\u00f3n en fuentes fijas, la norma de emisi\u00f3n para veh\u00edculos de locomoci\u00f3n colectiva y en 2017 entrar\u00e1 en vigencia una norma para veh\u00edculos livianos y motocicletas. Esto nos ayuda en el control de fuentes generadoras de ruido\u201d.<\/p>\n<p><strong>Efectos del ruido en la salud<\/strong><\/p>\n<p>El ruido es una forma m\u00e1s de contaminaci\u00f3n que a determinados niveles puede generar estr\u00e9s, p\u00e9rdida de la audici\u00f3n, afectaciones cardiovasculares, retraso escolar, conductas agresivas, dificultas en la convivencia, entre otros.<\/p>\n<p>Considerando que el ruido es una consecuencia directa de las actividades humanas, se recomienda a la poblaci\u00f3n no acelerar el motor excesivamente, usar la bocina solo en casos de emergencia, mantener un volumen bajo de equipos de m\u00fasica o televisi\u00f3n en su hogar y realizar reparaciones ruidosas durante el d\u00eda y evitar este tipo de actividades los domingos.<\/p>\n<p>Los est\u00e1ndares que se consideran en Chile para generar y ejecutar las pol\u00edticas p\u00fablicas en materia de ruido, son los establecidos por la OCDE. De 65 decibeles (dBA) hacia abajo es \u201caceptable\u201d el ruido generado y de 65 (dBA) hacia arriba es \u201cinaceptable\u201d, en horario diurno. En cambio, durante la noche se considera \u201caceptable\u201d el rango de 55 (dBA) hacia abajo e \u201cinaceptable\u201d m\u00e1s de 55 (dBA).<\/p>\n<p><img decoding=\"async\" class=\"aligncenter size-full wp-image-8905\" src=\"https:\/\/www.acusticauach.cl\/wp-content\/uploads\/2016\/04\/2016_04_27_INAD_Santiago_Ministro_Twitter_01c.jpg\" alt=\"\" width=\"800\" height=\"450\" srcset=\"https:\/\/www.acusticauach.cl\/wp-content\/uploads\/2016\/04\/2016_04_27_INAD_Santiago_Ministro_Twitter_01c.jpg 800w, https:\/\/www.acusticauach.cl\/wp-content\/uploads\/2016\/04\/2016_04_27_INAD_Santiago_Ministro_Twitter_01c-300x169.jpg 300w, https:\/\/www.acusticauach.cl\/wp-content\/uploads\/2016\/04\/2016_04_27_INAD_Santiago_Ministro_Twitter_01c-768x432.jpg 768w, https:\/\/www.acusticauach.cl\/wp-content\/uploads\/2016\/04\/2016_04_27_INAD_Santiago_Ministro_Twitter_01c-700x394.jpg 700w, https:\/\/www.acusticauach.cl\/wp-content\/uploads\/2016\/04\/2016_04_27_INAD_Santiago_Ministro_Twitter_01c-500x281.jpg 500w\" sizes=\"(max-width: 800px) 100vw, 800px\" \/><\/p>\n<p><strong>AcusticaUACh<\/strong><\/p>\n<p>En la actividad estuvo presente el Dr. Enrique Su\u00e1rez, profesor del Instituto de Ac\u00fastica de la Universidad Austral y Director del Proyecto Mapas de Ruido que se ha ejecutado para el Ministerio del Medio Ambiente.<\/p>\n<p>En la oportunidad, Ac\u00fastica UACh apoy\u00f3 t\u00e9cnicamente la esta actividad, tanto en la medici\u00f3n de ruido ambiental con un son\u00f3metro, como al aportar informaci\u00f3n sobre los mapas de ruido que se han elaborado. \u00abPara nosotros como especialistas en ac\u00fastica ambiental, siempre es relevante poder participar de estas actividades de difusi\u00f3n que permiten tomar conciencia sobre el ruido ambiental y sus problemas\u00bb, coment\u00f3 el Dr. Su\u00e1rez.<\/p>\n<p>El D\u00eda Internacional de Conciencia sobre el Ruido, es organizado por The Center for Hearing and Communication. La fecha tambi\u00e9n se celebra en pa\u00edses como Estados Unidos, Brasil, Espa\u00f1a, Reino Unido, Suiza, entre otros.<\/p>\n<p>&nbsp;<\/p>\n<p><a href=\"http:\/\/portal.mma.gob.cl\/dia-internacional-de-la-conciencia-sobre-el-ruido-ministro-badenier-mide-contaminacion-acustica-en-plaza-italia\/\">* Comunicaciones Ministerio del Medio Ambiente- Gobierno de Chile<\/a><\/p>\n<p>&nbsp;<\/p>\n<div class=\"fb-post\" data-href=\"https:\/\/www.facebook.com\/media\/set\/?set=a.836231083125200.1073741855.194362960645352&amp;type=1\" data-width=\"700\"><\/div>\n","protected":false},"excerpt":{"rendered":"<p>La actividad busca crear conciencia sobre el impacto de este contaminante invisible sobre la ciudadan\u00eda. Seg\u00fan la Segunda Encuesta Nacional del Medio Ambiente, se trata de uno de los problemas ambientales que m\u00e1s identifican los chilenos, despu\u00e9s de la contaminaci\u00f3n del aire y la basura.. * Comunicaciones Ministerio del Medio Ambiente- Gobierno de Chile El [&hellip;]<\/p>\n","protected":false},"author":2,"featured_media":8903,"comment_status":"closed","ping_status":"closed","sticky":false,"template":"","format":"standard","meta":{"footnotes":""},"categories":[909],"tags":[149,112,35,34,32,73,22],"class_list":["post-8902","post","type-post","status-publish","format-standard","has-post-thumbnail","hentry","category-vinculacion","tag-dia","tag-internacional","tag-medio-ambiente","tag-ministerio","tag-ruido","tag-suarez","tag-valdivia"],"_links":{"self":[{"href":"https:\/\/www.acusticauach.cl\/index.php?rest_route=\/wp\/v2\/posts\/8902","targetHints":{"allow":["GET"]}}],"collection":[{"href":"https:\/\/www.acusticauach.cl\/index.php?rest_route=\/wp\/v2\/posts"}],"about":[{"href":"https:\/\/www.acusticauach.cl\/index.php?rest_route=\/wp\/v2\/types\/post"}],"author":[{"embeddable":true,"href":"https:\/\/www.acusticauach.cl\/index.php?rest_route=\/wp\/v2\/users\/2"}],"replies":[{"embeddable":true,"href":"https:\/\/www.acusticauach.cl\/index.php?rest_route=%2Fwp%2Fv2%2Fcomments&post=8902"}],"version-history":[{"count":0,"href":"https:\/\/www.acusticauach.cl\/index.php?rest_route=\/wp\/v2\/posts\/8902\/revisions"}],"wp:featuredmedia":[{"embeddable":true,"href":"https:\/\/www.acusticauach.cl\/index.php?rest_route=\/wp\/v2\/media\/8903"}],"wp:attachment":[{"href":"https:\/\/www.acusticauach.cl\/index.php?rest_route=%2Fwp%2Fv2%2Fmedia&parent=8902"}],"wp:term":[{"taxonomy":"category","embeddable":true,"href":"https:\/\/www.acusticauach.cl\/index.php?rest_route=%2Fwp%2Fv2%2Fcategories&post=8902"},{"taxonomy":"post_tag","embeddable":true,"href":"https:\/\/www.acusticauach.cl\/index.php?rest_route=%2Fwp%2Fv2%2Ftags&post=8902"}],"curies":[{"name":"wp","href":"https:\/\/api.w.org\/{rel}","templated":true}]}}