{"id":8820,"date":"2017-06-14T12:17:31","date_gmt":"2017-06-14T16:17:31","guid":{"rendered":"http:\/\/www.acusticauach.cl\/?p=8820"},"modified":"2019-10-27T19:05:14","modified_gmt":"2019-10-27T22:05:14","slug":"abiertas-inscripciones-para-congreso-internacional-de-acustica-y-audio-profesional-ingeacus-2017","status":"publish","type":"post","link":"https:\/\/www.acusticauach.cl\/?p=8820","title":{"rendered":"Abiertas inscripciones para Congreso Internacional de Ac\u00fastica y Audio Profesional INGEACUS 2017"},"content":{"rendered":"<p><em>Desde el 22 hasta el 25 de noviembre se realizar\u00e1 el encuentro organizado por estudiantes de Ingenier\u00eda Civil Ac\u00fastica UACh. Las inscripciones tempranas finalizan el 31 de agosto.<\/em><\/p>\n<p>Hace 25 a\u00f1os se realiz\u00f3 la primera versi\u00f3n del<strong> <a href=\"http:\/\/www.ingeacus.cl\/\">INGEACUS<\/a> <\/strong>(1992) con el objetivo de generar un espacio que permita el contacto entre pares y expertos de la ac\u00fastica y el audio profesional. La actividad que desde sus inicios fue organizada por estudiantes de <a href=\"http:\/\/ingenieria.uach.cl\/\">Ac\u00fastica UACh<\/a>, hoy se ha convertido en una de las convocatorias con m\u00e1s amplia trayectoria y tradici\u00f3n a nivel nacional y sudamericano en \u00e9sta \u00e1rea.<\/p>\n<p>El objetivo de la versi\u00f3n 2017 de <strong>INGEACUS<\/strong> es generar y consolidar redes interdisciplinarias entre estudiantes, profesionales, investigadores y empresas ligadas a la ac\u00fastica en las \u00e1reas de ac\u00fastica ambiental y normativa; ac\u00fastica arquitect\u00f3nica, control de ruido y vibraciones, DSP e ingenier\u00eda en audio, patrimonio sonoro, psicoac\u00fastica y ac\u00fastica biom\u00e9dica; tecnolog\u00eda musical y ac\u00fastica musical y ultrasonido y ac\u00fastica subacu\u00e1tica.<\/p>\n<p>El congreso contar\u00e1 con sesiones t\u00e9cnicas, charlas, plenarias, concurso de posters y cursos tutoriales, adem\u00e1s de workshop de empresas y eventos musicales que se realizar\u00e1n en paralelo. Algunos de los destacados exponentes de la ac\u00fastica y el audio profesional que participar\u00e1n del encuentro son: Dr. George Sommerhoff, Gonz\u00e1lo \u201cChalo\u201d Gonz\u00e1lez, Dr. Samir N.Y. Gerges, Dr. Jorge Arenas, Dr. Wade A. Matthews y Msc. Alfredo D\u00e4ttwyler, entre otros expertos.<\/p>\n<p style=\"text-align: left\"><strong><a href=\"https:\/\/www.acusticauach.cl\/wp-content\/uploads\/2017\/06\/LOGO_LEYENDA.png\"><img decoding=\"async\" class=\"size-medium wp-image-8822 alignleft\" src=\"https:\/\/www.acusticauach.cl\/wp-content\/uploads\/2017\/06\/LOGO_LEYENDA-230x300.png\" alt=\"\" width=\"230\" height=\"300\" srcset=\"https:\/\/www.acusticauach.cl\/wp-content\/uploads\/2017\/06\/LOGO_LEYENDA-230x300.png 230w, https:\/\/www.acusticauach.cl\/wp-content\/uploads\/2017\/06\/LOGO_LEYENDA-768x1002.png 768w, https:\/\/www.acusticauach.cl\/wp-content\/uploads\/2017\/06\/LOGO_LEYENDA-785x1024.png 785w, https:\/\/www.acusticauach.cl\/wp-content\/uploads\/2017\/06\/LOGO_LEYENDA-700x914.png 700w, https:\/\/www.acusticauach.cl\/wp-content\/uploads\/2017\/06\/LOGO_LEYENDA-500x653.png 500w\" sizes=\"(max-width: 230px) 100vw, 230px\" \/><\/a>Inscripciones<\/strong><\/p>\n<p>Quienes asistan tendr\u00e1n la posibilidad de participar de todas las actividades disponibles y adem\u00e1s recibir\u00e1n el kit del congreso y un certificado de participaci\u00f3n. Si deseas inscribirte debes ingresar a <strong>www.ingeacus.cl\u00a0<\/strong>llenar el formulario de inscripci\u00f3n y seguir las instrucciones. La inscripci\u00f3n temprana finaliza el d\u00eda jueves 31 de agosto y tiene un costo de $35.000 CLP para estudiantes y $70.000 CLP para p\u00fablico general.<\/p>\n<p>Pasada esta fecha, desde el viernes 1 de septiembre hasta el martes 31 de octubre los costos suben a $45.000 CLP estudiantes y $90.000 CLP p\u00fablico general. Finalmente,\u00a0 y a contar del mi\u00e9rcoles 1 noviembre deber\u00e1n pagar $55.000 CLP estudiantes y $110.000 CLP p\u00fablico general.<\/p>\n<p>-La recepci\u00f3n de <em>Abstract<\/em> para presentar Sesiones T\u00e9cnicas finaliza el d\u00eda s\u00e1bado 1 de julio 2017.<\/p>\n<p>&#8211; La recepci\u00f3n de resumen extendido para Concurso de Poster es hasta el d\u00eda martes 1 de agosto 2017.<\/p>\n<p>Hay que destacar, que quienes asistan desde otros lugares del pa\u00eds, tienen la posibilidad de acceder a un convenio exclusivo con <a href=\"http:\/\/www.xn--cabaaspumantu-lkb.cl\/\">Caba\u00f1as Pumant\u00fa<\/a> para la estad\u00eda de estudiantes no residentes en la ciudad de Valdivia. Interesados deben contactarse a <a href=\"mailto:convenios@ingeacus.cl\"><strong>convenios@ingeacus.cl<\/strong><\/a><\/p>\n<p>Para m\u00e1s informaci\u00f3n, puedes ingresar a la <a href=\"http:\/\/www.ingeacus.cl\">p\u00e1gina oficial<\/a> de INGEACUS, a sus redes sociales en <a href=\"https:\/\/www.facebook.com\/ingeacusuach\/\">facebook<\/a> y <a href=\"https:\/\/twitter.com\/INGEACUSUACh\">twitter<\/a> o escribir a <a href=\"mailto:contacto@ingeacus.cl\">contacto@ingeacus.cl<\/a><\/p>\n<p><strong>50 a\u00f1os de Escuela de Sonido y \u00a0Ac\u00fastica UACh<\/strong><\/p>\n<p>La versi\u00f3n 2017 de INGEACUS se enmarca dentro de las actividades oficiales de conmemoraci\u00f3n de los 50 a\u00f1os de Ac\u00fastica UACh, junto al <strong>Seminario de Ruido Ambiental<\/strong>, organizado por el Ministerio del Medio Ambiente (martes 21 de noviembre), <strong>Encuentro SonoAc\u00fastico<\/strong> y el <strong>Recital Yankeelandia<\/strong> (s\u00e1bado 25 de noviembre).<\/p>\n<p>&nbsp;<\/p>\n<p>&nbsp;<\/p>\n<p>&nbsp;<\/p>\n","protected":false},"excerpt":{"rendered":"<p>Desde el 22 hasta el 25 de noviembre se realizar\u00e1 el encuentro organizado por estudiantes de Ingenier\u00eda Civil Ac\u00fastica UACh. Las inscripciones tempranas finalizan el 31 de agosto. Hace 25 a\u00f1os se realiz\u00f3 la primera versi\u00f3n del INGEACUS (1992) con el objetivo de generar un espacio que permita el contacto entre pares y expertos de [&hellip;]<\/p>\n","protected":false},"author":6,"featured_media":8826,"comment_status":"closed","ping_status":"closed","sticky":false,"template":"","format":"standard","meta":{"footnotes":""},"categories":[906],"tags":[545,620,402,113,114,544,29,124,21,470,388,621,37,41,372,24,110,112,469,78,153,35,189,384,311,391,392,32,33,20,25,430,623,624,375,213,622,22,332],"class_list":["post-8820","post","type-post","status-publish","format-standard","has-post-thumbnail","hentry","category-pregrado","tag-545","tag-abstract","tag-acoustics","tag-acustica","tag-audio","tag-biomedica","tag-carrera","tag-conferencia","tag-congreso","tag-congress","tag-development","tag-dsp","tag-estudiantes","tag-exalumnos","tag-fci","tag-ingeacus","tag-ingenieria","tag-internacional","tag-international-congress-on-acoustics","tag-investigacion-2","tag-magister","tag-medio-ambiente","tag-musica","tag-patrimonio","tag-patrimonio-sonoro","tag-psicoacustica","tag-psychoacoustic","tag-ruido","tag-santiago","tag-seminario","tag-sonido","tag-sound","tag-subacuatica","tag-tech","tag-tecnologia","tag-uach","tag-ultrasonido","tag-valdivia","tag-vibraciones"],"_links":{"self":[{"href":"https:\/\/www.acusticauach.cl\/index.php?rest_route=\/wp\/v2\/posts\/8820","targetHints":{"allow":["GET"]}}],"collection":[{"href":"https:\/\/www.acusticauach.cl\/index.php?rest_route=\/wp\/v2\/posts"}],"about":[{"href":"https:\/\/www.acusticauach.cl\/index.php?rest_route=\/wp\/v2\/types\/post"}],"author":[{"embeddable":true,"href":"https:\/\/www.acusticauach.cl\/index.php?rest_route=\/wp\/v2\/users\/6"}],"replies":[{"embeddable":true,"href":"https:\/\/www.acusticauach.cl\/index.php?rest_route=%2Fwp%2Fv2%2Fcomments&post=8820"}],"version-history":[{"count":0,"href":"https:\/\/www.acusticauach.cl\/index.php?rest_route=\/wp\/v2\/posts\/8820\/revisions"}],"wp:featuredmedia":[{"embeddable":true,"href":"https:\/\/www.acusticauach.cl\/index.php?rest_route=\/wp\/v2\/media\/8826"}],"wp:attachment":[{"href":"https:\/\/www.acusticauach.cl\/index.php?rest_route=%2Fwp%2Fv2%2Fmedia&parent=8820"}],"wp:term":[{"taxonomy":"category","embeddable":true,"href":"https:\/\/www.acusticauach.cl\/index.php?rest_route=%2Fwp%2Fv2%2Fcategories&post=8820"},{"taxonomy":"post_tag","embeddable":true,"href":"https:\/\/www.acusticauach.cl\/index.php?rest_route=%2Fwp%2Fv2%2Ftags&post=8820"}],"curies":[{"name":"wp","href":"https:\/\/api.w.org\/{rel}","templated":true}]}}