{"id":8804,"date":"2017-06-12T23:19:34","date_gmt":"2017-06-13T03:19:34","guid":{"rendered":"http:\/\/www.acusticauach.cl\/?p=8804"},"modified":"2019-10-27T19:05:22","modified_gmt":"2019-10-27T22:05:22","slug":"dr-jorge-arenas-expone-en-encuentro-de-la-sociedad-brasilera-de-acustica","status":"publish","type":"post","link":"https:\/\/www.acusticauach.cl\/?p=8804","title":{"rendered":"Dr. Jorge Arenas expone en Encuentro de la Sociedad Brasilera de Ac\u00fastica"},"content":{"rendered":"<p><em>La XXVII versi\u00f3n del SOBRAC se realiz\u00f3 del 28 al 31 de mayo en la ciudad de Brasilia, donde expertos del \u00e1rea trabajaron en torno al \u201csonido en el espacio urbano\u00bb.<\/em><\/p>\n<p>El director del Instituto de Ac\u00fastica de la <a href=\"http:\/\/ingenieria.uach.cl\/\">Facultad de Ciencias de la Ingenier\u00eda UACh<\/a>, Dr. Jorge Arenas particip\u00f3 como conferencista invitado en el <a href=\"http:\/\/sobrac2017.com.br\/\"><strong>27\u00b0 Encuentro de la Sociedad Brasilera de Ac\u00fastica, SOBRAC 2017<\/strong><\/a>, evento organizado por la <a href=\"http:\/\/acustica.org.br\/\">Sociedad Brasile\u00f1a de Ac\u00fastica<\/a> en conjunto con las Facultades de Arquitectura y Urbanismo e Ingenier\u00eda de la <a href=\"http:\/\/www.unb.br\/\">Universidad de Brasilia<\/a>.<\/p>\n<p>En esta versi\u00f3n, donde la tem\u00e1tica principal del encuentro fue \u00abel sonido en el espacio urbano\u00bb, el Dr. Arenas present\u00f3 la conferencia <strong>\u00abNoise Mapping in Urban Areas: The Chilean Experience\u00bb<\/strong>. En esta presentaci\u00f3n se expuso la experiencia chilena sobre la elaboraci\u00f3n de mapas de ruido en distintas ciudades del pa\u00eds, sus complejidades y las lecciones aprendidas a lo largo del tiempo.<\/p>\n<p>El tema del sonido en el espacio urbano es parte de la revisi\u00f3n y el desarrollo de est\u00e1ndares ac\u00fasticos como NBR 10151 (sobre el ruido de la comunidad) y NBR 10152 (por el ruido interno), as\u00ed como los debates sobre la legislaci\u00f3n de control de la contaminaci\u00f3n ac\u00fastica en algunas ciudades como Brasilia. Tambi\u00e9n se destacan las propuestas de mapas de ruido, tales como la ley recientemente promulgada por la ciudad de Sao Paulo para el desarrollo e implementaci\u00f3n de Mapa de Ruido Urbano de la ciudad.<\/p>\n<p>Durante el encuentro, realizado entre el 28 y el 31 de mayo de 2017 en la capital brasile\u00f1a, se ofrecieron cursos, mesas redondas, conferencias, exposici\u00f3n de productos y sesiones t\u00e9cnicas en distintas \u00e1reas. Las reuniones de SOBRAC buscan promover el intercambio entre investigadores, profesores y estudiantes de universidades brasile\u00f1as e internacionales,\u00a0 a fin de establecer un puente de contacto entre los profesionales acad\u00e9micos y de negocios vinculados a diversas especialidades en el campo de la ac\u00fastica y las vibraciones.<\/p>\n<p><a href=\"https:\/\/www.acusticauach.cl\/wp-content\/uploads\/2017\/06\/DSC06658.jpg\"><img decoding=\"async\" class=\"aligncenter wp-image-8805 size-large\" src=\"https:\/\/www.acusticauach.cl\/wp-content\/uploads\/2017\/06\/DSC06658-1024x768.jpg\" alt=\"\" width=\"640\" height=\"480\" srcset=\"https:\/\/www.acusticauach.cl\/wp-content\/uploads\/2017\/06\/DSC06658-1024x768.jpg 1024w, https:\/\/www.acusticauach.cl\/wp-content\/uploads\/2017\/06\/DSC06658-300x225.jpg 300w, https:\/\/www.acusticauach.cl\/wp-content\/uploads\/2017\/06\/DSC06658-768x576.jpg 768w, https:\/\/www.acusticauach.cl\/wp-content\/uploads\/2017\/06\/DSC06658-700x525.jpg 700w, https:\/\/www.acusticauach.cl\/wp-content\/uploads\/2017\/06\/DSC06658-500x375.jpg 500w, https:\/\/www.acusticauach.cl\/wp-content\/uploads\/2017\/06\/DSC06658.jpg 1500w\" sizes=\"(max-width: 640px) 100vw, 640px\" \/><\/a><\/p>\n<p>&nbsp;<\/p>\n","protected":false},"excerpt":{"rendered":"<p>La XXVII versi\u00f3n del SOBRAC se realiz\u00f3 del 28 al 31 de mayo en la ciudad de Brasilia, donde expertos del \u00e1rea trabajaron en torno al \u201csonido en el espacio urbano\u00bb. El director del Instituto de Ac\u00fastica de la Facultad de Ciencias de la Ingenier\u00eda UACh, Dr. Jorge Arenas particip\u00f3 como conferencista invitado en el [&hellip;]<\/p>\n","protected":false},"author":6,"featured_media":8806,"comment_status":"closed","ping_status":"closed","sticky":false,"template":"","format":"standard","meta":{"footnotes":""},"categories":[908],"tags":[113,48,576,613,575,382,124,45,372,112,17,616,615,32,619,618,612,213,614,617,22,332],"class_list":["post-8804","post","type-post","status-publish","format-standard","has-post-thumbnail","hentry","category-investigacion","tag-acustica","tag-arenas","tag-br","tag-brasilia","tag-brazil","tag-chile","tag-conferencia","tag-extranjero","tag-fci","tag-internacional","tag-mapa-de-ruido","tag-mapping","tag-noise","tag-ruido","tag-sanpablo","tag-saopaulo","tag-sobrac","tag-uach","tag-unb","tag-urban","tag-valdivia","tag-vibraciones"],"_links":{"self":[{"href":"https:\/\/www.acusticauach.cl\/index.php?rest_route=\/wp\/v2\/posts\/8804","targetHints":{"allow":["GET"]}}],"collection":[{"href":"https:\/\/www.acusticauach.cl\/index.php?rest_route=\/wp\/v2\/posts"}],"about":[{"href":"https:\/\/www.acusticauach.cl\/index.php?rest_route=\/wp\/v2\/types\/post"}],"author":[{"embeddable":true,"href":"https:\/\/www.acusticauach.cl\/index.php?rest_route=\/wp\/v2\/users\/6"}],"replies":[{"embeddable":true,"href":"https:\/\/www.acusticauach.cl\/index.php?rest_route=%2Fwp%2Fv2%2Fcomments&post=8804"}],"version-history":[{"count":0,"href":"https:\/\/www.acusticauach.cl\/index.php?rest_route=\/wp\/v2\/posts\/8804\/revisions"}],"wp:featuredmedia":[{"embeddable":true,"href":"https:\/\/www.acusticauach.cl\/index.php?rest_route=\/wp\/v2\/media\/8806"}],"wp:attachment":[{"href":"https:\/\/www.acusticauach.cl\/index.php?rest_route=%2Fwp%2Fv2%2Fmedia&parent=8804"}],"wp:term":[{"taxonomy":"category","embeddable":true,"href":"https:\/\/www.acusticauach.cl\/index.php?rest_route=%2Fwp%2Fv2%2Fcategories&post=8804"},{"taxonomy":"post_tag","embeddable":true,"href":"https:\/\/www.acusticauach.cl\/index.php?rest_route=%2Fwp%2Fv2%2Ftags&post=8804"}],"curies":[{"name":"wp","href":"https:\/\/api.w.org\/{rel}","templated":true}]}}