{"id":8791,"date":"2017-05-22T17:20:56","date_gmt":"2017-05-22T21:20:56","guid":{"rendered":"http:\/\/www.acusticauach.cl\/?p=8791"},"modified":"2019-10-27T19:05:52","modified_gmt":"2019-10-27T22:05:52","slug":"acoustics-today-entrevista-a-dr-jorge-arenas","status":"publish","type":"post","link":"https:\/\/www.acusticauach.cl\/?p=8791","title":{"rendered":"Acoustics Today: Entrevista a Dr. Jorge Arenas"},"content":{"rendered":"<h2><strong>El profesor Jorge Arenas fue entrevistado por la prestigiosa revista Acoustics Today (de la\u00a0Acoustical Society of America).<\/strong><\/h2>\n<p>Corresponde a la secci\u00f3n <strong>Entrevistas con Ac\u00fasticos Sudamericanos.<\/strong> Puede encontrar otras entrevistas en <a href=\"http:\/\/acousticstoday.org\/entrevistas-con-acusticos-sudamericanos\/\">http:\/\/acousticstoday.org\/entrevistas-con-acusticos-sudamericanos\/<\/a> en espa\u00f1ol y en<a href=\"http:\/\/acousticstoday.org\/interviews-south-american-acousticians\/\"> http:\/\/acousticstoday.org\/interviews-south-american-acousticians\/<\/a> en ingl\u00e9s.<\/p>\n<p><a href=\"https:\/\/www.acusticauach.cl\/wp-content\/uploads\/2017\/05\/Entrevista-con-el-Profesor-Jorge-Arenas-Acoustics-Today.pdf\" target=\"_blank\" rel=\"noopener noreferrer\">Entrevista con el Profesor Jorge Arenas &#8211; Acoustics Today en pdf<\/a><\/p>\n<p>En la p\u00e1gina web, la entrevista est\u00e1 disponible aqu\u00ed:<\/p>\n<blockquote class=\"wp-embedded-content\" data-secret=\"5GE8TCVKEV\"><p><a href=\"https:\/\/acousticstoday.org\/entrevista-con-el-profesor-jorge-arenas\/\">Entrevista con el Profesor Jorge Arenas &#8211; Ernesto Accolti<\/a><\/p><\/blockquote>\n<p><iframe title=\"&#8220;Entrevista con el Profesor Jorge Arenas &#8211; Ernesto Accolti&#8221; &#8212; Acoustics Today\" class=\"wp-embedded-content\" sandbox=\"allow-scripts\" security=\"restricted\" style=\"position: absolute; clip: rect(1px, 1px, 1px, 1px);\" src=\"https:\/\/acousticstoday.org\/entrevista-con-el-profesor-jorge-arenas\/embed\/#?secret=5GE8TCVKEV\" data-secret=\"5GE8TCVKEV\" width=\"600\" height=\"338\" frameborder=\"0\" marginwidth=\"0\" marginheight=\"0\" scrolling=\"no\"><\/iframe><\/p>\n","protected":false},"excerpt":{"rendered":"<p>El profesor Jorge Arenas fue entrevistado por la prestigiosa revista Acoustics Today (de la\u00a0Acoustical Society of America). Corresponde a la secci\u00f3n Entrevistas con Ac\u00fasticos Sudamericanos. Puede encontrar otras entrevistas en http:\/\/acousticstoday.org\/entrevistas-con-acusticos-sudamericanos\/ en espa\u00f1ol y en http:\/\/acousticstoday.org\/interviews-south-american-acousticians\/ en ingl\u00e9s. Entrevista con el Profesor Jorge Arenas &#8211; Acoustics Today en pdf En la p\u00e1gina web, la entrevista [&hellip;]<\/p>\n","protected":false},"author":2,"featured_media":8792,"comment_status":"closed","ping_status":"closed","sticky":false,"template":"","format":"standard","meta":{"footnotes":""},"categories":[102],"tags":[48,611,89,65],"class_list":["post-8791","post","type-post","status-publish","format-standard","has-post-thumbnail","hentry","category-acusticauach_medios","tag-arenas","tag-asa","tag-entrevista","tag-revista"],"_links":{"self":[{"href":"https:\/\/www.acusticauach.cl\/index.php?rest_route=\/wp\/v2\/posts\/8791","targetHints":{"allow":["GET"]}}],"collection":[{"href":"https:\/\/www.acusticauach.cl\/index.php?rest_route=\/wp\/v2\/posts"}],"about":[{"href":"https:\/\/www.acusticauach.cl\/index.php?rest_route=\/wp\/v2\/types\/post"}],"author":[{"embeddable":true,"href":"https:\/\/www.acusticauach.cl\/index.php?rest_route=\/wp\/v2\/users\/2"}],"replies":[{"embeddable":true,"href":"https:\/\/www.acusticauach.cl\/index.php?rest_route=%2Fwp%2Fv2%2Fcomments&post=8791"}],"version-history":[{"count":0,"href":"https:\/\/www.acusticauach.cl\/index.php?rest_route=\/wp\/v2\/posts\/8791\/revisions"}],"wp:featuredmedia":[{"embeddable":true,"href":"https:\/\/www.acusticauach.cl\/index.php?rest_route=\/wp\/v2\/media\/8792"}],"wp:attachment":[{"href":"https:\/\/www.acusticauach.cl\/index.php?rest_route=%2Fwp%2Fv2%2Fmedia&parent=8791"}],"wp:term":[{"taxonomy":"category","embeddable":true,"href":"https:\/\/www.acusticauach.cl\/index.php?rest_route=%2Fwp%2Fv2%2Fcategories&post=8791"},{"taxonomy":"post_tag","embeddable":true,"href":"https:\/\/www.acusticauach.cl\/index.php?rest_route=%2Fwp%2Fv2%2Ftags&post=8791"}],"curies":[{"name":"wp","href":"https:\/\/api.w.org\/{rel}","templated":true}]}}