{"id":8711,"date":"2017-05-22T16:32:58","date_gmt":"2017-05-22T20:32:58","guid":{"rendered":"http:\/\/www.acusticauach.cl\/?p=8711"},"modified":"2019-10-27T19:06:03","modified_gmt":"2019-10-27T22:06:03","slug":"canal-mega-reportaje-en-ahora-noticias","status":"publish","type":"post","link":"https:\/\/www.acusticauach.cl\/?p=8711","title":{"rendered":"Canal MEGA: Reportaje en AHORA NOTICIAS"},"content":{"rendered":"<h2><strong>Canal MEGA, Ahora Noticias, Reportajes:\u00a0Las esquina m\u00e1s ruidosas de Santiago. Lunes 22 de mayo de 2017<\/strong><\/h2>\n<p>Dolores de cabeza, fatiga, alteraciones en la presi\u00f3n y sordera son s\u00f3lo algunas de las consecuencias que provoca el exceso de ruido, un tipo de contaminaci\u00f3n que se ha vuelto cada vez m\u00e1s habitual.<\/p>\n<p><img decoding=\"async\" class=\"aligncenter size-full wp-image-8710\" src=\"https:\/\/www.acusticauach.cl\/wp-content\/uploads\/2017\/05\/2017_05_22_MEGA_ESUAREZ01.jpg\" alt=\"2017_05_22_MEGA_ESUAREZ01\" width=\"1600\" height=\"900\" srcset=\"https:\/\/www.acusticauach.cl\/wp-content\/uploads\/2017\/05\/2017_05_22_MEGA_ESUAREZ01.jpg 1600w, https:\/\/www.acusticauach.cl\/wp-content\/uploads\/2017\/05\/2017_05_22_MEGA_ESUAREZ01-300x169.jpg 300w, https:\/\/www.acusticauach.cl\/wp-content\/uploads\/2017\/05\/2017_05_22_MEGA_ESUAREZ01-768x432.jpg 768w, https:\/\/www.acusticauach.cl\/wp-content\/uploads\/2017\/05\/2017_05_22_MEGA_ESUAREZ01-1024x576.jpg 1024w, https:\/\/www.acusticauach.cl\/wp-content\/uploads\/2017\/05\/2017_05_22_MEGA_ESUAREZ01-700x394.jpg 700w, https:\/\/www.acusticauach.cl\/wp-content\/uploads\/2017\/05\/2017_05_22_MEGA_ESUAREZ01-500x281.jpg 500w\" sizes=\"(max-width: 1600px) 100vw, 1600px\" \/><\/p>\n<p>Profesor Enrique Su\u00e1rez fue entrevistado para este reportaje.<\/p>\n<p><strong><a href=\"http:\/\/www.ahoranoticias.cl\/programas\/reportajes\/197605-las-esquina-mas-ruidosas-de-santiago.html\" target=\"_blank\" rel=\"noopener noreferrer\">Ver reportaje en:\u00a0http:\/\/www.ahoranoticias.cl\/programas\/reportajes\/197605-las-esquina-mas-ruidosas-de-santiago.html<\/a><\/strong><\/p>\n","protected":false},"excerpt":{"rendered":"<p>Canal MEGA, Ahora Noticias, Reportajes:\u00a0Las esquina m\u00e1s ruidosas de Santiago. Lunes 22 de mayo de 2017 Dolores de cabeza, fatiga, alteraciones en la presi\u00f3n y sordera son s\u00f3lo algunas de las consecuencias que provoca el exceso de ruido, un tipo de contaminaci\u00f3n que se ha vuelto cada vez m\u00e1s habitual. Profesor Enrique Su\u00e1rez fue entrevistado [&hellip;]<\/p>\n","protected":false},"author":2,"featured_media":8709,"comment_status":"closed","ping_status":"closed","sticky":false,"template":"","format":"standard","meta":{"footnotes":""},"categories":[102],"tags":[601,31,17,602,603,73,554],"class_list":["post-8711","post","type-post","status-publish","format-standard","has-post-thumbnail","hentry","category-acusticauach_medios","tag-canal-mega","tag-mapa","tag-mapa-de-ruido","tag-noticiero","tag-reportaje","tag-suarez","tag-television"],"_links":{"self":[{"href":"https:\/\/www.acusticauach.cl\/index.php?rest_route=\/wp\/v2\/posts\/8711","targetHints":{"allow":["GET"]}}],"collection":[{"href":"https:\/\/www.acusticauach.cl\/index.php?rest_route=\/wp\/v2\/posts"}],"about":[{"href":"https:\/\/www.acusticauach.cl\/index.php?rest_route=\/wp\/v2\/types\/post"}],"author":[{"embeddable":true,"href":"https:\/\/www.acusticauach.cl\/index.php?rest_route=\/wp\/v2\/users\/2"}],"replies":[{"embeddable":true,"href":"https:\/\/www.acusticauach.cl\/index.php?rest_route=%2Fwp%2Fv2%2Fcomments&post=8711"}],"version-history":[{"count":0,"href":"https:\/\/www.acusticauach.cl\/index.php?rest_route=\/wp\/v2\/posts\/8711\/revisions"}],"wp:featuredmedia":[{"embeddable":true,"href":"https:\/\/www.acusticauach.cl\/index.php?rest_route=\/wp\/v2\/media\/8709"}],"wp:attachment":[{"href":"https:\/\/www.acusticauach.cl\/index.php?rest_route=%2Fwp%2Fv2%2Fmedia&parent=8711"}],"wp:term":[{"taxonomy":"category","embeddable":true,"href":"https:\/\/www.acusticauach.cl\/index.php?rest_route=%2Fwp%2Fv2%2Fcategories&post=8711"},{"taxonomy":"post_tag","embeddable":true,"href":"https:\/\/www.acusticauach.cl\/index.php?rest_route=%2Fwp%2Fv2%2Ftags&post=8711"}],"curies":[{"name":"wp","href":"https:\/\/api.w.org\/{rel}","templated":true}]}}