{"id":8653,"date":"2017-05-25T17:30:21","date_gmt":"2017-05-25T21:30:21","guid":{"rendered":"http:\/\/www.acusticauach.cl\/?p=8653"},"modified":"2019-10-27T19:05:41","modified_gmt":"2019-10-27T22:05:41","slug":"con-exito-se-realizo-clinica-de-guitarra-electrica-y-produccion-musical","status":"publish","type":"post","link":"https:\/\/www.acusticauach.cl\/?p=8653","title":{"rendered":"Con \u00e9xito se realiz\u00f3 cl\u00ednica de guitarra el\u00e9ctrica y producci\u00f3n musical"},"content":{"rendered":"<h2><strong>La actividad que fue transmitida por TV Austral estuvo a cargo del ex estudiante de Ac\u00fastica UACh y destacado m\u00fasico Waldo Valenzuela.<\/strong><\/h2>\n<p>Ver v\u00eddeo de la cl\u00ednica aqu\u00ed. (<a href=\"https:\/\/videoteca.uach.cl\/videos\/video\/2303\/\">https:\/\/videoteca.uach.cl\/videos\/video\/2303\/<\/a>)<\/p>\n<p>Con una cl\u00ednica de guitarra el\u00e9ctrica y t\u00e9cnicas de producci\u00f3n musical gratuita se present\u00f3 en Valdivia el destacado m\u00fasico Waldo Valenzuela, quien realiz\u00f3 esta actividad en las dependencias del Conservatorio de M\u00fasica UACh.<\/p>\n<p>La experiencia fue organizada por el Instituto de Ac\u00fastica y el Conservatorio de M\u00fasica UACh. Al respecto, el Director del Conservatorio de M\u00fasica, Prof. Wladimir Carrasco coment\u00f3 que: \u201cLa actividad realizada nos parece una importante oportunidad de retomar la estrecha colaboraci\u00f3n que hist\u00f3ricamente el Conservatorio de M\u00fasica ha tenido con la Escuela de Ingenier\u00eda Civil Ac\u00fastica\u201d.<\/p>\n<p>Y agreg\u00f3 en relaci\u00f3n a la visita de Waldo Valenzuela: \u201cLa m\u00fasica es una disciplina cada vez m\u00e1s transversal con distintas \u00e1reas del conocimiento, la visita de Waldo Valenzuela fue muy interesante, ya que se han abordado los aspectos t\u00e9cnicos musicales y electr\u00f3nicos en la ejecuci\u00f3n de la guitarra el\u00e9ctrica y la producci\u00f3n musical\u00bb, dijo el acad\u00e9mico.<\/p>\n<p><img decoding=\"async\" class=\"aligncenter size-full wp-image-8651\" src=\"https:\/\/www.acusticauach.cl\/wp-content\/uploads\/2017\/05\/2017_05_15_Clinica_WValenzuela_08.jpg\" alt=\"2017_05_15_Clinica_WValenzuela_08\" width=\"1600\" height=\"900\" srcset=\"https:\/\/www.acusticauach.cl\/wp-content\/uploads\/2017\/05\/2017_05_15_Clinica_WValenzuela_08.jpg 1600w, https:\/\/www.acusticauach.cl\/wp-content\/uploads\/2017\/05\/2017_05_15_Clinica_WValenzuela_08-300x169.jpg 300w, https:\/\/www.acusticauach.cl\/wp-content\/uploads\/2017\/05\/2017_05_15_Clinica_WValenzuela_08-768x432.jpg 768w, https:\/\/www.acusticauach.cl\/wp-content\/uploads\/2017\/05\/2017_05_15_Clinica_WValenzuela_08-1024x576.jpg 1024w, https:\/\/www.acusticauach.cl\/wp-content\/uploads\/2017\/05\/2017_05_15_Clinica_WValenzuela_08-700x394.jpg 700w, https:\/\/www.acusticauach.cl\/wp-content\/uploads\/2017\/05\/2017_05_15_Clinica_WValenzuela_08-500x281.jpg 500w\" sizes=\"(max-width: 1600px) 100vw, 1600px\" \/><\/p>\n<p>La actividad incluy\u00f3 diversas tem\u00e1ticas de guitarra el\u00e9ctrica, entre ellas: tipos de pickups, true bypass pedals, amplificadores a tubos y transistores, t\u00e9cnicas de microfoneo, reamp, amps virtuales, repertorio, estilo, elecci\u00f3n de instrumento, diferentes escalas de construcci\u00f3n, etc.<\/p>\n<p>Cabe destacar que el m\u00fasico, quien actualmente est\u00e1 radicado en Los \u00c1ngeles, California, donde se desarrolla como Ingeniero en Postproducci\u00f3n de Audio para Cine y Televisi\u00f3n, en Burbank, CA, fue tambi\u00e9n ex alumno de Ac\u00fastica UACh en los a\u00f1os 80.<\/p>\n<h2><strong>Trayectoria<\/strong><\/h2>\n<p>Debido a la fuerte influencia del jazz y del rock valdiviano en la \u00e9poca que estudiaba en la UACh, Waldo se perfeccion\u00f3 en esos estilos, as\u00ed como tambi\u00e9n en m\u00fasica sudamericana tradicional y guitarra espa\u00f1ola. En 1991 se traslad\u00f3 a Santiago, gradu\u00e1ndose en Ingenier\u00eda del Sonido.<\/p>\n<p><img decoding=\"async\" class=\"aligncenter size-full wp-image-8650\" src=\"https:\/\/www.acusticauach.cl\/wp-content\/uploads\/2017\/05\/2017_05_15_Clinica_WValenzuela_10.jpg\" alt=\"2017_05_15_Clinica_WValenzuela_10\" width=\"1600\" height=\"900\" srcset=\"https:\/\/www.acusticauach.cl\/wp-content\/uploads\/2017\/05\/2017_05_15_Clinica_WValenzuela_10.jpg 1600w, https:\/\/www.acusticauach.cl\/wp-content\/uploads\/2017\/05\/2017_05_15_Clinica_WValenzuela_10-300x169.jpg 300w, https:\/\/www.acusticauach.cl\/wp-content\/uploads\/2017\/05\/2017_05_15_Clinica_WValenzuela_10-768x432.jpg 768w, https:\/\/www.acusticauach.cl\/wp-content\/uploads\/2017\/05\/2017_05_15_Clinica_WValenzuela_10-1024x576.jpg 1024w, https:\/\/www.acusticauach.cl\/wp-content\/uploads\/2017\/05\/2017_05_15_Clinica_WValenzuela_10-700x394.jpg 700w, https:\/\/www.acusticauach.cl\/wp-content\/uploads\/2017\/05\/2017_05_15_Clinica_WValenzuela_10-500x281.jpg 500w\" sizes=\"(max-width: 1600px) 100vw, 1600px\" \/><\/p>\n<p>Ha participado en numerosos proyectos musicales con algunas de las mejores bandas de Chile, DeKiruza y Gondwana, por nombrar algunos. Junto con su trabajo en post producci\u00f3n realizado en Burbank, CA, se ha convertido en un innovador guitarrista y productor musical.<br \/>\nM\u00e1s informaci\u00f3n del artista en <a href=\"http:\/\/waldoval.com\/\">http:\/\/waldoval.com\/<\/a><br \/>\n<iframe style=\"border: 0px; padding: 0px; margin: 0px;\" src=\"http:\/\/videoteca.uach.cl\/videos\/video\/2303\/embed\/?access_token=shr00000023033007971844675715558371661287219\" width=\"562\" height=\"343\" frameborder=\"0\" scrolling=\"no\" allowfullscreen=\"allowfullscreen\"><\/iframe><\/p>\n","protected":false},"excerpt":{"rendered":"<p>La actividad que fue transmitida por TV Austral estuvo a cargo del ex estudiante de Ac\u00fastica UACh y destacado m\u00fasico Waldo Valenzuela. Ver v\u00eddeo de la cl\u00ednica aqu\u00ed. (https:\/\/videoteca.uach.cl\/videos\/video\/2303\/) Con una cl\u00ednica de guitarra el\u00e9ctrica y t\u00e9cnicas de producci\u00f3n musical gratuita se present\u00f3 en Valdivia el destacado m\u00fasico Waldo Valenzuela, quien realiz\u00f3 esta actividad en [&hellip;]<\/p>\n","protected":false},"author":2,"featured_media":8649,"comment_status":"closed","ping_status":"closed","sticky":false,"template":"","format":"standard","meta":{"footnotes":""},"categories":[909],"tags":[128,188,178,600,599],"class_list":["post-8653","post","type-post","status-publish","format-standard","has-post-thumbnail","hentry","category-vinculacion","tag-clinica","tag-conservatorio","tag-guitarra","tag-produccion","tag-valenzuela"],"_links":{"self":[{"href":"https:\/\/www.acusticauach.cl\/index.php?rest_route=\/wp\/v2\/posts\/8653","targetHints":{"allow":["GET"]}}],"collection":[{"href":"https:\/\/www.acusticauach.cl\/index.php?rest_route=\/wp\/v2\/posts"}],"about":[{"href":"https:\/\/www.acusticauach.cl\/index.php?rest_route=\/wp\/v2\/types\/post"}],"author":[{"embeddable":true,"href":"https:\/\/www.acusticauach.cl\/index.php?rest_route=\/wp\/v2\/users\/2"}],"replies":[{"embeddable":true,"href":"https:\/\/www.acusticauach.cl\/index.php?rest_route=%2Fwp%2Fv2%2Fcomments&post=8653"}],"version-history":[{"count":0,"href":"https:\/\/www.acusticauach.cl\/index.php?rest_route=\/wp\/v2\/posts\/8653\/revisions"}],"wp:featuredmedia":[{"embeddable":true,"href":"https:\/\/www.acusticauach.cl\/index.php?rest_route=\/wp\/v2\/media\/8649"}],"wp:attachment":[{"href":"https:\/\/www.acusticauach.cl\/index.php?rest_route=%2Fwp%2Fv2%2Fmedia&parent=8653"}],"wp:term":[{"taxonomy":"category","embeddable":true,"href":"https:\/\/www.acusticauach.cl\/index.php?rest_route=%2Fwp%2Fv2%2Fcategories&post=8653"},{"taxonomy":"post_tag","embeddable":true,"href":"https:\/\/www.acusticauach.cl\/index.php?rest_route=%2Fwp%2Fv2%2Ftags&post=8653"}],"curies":[{"name":"wp","href":"https:\/\/api.w.org\/{rel}","templated":true}]}}