{"id":8425,"date":"2016-11-30T14:15:55","date_gmt":"2016-11-30T17:15:55","guid":{"rendered":"http:\/\/www.acusticauach.cl\/?p=8425"},"modified":"2019-10-27T19:10:15","modified_gmt":"2019-10-27T22:10:15","slug":"estudiantes-realizan-gira-de-estudios-2016","status":"publish","type":"post","link":"https:\/\/www.acusticauach.cl\/?p=8425","title":{"rendered":"Estudiantes realizan Gira de Estudios 2016"},"content":{"rendered":"<h2>Se realizaron seis visitas a empresas e instituciones, y participaron catorce estudiantes<\/h2>\n<p>Desde el mi\u00e9rcoles 23 al viernes 25 de noviembre se realiz\u00f3 las Giras de Estudios de estudiantes de Escuela de Ingenier\u00eda Civil Ac\u00fastica de la Facultad de Ciencias de la Ingenier\u00eda UACh. En la oportunidad participaron tantos estudiantes de la Gira Temprana (Bachillerato) como de la Gira de Estudios (Egresados).<\/p>\n<p><img decoding=\"async\" class=\"aligncenter size-full wp-image-8427\" src=\"https:\/\/www.acusticauach.cl\/wp-content\/uploads\/2017\/03\/2016_11_Gira_de_Estudios_10.jpg\" alt=\"2016_11_Gira_de_Estudios_10\" width=\"1000\" height=\"563\" srcset=\"https:\/\/www.acusticauach.cl\/wp-content\/uploads\/2017\/03\/2016_11_Gira_de_Estudios_10.jpg 1000w, https:\/\/www.acusticauach.cl\/wp-content\/uploads\/2017\/03\/2016_11_Gira_de_Estudios_10-300x169.jpg 300w, https:\/\/www.acusticauach.cl\/wp-content\/uploads\/2017\/03\/2016_11_Gira_de_Estudios_10-768x432.jpg 768w, https:\/\/www.acusticauach.cl\/wp-content\/uploads\/2017\/03\/2016_11_Gira_de_Estudios_10-700x394.jpg 700w, https:\/\/www.acusticauach.cl\/wp-content\/uploads\/2017\/03\/2016_11_Gira_de_Estudios_10-500x282.jpg 500w\" sizes=\"(max-width: 1000px) 100vw, 1000px\" \/><\/p>\n<p>El programa contempl\u00f3 la visita al <a href=\"http:\/\/www.13.cl\/\">Canal 13<\/a> (entrevista con el Sr. Roberto Herzberg &#8211; Jefe de audio),\u00a0<a href=\"http:\/\/www.estudiotierra.com\/\">Estudios Tierra<\/a> (recibidos por el Sr. Conrado Garay),\u00a0Salas de m\u00fasica de la Universidad Cat\u00f3lica, y visita al Templo Bahai (guiados con la Ing. Ac\u00fastico Sra. Veronica Wulf de la empresa <a href=\"http:\/\/absorbe.cl\/\">ABSORBE<\/a>) y la empresa\u00a0<a href=\"http:\/\/www.ingmac.cl\/\">IngMac <\/a>(con su gerente, Ing. Ac\u00fastico Sr. Benjam\u00edn Navarro). Tambi\u00e9n se visit\u00f3 el\u00a0<a href=\"http:\/\/www.tmlascondes.cl\/\">Teatro Las Condes<\/a> (recibidos por el Sr. Pablo Villalabeitia) y el <a href=\"http:\/\/www.municipal.cl\/\">Teatro Municipal<\/a> (atendidos por el Sr. Oscar Medina).<\/p>\n<p><img decoding=\"async\" class=\"aligncenter size-full wp-image-8428\" src=\"https:\/\/www.acusticauach.cl\/wp-content\/uploads\/2017\/03\/2016_11_Gira_de_Estudios_08.jpg\" alt=\"2016_11_Gira_de_Estudios_08\" width=\"1000\" height=\"563\" srcset=\"https:\/\/www.acusticauach.cl\/wp-content\/uploads\/2017\/03\/2016_11_Gira_de_Estudios_08.jpg 1000w, https:\/\/www.acusticauach.cl\/wp-content\/uploads\/2017\/03\/2016_11_Gira_de_Estudios_08-300x169.jpg 300w, https:\/\/www.acusticauach.cl\/wp-content\/uploads\/2017\/03\/2016_11_Gira_de_Estudios_08-768x432.jpg 768w, https:\/\/www.acusticauach.cl\/wp-content\/uploads\/2017\/03\/2016_11_Gira_de_Estudios_08-700x394.jpg 700w, https:\/\/www.acusticauach.cl\/wp-content\/uploads\/2017\/03\/2016_11_Gira_de_Estudios_08-500x282.jpg 500w\" sizes=\"(max-width: 1000px) 100vw, 1000px\" \/><\/p>\n","protected":false},"excerpt":{"rendered":"<p>Se realizaron seis visitas a empresas e instituciones, y participaron catorce estudiantes Desde el mi\u00e9rcoles 23 al viernes 25 de noviembre se realiz\u00f3 las Giras de Estudios de estudiantes de Escuela de Ingenier\u00eda Civil Ac\u00fastica de la Facultad de Ciencias de la Ingenier\u00eda UACh. En la oportunidad participaron tantos estudiantes de la Gira Temprana (Bachillerato) [&hellip;]<\/p>\n","protected":false},"author":2,"featured_media":8426,"comment_status":"closed","ping_status":"closed","sticky":false,"template":"","format":"standard","meta":{"footnotes":""},"categories":[906],"tags":[556,202,37,555,115,298,557,179],"class_list":["post-8425","post","type-post","status-publish","format-standard","has-post-thumbnail","hentry","category-pregrado","tag-canal-13","tag-empresa","tag-estudiantes","tag-estudios","tag-gira","tag-gira-de-estudio","tag-ingmac","tag-teatro"],"_links":{"self":[{"href":"https:\/\/www.acusticauach.cl\/index.php?rest_route=\/wp\/v2\/posts\/8425","targetHints":{"allow":["GET"]}}],"collection":[{"href":"https:\/\/www.acusticauach.cl\/index.php?rest_route=\/wp\/v2\/posts"}],"about":[{"href":"https:\/\/www.acusticauach.cl\/index.php?rest_route=\/wp\/v2\/types\/post"}],"author":[{"embeddable":true,"href":"https:\/\/www.acusticauach.cl\/index.php?rest_route=\/wp\/v2\/users\/2"}],"replies":[{"embeddable":true,"href":"https:\/\/www.acusticauach.cl\/index.php?rest_route=%2Fwp%2Fv2%2Fcomments&post=8425"}],"version-history":[{"count":0,"href":"https:\/\/www.acusticauach.cl\/index.php?rest_route=\/wp\/v2\/posts\/8425\/revisions"}],"wp:featuredmedia":[{"embeddable":true,"href":"https:\/\/www.acusticauach.cl\/index.php?rest_route=\/wp\/v2\/media\/8426"}],"wp:attachment":[{"href":"https:\/\/www.acusticauach.cl\/index.php?rest_route=%2Fwp%2Fv2%2Fmedia&parent=8425"}],"wp:term":[{"taxonomy":"category","embeddable":true,"href":"https:\/\/www.acusticauach.cl\/index.php?rest_route=%2Fwp%2Fv2%2Fcategories&post=8425"},{"taxonomy":"post_tag","embeddable":true,"href":"https:\/\/www.acusticauach.cl\/index.php?rest_route=%2Fwp%2Fv2%2Ftags&post=8425"}],"curies":[{"name":"wp","href":"https:\/\/api.w.org\/{rel}","templated":true}]}}