{"id":8420,"date":"2017-02-03T13:23:52","date_gmt":"2017-02-03T16:23:52","guid":{"rendered":"http:\/\/www.acusticauach.cl\/?p=8420"},"modified":"2019-10-27T19:08:33","modified_gmt":"2019-10-27T22:08:33","slug":"canal-13-video-mapa-del-ruido-en-santiago","status":"publish","type":"post","link":"https:\/\/www.acusticauach.cl\/?p=8420","title":{"rendered":"Canal 13 [VIDEO]: Mapa del ruido en Santiago"},"content":{"rendered":"<h2><strong>CANAL 13, Teletrece, noticiero central. Reportaje sobre el Mapa del Ruido en Santiago.\u00a0Viernes 03 Febrero 2017.<\/strong><\/h2>\n<p>Seg\u00fan la OCDE, Santiago est\u00e1 entre las ciudades con m\u00e1s ruido peligroso para la salud. El gobierno est\u00e1 haciendo un mapa para identificar los sectores m\u00e1s complicados, pero tambi\u00e9n los m\u00e1s silenciosos.<\/p>\n<p><a href=\"http:\/\/www.t13.cl\/videos\/nacional\/video-mapa-del-ruido-santiago\" target=\"_blank\" rel=\"noopener noreferrer\"><img decoding=\"async\" class=\"aligncenter size-full wp-image-8423\" src=\"https:\/\/www.acusticauach.cl\/wp-content\/uploads\/2017\/03\/T13_jcardenas01.jpg\" alt=\"T13_jcardenas01\" width=\"1600\" height=\"900\" srcset=\"https:\/\/www.acusticauach.cl\/wp-content\/uploads\/2017\/03\/T13_jcardenas01.jpg 1600w, https:\/\/www.acusticauach.cl\/wp-content\/uploads\/2017\/03\/T13_jcardenas01-300x169.jpg 300w, https:\/\/www.acusticauach.cl\/wp-content\/uploads\/2017\/03\/T13_jcardenas01-768x432.jpg 768w, https:\/\/www.acusticauach.cl\/wp-content\/uploads\/2017\/03\/T13_jcardenas01-1024x576.jpg 1024w, https:\/\/www.acusticauach.cl\/wp-content\/uploads\/2017\/03\/T13_jcardenas01-700x394.jpg 700w, https:\/\/www.acusticauach.cl\/wp-content\/uploads\/2017\/03\/T13_jcardenas01-500x281.jpg 500w\" sizes=\"(max-width: 1600px) 100vw, 1600px\" \/><\/a><\/p>\n<p>Profesor Jorge C\u00e1rdenas es entrevistado, acompa\u00f1ado del estudiante tesista de Ingenier\u00eda Civil Ac\u00fastica Sr. Gabriel D\u00edaz.<\/p>\n<p><a href=\"http:\/\/www.t13.cl\/videos\/nacional\/video-mapa-del-ruido-santiago\" target=\"_blank\" rel=\"noopener noreferrer\"><strong>Ver video en:\u00a0http:\/\/www.t13.cl\/videos\/nacional\/video-mapa-del-ruido-santiago<\/strong><\/a><\/p>\n<p>&nbsp;<\/p>\n","protected":false},"excerpt":{"rendered":"<p>CANAL 13, Teletrece, noticiero central. Reportaje sobre el Mapa del Ruido en Santiago.\u00a0Viernes 03 Febrero 2017. Seg\u00fan la OCDE, Santiago est\u00e1 entre las ciudades con m\u00e1s ruido peligroso para la salud. El gobierno est\u00e1 haciendo un mapa para identificar los sectores m\u00e1s complicados, pero tambi\u00e9n los m\u00e1s silenciosos. Profesor Jorge C\u00e1rdenas es entrevistado, acompa\u00f1ado del [&hellip;]<\/p>\n","protected":false},"author":2,"featured_media":8421,"comment_status":"closed","ping_status":"closed","sticky":false,"template":"","format":"standard","meta":{"footnotes":""},"categories":[102],"tags":[192,31,17,368,177,554],"class_list":["post-8420","post","type-post","status-publish","format-standard","has-post-thumbnail","hentry","category-acusticauach_medios","tag-cardenas","tag-mapa","tag-mapa-de-ruido","tag-mapa-sonoro","tag-mapas-de-ruido","tag-television"],"_links":{"self":[{"href":"https:\/\/www.acusticauach.cl\/index.php?rest_route=\/wp\/v2\/posts\/8420","targetHints":{"allow":["GET"]}}],"collection":[{"href":"https:\/\/www.acusticauach.cl\/index.php?rest_route=\/wp\/v2\/posts"}],"about":[{"href":"https:\/\/www.acusticauach.cl\/index.php?rest_route=\/wp\/v2\/types\/post"}],"author":[{"embeddable":true,"href":"https:\/\/www.acusticauach.cl\/index.php?rest_route=\/wp\/v2\/users\/2"}],"replies":[{"embeddable":true,"href":"https:\/\/www.acusticauach.cl\/index.php?rest_route=%2Fwp%2Fv2%2Fcomments&post=8420"}],"version-history":[{"count":0,"href":"https:\/\/www.acusticauach.cl\/index.php?rest_route=\/wp\/v2\/posts\/8420\/revisions"}],"wp:featuredmedia":[{"embeddable":true,"href":"https:\/\/www.acusticauach.cl\/index.php?rest_route=\/wp\/v2\/media\/8421"}],"wp:attachment":[{"href":"https:\/\/www.acusticauach.cl\/index.php?rest_route=%2Fwp%2Fv2%2Fmedia&parent=8420"}],"wp:term":[{"taxonomy":"category","embeddable":true,"href":"https:\/\/www.acusticauach.cl\/index.php?rest_route=%2Fwp%2Fv2%2Fcategories&post=8420"},{"taxonomy":"post_tag","embeddable":true,"href":"https:\/\/www.acusticauach.cl\/index.php?rest_route=%2Fwp%2Fv2%2Ftags&post=8420"}],"curies":[{"name":"wp","href":"https:\/\/api.w.org\/{rel}","templated":true}]}}