{"id":8406,"date":"2017-03-08T17:08:53","date_gmt":"2017-03-08T20:08:53","guid":{"rendered":"http:\/\/www.acusticauach.cl\/?p=8406"},"modified":"2019-10-27T19:08:15","modified_gmt":"2019-10-27T22:08:15","slug":"escuela-de-ingenieria-civil-acustica-recibe-a-estudiantes-promocion-2017","status":"publish","type":"post","link":"https:\/\/www.acusticauach.cl\/?p=8406","title":{"rendered":"Escuela de Ingenier\u00eda Civil Ac\u00fastica recibe a estudiantes promoci\u00f3n 2017"},"content":{"rendered":"<h2><strong>Veintis\u00e9is nuevos estudiantes ingresaron a nuestra Escuela este lunes 6 de marzo. Las actividades de bienvenida incluyeron charlas, desayuno y regalos por parte de la Facultad de Ciencias de la Ingenier\u00eda.<\/strong><\/h2>\n<p>Los d\u00edas 6 y 7 de marzo, la Universidad Austral de Chile realiz\u00f3 su tradicional bienvenida a la nueva promoci\u00f3n de estudiantes que comienzan su vida acad\u00e9mica este a\u00f1o 2017.<\/p>\n<p>Las jornadas de inducci\u00f3n del d\u00eda lunes y martes estuvieron a cargo de la Facultad de Ciencias de la Ingenier\u00eda y de nuestra Escuela. Junto con las palabras de bienvenida del Decano Dr. Richard Luco, los estudiantes participaron de la charla \u00bfPor qu\u00e9 estamos aqu\u00ed? dictada por el Dr. Manuel Ram\u00edrez. La idea de esta recepci\u00f3n es generar en los j\u00f3venes un sentido de pertenencia con nuestra Facultad, sus docentes, administrativos y compa\u00f1eros de cursos superiores.<\/p>\n<p><img decoding=\"async\" class=\"aligncenter size-full wp-image-8410\" src=\"https:\/\/www.acusticauach.cl\/wp-content\/uploads\/2017\/03\/Recepcion_FCI01.jpg\" alt=\"Recepcion_FCI01\" width=\"800\" height=\"450\" srcset=\"https:\/\/www.acusticauach.cl\/wp-content\/uploads\/2017\/03\/Recepcion_FCI01.jpg 800w, https:\/\/www.acusticauach.cl\/wp-content\/uploads\/2017\/03\/Recepcion_FCI01-300x169.jpg 300w, https:\/\/www.acusticauach.cl\/wp-content\/uploads\/2017\/03\/Recepcion_FCI01-768x432.jpg 768w, https:\/\/www.acusticauach.cl\/wp-content\/uploads\/2017\/03\/Recepcion_FCI01-700x394.jpg 700w, https:\/\/www.acusticauach.cl\/wp-content\/uploads\/2017\/03\/Recepcion_FCI01-500x281.jpg 500w\" sizes=\"(max-width: 800px) 100vw, 800px\" \/><\/p>\n<p>Posteriormente, los nuevos integrantes de FCI participaron del Taller \u201cRedes de Apoyo para la inserci\u00f3n a la vida universitaria\u201d que se realiz\u00f3 en el Aula Magna del Campus Isla Teja.<\/p>\n<p>El saludo institucional del Rector y de autoridades regionales se realiz\u00f3 en la Costanera Cultural el junto con el tradicional \u201cSaludo N\u00e1utico\u201d, organizado por estudiantes y profesores de la Escuela de Pedagog\u00eda en Educaci\u00f3n F\u00edsica, Deportes y Recreaci\u00f3n de la UACh.<\/p>\n<p><img decoding=\"async\" class=\"aligncenter size-full wp-image-8409\" src=\"https:\/\/www.acusticauach.cl\/wp-content\/uploads\/2017\/03\/Saludo_Nautico02.jpg\" alt=\"Saludo_Nautico02\" width=\"1000\" height=\"563\" srcset=\"https:\/\/www.acusticauach.cl\/wp-content\/uploads\/2017\/03\/Saludo_Nautico02.jpg 1000w, https:\/\/www.acusticauach.cl\/wp-content\/uploads\/2017\/03\/Saludo_Nautico02-300x169.jpg 300w, https:\/\/www.acusticauach.cl\/wp-content\/uploads\/2017\/03\/Saludo_Nautico02-768x432.jpg 768w, https:\/\/www.acusticauach.cl\/wp-content\/uploads\/2017\/03\/Saludo_Nautico02-700x394.jpg 700w, https:\/\/www.acusticauach.cl\/wp-content\/uploads\/2017\/03\/Saludo_Nautico02-500x282.jpg 500w\" sizes=\"(max-width: 1000px) 100vw, 1000px\" \/><\/p>\n<p>Cabe se\u00f1alar que las actividades organizadas forman parte del trabajo conjunto de la Facultad de Ciencias de la Ingenier\u00eda, Vicerrector\u00eda Acad\u00e9mica, Direcci\u00f3n de Asuntos Estudiantiles, Relaciones P\u00fablicas, Direcci\u00f3n de Estudios de Pregrado, Centro de Salud Universitario, Unidad de Apoyo al Aprendizaje de estudiante de Pregrado, Unidad de Responsabilidad Social, Centro de Deportes y Recreaci\u00f3n, Escuela de Educaci\u00f3n F\u00edsica, Deportes y Recreaci\u00f3n, Vinculaci\u00f3n con el Medio, Unidad de Gesti\u00f3n Ambiental, FEUACh, Movilidad Estudiantil y Direcci\u00f3n de Servicios.<\/p>\n<p><strong><a href=\"https:\/\/www.flickr.com\/photos\/universidadaustraldechile\/sets\/72157677655709274\" target=\"_blank\" rel=\"noopener noreferrer\">Visita la galer\u00eda de fotos del Saludo N\u00e1utico 2017\u00a0<\/a><\/strong><\/p>\n<p><strong><a href=\"https:\/\/www.flickr.com\/photos\/universidadaustraldechile\/sets\/72157677655709274\" target=\"_blank\" rel=\"noopener noreferrer\">https:\/\/www.flickr.com\/photos\/universidadaustraldechile\/sets\/72157677655709274<\/a><\/strong><\/p>\n","protected":false},"excerpt":{"rendered":"<p>Veintis\u00e9is nuevos estudiantes ingresaron a nuestra Escuela este lunes 6 de marzo. Las actividades de bienvenida incluyeron charlas, desayuno y regalos por parte de la Facultad de Ciencias de la Ingenier\u00eda. Los d\u00edas 6 y 7 de marzo, la Universidad Austral de Chile realiz\u00f3 su tradicional bienvenida a la nueva promoci\u00f3n de estudiantes que comienzan [&hellip;]<\/p>\n","protected":false},"author":2,"featured_media":8473,"comment_status":"closed","ping_status":"closed","sticky":false,"template":"","format":"standard","meta":{"footnotes":""},"categories":[906],"tags":[545,230,37,372,231,547,546],"class_list":["post-8406","post","type-post","status-publish","format-standard","has-post-thumbnail","hentry","category-pregrado","tag-545","tag-bienvenida","tag-estudiantes","tag-fci","tag-mechones","tag-nautico","tag-saludo"],"_links":{"self":[{"href":"https:\/\/www.acusticauach.cl\/index.php?rest_route=\/wp\/v2\/posts\/8406","targetHints":{"allow":["GET"]}}],"collection":[{"href":"https:\/\/www.acusticauach.cl\/index.php?rest_route=\/wp\/v2\/posts"}],"about":[{"href":"https:\/\/www.acusticauach.cl\/index.php?rest_route=\/wp\/v2\/types\/post"}],"author":[{"embeddable":true,"href":"https:\/\/www.acusticauach.cl\/index.php?rest_route=\/wp\/v2\/users\/2"}],"replies":[{"embeddable":true,"href":"https:\/\/www.acusticauach.cl\/index.php?rest_route=%2Fwp%2Fv2%2Fcomments&post=8406"}],"version-history":[{"count":0,"href":"https:\/\/www.acusticauach.cl\/index.php?rest_route=\/wp\/v2\/posts\/8406\/revisions"}],"wp:featuredmedia":[{"embeddable":true,"href":"https:\/\/www.acusticauach.cl\/index.php?rest_route=\/wp\/v2\/media\/8473"}],"wp:attachment":[{"href":"https:\/\/www.acusticauach.cl\/index.php?rest_route=%2Fwp%2Fv2%2Fmedia&parent=8406"}],"wp:term":[{"taxonomy":"category","embeddable":true,"href":"https:\/\/www.acusticauach.cl\/index.php?rest_route=%2Fwp%2Fv2%2Fcategories&post=8406"},{"taxonomy":"post_tag","embeddable":true,"href":"https:\/\/www.acusticauach.cl\/index.php?rest_route=%2Fwp%2Fv2%2Ftags&post=8406"}],"curies":[{"name":"wp","href":"https:\/\/api.w.org\/{rel}","templated":true}]}}