{"id":8244,"date":"2016-12-23T12:44:51","date_gmt":"2016-12-23T15:44:51","guid":{"rendered":"http:\/\/www.acusticauach.cl\/?p=8244"},"modified":"2019-10-27T19:09:01","modified_gmt":"2019-10-27T22:09:01","slug":"en-valdivia-nace-un-rey","status":"publish","type":"post","link":"https:\/\/www.acusticauach.cl\/?p=8244","title":{"rendered":"En Valdivia nace un Rey"},"content":{"rendered":"<p><em>En agosto pasado, el Instituto de Ac\u00fastica UACh particip\u00f3 en la grabaci\u00f3n de este saludo de navidad que congreg\u00f3 a m\u00e1s de 500 personas en la ciudad de Valdivia.<\/em><\/p>\n<p>El video lanzado esta semana <strong>\u201cEn Valdivia nace un Rey\u201d <\/strong>es el resultado del proyecto organizado por la Di\u00f3cesis Nuestra Se\u00f1ora del Rosario Valdivia, a cargo del vicario general padre<strong> Nelson Huaiquimil<\/strong>, y del sacerdote jesuita <strong>Crist\u00f3bal Fones<\/strong>, quienes convocaron a la comunidad valdiviana para participar de este saludo de navidad.<\/p>\n<p>M\u00e1s de 500 j\u00f3venes y adultos participaron de la grabaci\u00f3n del video clip del villancico <strong><em>\u00abNace un rey\u00bb<\/em><\/strong> en la catedral de Valdivia, \u00a0con el objetivo de preparar un saludo de navidad que se ha difundido por estos d\u00edas trav\u00e9s de las redes sociales.<\/p>\n<p><iframe src=\"https:\/\/www.youtube.com\/embed\/cN56yIzRPdg\" width=\"560\" height=\"315\" frameborder=\"0\" allowfullscreen=\"allowfullscreen\"><\/iframe><\/p>\n<p>La realizaci\u00f3n del video, donde interpretan el villancico escrito por Pablo Coloma, tuvo una preparaci\u00f3n de dos meses y cont\u00f3 con colaboraci\u00f3n de la Orquesta CIFAN, coros de distintas agrupaciones de Valdivia y el Instituto de Ac\u00fastica UACh.<\/p>\n<p><em>*Fotograf\u00eda: Diario Austral Regi\u00f3n de Los R\u00edos<\/em><\/p>\n","protected":false},"excerpt":{"rendered":"<p>En agosto pasado, el Instituto de Ac\u00fastica UACh particip\u00f3 en la grabaci\u00f3n de este saludo de navidad que congreg\u00f3 a m\u00e1s de 500 personas en la ciudad de Valdivia. El video lanzado esta semana \u201cEn Valdivia nace un Rey\u201d es el resultado del proyecto organizado por la Di\u00f3cesis Nuestra Se\u00f1ora del Rosario Valdivia, a cargo [&hellip;]<\/p>\n","protected":false},"author":6,"featured_media":8245,"comment_status":"closed","ping_status":"closed","sticky":false,"template":"","format":"standard","meta":{"footnotes":""},"categories":[2,909],"tags":[113,263,527,106,528,523,372,525,189,518,243,166,25,213,22,524,526],"class_list":["post-8244","post","type-post","status-publish","format-standard","has-post-thumbnail","hentry","category-reportajes","category-vinculacion","tag-acustica","tag-cifan","tag-coro","tag-diario","tag-diocesis","tag-envaldivianaceunrey","tag-fci","tag-fones","tag-musica","tag-navidad","tag-orquesta","tag-proyecto","tag-sonido","tag-uach","tag-valdivia","tag-vicaria","tag-villancico"],"_links":{"self":[{"href":"https:\/\/www.acusticauach.cl\/index.php?rest_route=\/wp\/v2\/posts\/8244","targetHints":{"allow":["GET"]}}],"collection":[{"href":"https:\/\/www.acusticauach.cl\/index.php?rest_route=\/wp\/v2\/posts"}],"about":[{"href":"https:\/\/www.acusticauach.cl\/index.php?rest_route=\/wp\/v2\/types\/post"}],"author":[{"embeddable":true,"href":"https:\/\/www.acusticauach.cl\/index.php?rest_route=\/wp\/v2\/users\/6"}],"replies":[{"embeddable":true,"href":"https:\/\/www.acusticauach.cl\/index.php?rest_route=%2Fwp%2Fv2%2Fcomments&post=8244"}],"version-history":[{"count":0,"href":"https:\/\/www.acusticauach.cl\/index.php?rest_route=\/wp\/v2\/posts\/8244\/revisions"}],"wp:featuredmedia":[{"embeddable":true,"href":"https:\/\/www.acusticauach.cl\/index.php?rest_route=\/wp\/v2\/media\/8245"}],"wp:attachment":[{"href":"https:\/\/www.acusticauach.cl\/index.php?rest_route=%2Fwp%2Fv2%2Fmedia&parent=8244"}],"wp:term":[{"taxonomy":"category","embeddable":true,"href":"https:\/\/www.acusticauach.cl\/index.php?rest_route=%2Fwp%2Fv2%2Fcategories&post=8244"},{"taxonomy":"post_tag","embeddable":true,"href":"https:\/\/www.acusticauach.cl\/index.php?rest_route=%2Fwp%2Fv2%2Ftags&post=8244"}],"curies":[{"name":"wp","href":"https:\/\/api.w.org\/{rel}","templated":true}]}}