{"id":8207,"date":"2016-12-07T13:29:18","date_gmt":"2016-12-07T16:29:18","guid":{"rendered":"http:\/\/www.acusticauach.cl\/?p=8207"},"modified":"2019-10-27T19:09:35","modified_gmt":"2019-10-27T22:09:35","slug":"acustica-uach-y-corfo-los-rios-potencian-red-de-monitoreo-de-ruido-online-de-bajo-costo","status":"publish","type":"post","link":"https:\/\/www.acusticauach.cl\/?p=8207","title":{"rendered":"Ac\u00fastica UACh y CORFO Los R\u00edos potencian red de monitoreo de ruido online de bajo costo"},"content":{"rendered":"<p><em>En los \u00faltimos a\u00f1os se han relacionado una serie de patolog\u00edas no auditivas producidas tanto directa como indirectamente por la exposici\u00f3n al ruido: irritabilidad, susceptibilidad exagerada y agresividad, entre otros trastornos de la personalidad.<\/em><\/p>\n<p>La contaminaci\u00f3n ac\u00fastica es considerada, por la mayor\u00eda de la poblaci\u00f3n de las grandes ciudades, como un factor medioambiental muy importante y que incide de forma principal en su calidad de vida. El t\u00e9rmino <em>contaminaci\u00f3n ac\u00fastica<\/em> hace referencia al ruido cuando \u00e9ste se considera como un contaminante, es decir, un sonido molesto que puede producir efectos fisiol\u00f3gicos y psicol\u00f3gicos nocivos para una persona o grupo de personas.<\/p>\n<p>La causa principal de la contaminaci\u00f3n ac\u00fastica es la actividad humana; el transporte, la construcci\u00f3n de edificios y obras p\u00fablicas, la industria, entre otras. Los efectos producidos por el ruido pueden ser fisiol\u00f3gicos, como la p\u00e9rdida de audici\u00f3n, y psicol\u00f3gicos, como la irritabilidad exagerada. La contaminaci\u00f3n ac\u00fastica perturba las distintas actividades comunitarias, interfiriendo la comunicaci\u00f3n hablada, perturbando el sue\u00f1o, el descanso y la relajaci\u00f3n, impidiendo la concentraci\u00f3n y el aprendizaje, y lo que es m\u00e1s grave, creando estados de cansancio y tensi\u00f3n que pueden degenerar en enfermedades de tipo nervioso y cardiovascular.<\/p>\n<p><a href=\"https:\/\/www.acusticauach.cl\/wp-content\/uploads\/2016\/12\/rf3.jpg\"><img decoding=\"async\" class=\"wp-image-8209  alignleft\" src=\"https:\/\/www.acusticauach.cl\/wp-content\/uploads\/2016\/12\/rf3-169x300.jpg\" alt=\"rf3\" width=\"224\" height=\"397\" srcset=\"https:\/\/www.acusticauach.cl\/wp-content\/uploads\/2016\/12\/rf3-169x300.jpg 169w, https:\/\/www.acusticauach.cl\/wp-content\/uploads\/2016\/12\/rf3-768x1365.jpg 768w, https:\/\/www.acusticauach.cl\/wp-content\/uploads\/2016\/12\/rf3-576x1024.jpg 576w, https:\/\/www.acusticauach.cl\/wp-content\/uploads\/2016\/12\/rf3-700x1244.jpg 700w, https:\/\/www.acusticauach.cl\/wp-content\/uploads\/2016\/12\/rf3-500x889.jpg 500w, https:\/\/www.acusticauach.cl\/wp-content\/uploads\/2016\/12\/rf3.jpg 1688w\" sizes=\"(max-width: 224px) 100vw, 224px\" \/><\/a>El proyecto <strong>Red de monitoreo de ruido online de bajo costo<\/strong>, trabajo colaborativo entre la empresa <a href=\"http:\/\/www.absentia.cl\/index.html\"><strong>Absentia<\/strong><\/a> \u2013 de los Ingenieros Ac\u00fasticos <strong>Roberto Flores<\/strong> y <strong>Mario L\u00f3pez<\/strong> &#8211; y el Instituto de Ac\u00fastica UACh, es patrocinado por <a href=\"http:\/\/www.corfo.cl\/regiones\/los-rios\">CORFO Regi\u00f3n de Los R\u00edos<\/a> y apoyado por el <a href=\"http:\/\/portal.mma.gob.cl\/\">Ministerio del Medio Ambiente <\/a>y consiste en una integraci\u00f3n tecnol\u00f3gica que permita realizar mediciones ac\u00fasticas, ambientales y de ruido laboral, mediante m\u00faltiples equipos dotados para transmisi\u00f3n de los datos a una plataforma de visualizaci\u00f3n <em>online<\/em> de bajo costo.<\/p>\n<blockquote><p>\u201cEl prototipo comprende el desarrollo de equipos de medici\u00f3n: son\u00f3metros para mediciones ambientales y dos\u00edmetros para mediciones de ruido laboral. Tambi\u00e9n un sistema inform\u00e1tico para env\u00edo desde los equipos inal\u00e1mbricos (3G, WiFi, bluetooth u otro), adem\u00e1s del almacenamiento de la informaci\u00f3n en un servidor remoto y el desarrollo de una plataforma web para visualizar y generar reportes e informes de uno o m\u00faltiples equipos\u201d comenta el profesor Roberto Flores, director del proyecto. \u201cEste proyecto no busca s\u00f3lo la creaci\u00f3n de equipos de medici\u00f3n, si no que buscamos entregar el servicio de Red de Monitoreo de Ruido On Line. La disminuci\u00f3n en el costo del servicio es gracias a que seamos nosotros los que desarrollemos los equipos de medici\u00f3n\u201d, agreg\u00f3.<\/p><\/blockquote>\n<p>&nbsp;<\/p>\n<p><strong><u>El ruido y la calidad de vida<\/u><\/strong><\/p>\n<p>La actividad humana ha sido siempre una fuente inagotable y continua de sonidos. Sin embargo, el vertiginoso proceso de urbanizaci\u00f3n que ha caracterizado a las sociedades modernas ha aportado a la civilizaci\u00f3n una nueva preocupaci\u00f3n ambiental: el ruido.<\/p>\n<p>La poluci\u00f3n ac\u00fastica posee en ella misma una serie de inconvenientes que dificultan su control. Ante todo, el ruido no deja residuos y sus efectos no son tan visibles en el medio. Adem\u00e1s, el n\u00famero de fuentes que lo generan, resultado de la actividad comunitaria global, es enorme. Seg\u00fan la definici\u00f3n de la <a href=\"http:\/\/www.who.int\/es\/\"><em>Organizaci\u00f3n Mundial de la Salud <\/em><\/a>(OMS), salud es \u00abun estado de completo bienestar f\u00edsico, mental y social, y no solamente la ausencia de afecciones o enfermedades\u00bb. De esta definici\u00f3n podemos concluir que los efectos del ruido en hombres y mujeres est\u00e1n asociados no solamente a enfermedades auditivas, sino tambi\u00e9n con el deterioro en la calidad de vida de las personas.<\/p>\n<p>La sordera o<a href=\"https:\/\/medlineplus.gov\/spanish\/ency\/article\/003044.htm\"><em> hipoacusia<\/em><\/a> es una de las principales enfermedades profesionales propia del desarrollo industrial. <strong>En nuestro pa\u00eds se encuentra dentro de las 5 enfermedades laborales m\u00e1s comunes.<\/strong> De acuerdo a la OMS, en el mundo hay m\u00e1s de 120 millones de personas con deficiencias auditivas discapacitantes. Es muy habitual escuchar decir a la gente, que frecuentemente est\u00e1 expuesta a altos niveles de ruido, que se han \u00abacostumbrado al ruido\u00bb. M\u00e1s que \u00abacostumbramiento\u00bb, lo que ocurre es que el o\u00eddo no ha alcanzado a recuperarse de la fatiga auditiva, convirti\u00e9ndose paulatinamente en un cambio permanente e irreversible, esto es la<em> P\u00e9rdida Progresiva de la Audici\u00f3n<\/em> conocida tambi\u00e9n como PTS (Permanent Threshold Shift) o <em>Cambio Permanente del Umbral Auditivo<\/em>. La causa de esta p\u00e9rdida permanente es que el ruido va matando las c\u00e9lulas auditivas, las cuales no se regeneran.<\/p>\n<p>En los \u00faltimos a\u00f1os se han relacionado una serie de patolog\u00edas no auditivas producidas tanto directa como indirectamente por la exposici\u00f3n al ruido. Seg\u00fan los especialistas, dentro de las alteraciones psicol\u00f3gicas que produce el ruido se pueden citar las siguientes: irritabilidad, susceptibilidad exagerada, agresividad, entre otros trastornos de la personalidad.<\/p>\n<p>&nbsp;<\/p>\n<p>&nbsp;<\/p>\n<p>&nbsp;<\/p>\n<p>&nbsp;<\/p>\n","protected":false},"excerpt":{"rendered":"<p>En los \u00faltimos a\u00f1os se han relacionado una serie de patolog\u00edas no auditivas producidas tanto directa como indirectamente por la exposici\u00f3n al ruido: irritabilidad, susceptibilidad exagerada y agresividad, entre otros trastornos de la personalidad. La contaminaci\u00f3n ac\u00fastica es considerada, por la mayor\u00eda de la poblaci\u00f3n de las grandes ciudades, como un factor medioambiental muy importante [&hellip;]<\/p>\n","protected":false},"author":6,"featured_media":8208,"comment_status":"closed","ping_status":"closed","sticky":false,"template":"","format":"standard","meta":{"footnotes":""},"categories":[908],"tags":[113,506,372,513,110,78,177,35,34,471,511,166,514,32,512,213,22],"class_list":["post-8207","post","type-post","status-publish","format-standard","has-post-thumbnail","hentry","category-investigacion","tag-acustica","tag-corfo","tag-fci","tag-hipoacusia","tag-ingenieria","tag-investigacion-2","tag-mapas-de-ruido","tag-medio-ambiente","tag-ministerio","tag-mma","tag-oms","tag-proyecto","tag-pts","tag-ruido","tag-sordera","tag-uach","tag-valdivia"],"_links":{"self":[{"href":"https:\/\/www.acusticauach.cl\/index.php?rest_route=\/wp\/v2\/posts\/8207","targetHints":{"allow":["GET"]}}],"collection":[{"href":"https:\/\/www.acusticauach.cl\/index.php?rest_route=\/wp\/v2\/posts"}],"about":[{"href":"https:\/\/www.acusticauach.cl\/index.php?rest_route=\/wp\/v2\/types\/post"}],"author":[{"embeddable":true,"href":"https:\/\/www.acusticauach.cl\/index.php?rest_route=\/wp\/v2\/users\/6"}],"replies":[{"embeddable":true,"href":"https:\/\/www.acusticauach.cl\/index.php?rest_route=%2Fwp%2Fv2%2Fcomments&post=8207"}],"version-history":[{"count":0,"href":"https:\/\/www.acusticauach.cl\/index.php?rest_route=\/wp\/v2\/posts\/8207\/revisions"}],"wp:featuredmedia":[{"embeddable":true,"href":"https:\/\/www.acusticauach.cl\/index.php?rest_route=\/wp\/v2\/media\/8208"}],"wp:attachment":[{"href":"https:\/\/www.acusticauach.cl\/index.php?rest_route=%2Fwp%2Fv2%2Fmedia&parent=8207"}],"wp:term":[{"taxonomy":"category","embeddable":true,"href":"https:\/\/www.acusticauach.cl\/index.php?rest_route=%2Fwp%2Fv2%2Fcategories&post=8207"},{"taxonomy":"post_tag","embeddable":true,"href":"https:\/\/www.acusticauach.cl\/index.php?rest_route=%2Fwp%2Fv2%2Ftags&post=8207"}],"curies":[{"name":"wp","href":"https:\/\/api.w.org\/{rel}","templated":true}]}}