{"id":8156,"date":"2016-11-30T11:11:12","date_gmt":"2016-11-30T14:11:12","guid":{"rendered":"http:\/\/www.acusticauach.cl\/?p=8156"},"modified":"2019-10-27T19:10:22","modified_gmt":"2019-10-27T22:10:22","slug":"dr-arenas-realiza-conferencia-en-los-emiratos-arabes","status":"publish","type":"post","link":"https:\/\/www.acusticauach.cl\/?p=8156","title":{"rendered":"Dr. Arenas realiza conferencia en los Emiratos \u00c1rabes"},"content":{"rendered":"<p><em>El Director del Instituto de Ac\u00fastica UACh se encuentra en la ciudad de Abu Dhabi en el marco del 2\u00ba Congreso Mundial de Ciencias de los Materiales, Ingenier\u00eda de Pol\u00edmeros y Microtecnolog\u00edas.<\/em><\/p>\n<p>Del 28 al 30 de noviembre en la ciudad de Abu Dhabi se realiza la<strong> Segunda Versi\u00f3n del Congreso Mundial de Ciencias de los Materiales, Ingenier\u00eda de Pol\u00edmeros y Microtecnolog\u00edas<\/strong> &#8211; <a href=\"http:\/\/scientificfuturegroup.com\/materials-science-2016\/index.php\" target=\"_blank\" rel=\"noopener noreferrer\">2nd World Congress on Materials Science, Polymer Engineering, and Microtechnologies<\/a> &#8211; que re\u00fane a cient\u00edficos e investigadores multidisciplinarios de todo el mundo, con el objetivo de presentar e intercambiar resultados e ideas de gran calidad en \u00e1reas de la ciencia de los materiales, ingenier\u00eda de pol\u00edmeros y las micro y nanotecnolog\u00edas.<\/p>\n<p><a href=\"http:\/\/scientificfuturegroup.com\/materials-science-2016\/index.php\" target=\"_blank\" rel=\"noopener noreferrer\"><img decoding=\"async\" class=\"aligncenter size-full wp-image-8166\" src=\"https:\/\/www.acusticauach.cl\/wp-content\/uploads\/2016\/11\/logo.jpg\" alt=\"logo\" width=\"700\" height=\"181\" \/><\/a><\/p>\n<p>En este contexto, el Director del Instituto de Ac\u00fastica UACh <strong>Dr. Jorge Arenas<\/strong> fue invitado a realizar una conferencia plenaria presentando el trabajo <strong>\u201cMaterials for passive noise and vibration control: Applications, current trends and future developments\u201d.<\/strong><\/p>\n<p>En la oportunidad, el acad\u00e9mico de la Facultad de Ciencias de la Ingenier\u00eda se refiri\u00f3 a los resultados de las investigaciones sobre materiales porosos usados para la absorci\u00f3n del sonido, las t\u00e9cnicas de caracterizaci\u00f3n de esos materiales y los avances m\u00e1s recientes sobre materiales fibrosos hecho a base de fibras naturales y recicladas con baja huella de carbono. A ello se suma la presentaci\u00f3n de resultados sobre el uso de cer\u00e1micos, geles, metales porosos y pol\u00edmeros nanoestructurados para el control de ruido y las vibraciones.<\/p>\n<p>En su segunda versi\u00f3n, el Congreso Mundial de Ciencias de los Materiales, Ingenier\u00eda de Pol\u00edmeros y Microtecnolog\u00edas congrega a cient\u00edficos de 30 pa\u00edses quienes discuten los aspectos m\u00e1s relevantes sobre el dise\u00f1o, optimizaci\u00f3n y fabricaci\u00f3n de materiales avanzados, los cuales pueden ser aplicados en diferentes \u00e1reas tecnol\u00f3gicas.<\/p>\n","protected":false},"excerpt":{"rendered":"<p>El Director del Instituto de Ac\u00fastica UACh se encuentra en la ciudad de Abu Dhabi en el marco del 2\u00ba Congreso Mundial de Ciencias de los Materiales, Ingenier\u00eda de Pol\u00edmeros y Microtecnolog\u00edas. Del 28 al 30 de noviembre en la ciudad de Abu Dhabi se realiza la Segunda Versi\u00f3n del Congreso Mundial de Ciencias de [&hellip;]<\/p>\n","protected":false},"author":6,"featured_media":8163,"comment_status":"closed","ping_status":"closed","sticky":false,"template":"","format":"standard","meta":{"footnotes":""},"categories":[908],"tags":[48,124,21,470,268,327],"class_list":["post-8156","post","type-post","status-publish","format-standard","has-post-thumbnail","hentry","category-investigacion","tag-arenas","tag-conferencia","tag-congreso","tag-congress","tag-director","tag-materiales"],"_links":{"self":[{"href":"https:\/\/www.acusticauach.cl\/index.php?rest_route=\/wp\/v2\/posts\/8156","targetHints":{"allow":["GET"]}}],"collection":[{"href":"https:\/\/www.acusticauach.cl\/index.php?rest_route=\/wp\/v2\/posts"}],"about":[{"href":"https:\/\/www.acusticauach.cl\/index.php?rest_route=\/wp\/v2\/types\/post"}],"author":[{"embeddable":true,"href":"https:\/\/www.acusticauach.cl\/index.php?rest_route=\/wp\/v2\/users\/6"}],"replies":[{"embeddable":true,"href":"https:\/\/www.acusticauach.cl\/index.php?rest_route=%2Fwp%2Fv2%2Fcomments&post=8156"}],"version-history":[{"count":0,"href":"https:\/\/www.acusticauach.cl\/index.php?rest_route=\/wp\/v2\/posts\/8156\/revisions"}],"wp:featuredmedia":[{"embeddable":true,"href":"https:\/\/www.acusticauach.cl\/index.php?rest_route=\/wp\/v2\/media\/8163"}],"wp:attachment":[{"href":"https:\/\/www.acusticauach.cl\/index.php?rest_route=%2Fwp%2Fv2%2Fmedia&parent=8156"}],"wp:term":[{"taxonomy":"category","embeddable":true,"href":"https:\/\/www.acusticauach.cl\/index.php?rest_route=%2Fwp%2Fv2%2Fcategories&post=8156"},{"taxonomy":"post_tag","embeddable":true,"href":"https:\/\/www.acusticauach.cl\/index.php?rest_route=%2Fwp%2Fv2%2Ftags&post=8156"}],"curies":[{"name":"wp","href":"https:\/\/api.w.org\/{rel}","templated":true}]}}