{"id":8083,"date":"2016-11-11T07:25:11","date_gmt":"2016-11-11T10:25:11","guid":{"rendered":"http:\/\/www.acusticauach.cl\/?p=8083"},"modified":"2019-10-27T19:11:02","modified_gmt":"2019-10-27T22:11:02","slug":"academicos-de-acustica-uach-exponen-en-xxix-congreso-chileno-de-educacion-en-ingenieria","status":"publish","type":"post","link":"https:\/\/www.acusticauach.cl\/?p=8083","title":{"rendered":"Acad\u00e9micos de Ac\u00fastica UACh exponen en XXIX Congreso Chileno de Educaci\u00f3n en Ingenier\u00eda"},"content":{"rendered":"<p><em>El evento organizado por la Sociedad Chilena de Educaci\u00f3n de Ingenier\u00eda y la Universidad de la Frontera congreg\u00f3 a m\u00e1s de 200 acad\u00e9micos y profesionales tanto de Chile como el extranjero.<\/em><\/p>\n<p>Durante tres d\u00edas, la ciudad de Puc\u00f3n se convirti\u00f3 en el centro de ingenier\u00eda m\u00e1s importante de nuestro pa\u00eds, al reunir a acad\u00e9micos y profesionales del \u00e1rea en el <a href=\"http:\/\/sochedi2016.ufro.cl\/\">XXIX Congreso Chileno de Educaci\u00f3n en Ingenier\u00eda<\/a>, evento organizado por la <strong>Sociedad Chilena de Educaci\u00f3n de Ingenier\u00eda<\/strong> y la <a href=\"http:\/\/www.ufro.cl\/\">Universidad de la Frontera.<\/a><\/p>\n<p>En esta versi\u00f3n, el congreso se desarroll\u00f3 bajo la tem\u00e1tica de \u201cFormaci\u00f3n de capital humano en Ingenier\u00eda en el contexto de una sociedad global\u201d, donde expertos de Chile, EE.UU, M\u00e9xico entre otros, analizaron la adopci\u00f3n de tecnolog\u00edas que impulsan la educaci\u00f3n y econom\u00eda digital.<\/p>\n<p>Representando a la Universidad Austral de Chile participaron acad\u00e9micos pertenecientes a Ingenier\u00eda Civil Mec\u00e1nica, Ac\u00fastica, Inform\u00e1tica, Civil Industrial (Valdivia y Sede Puerto Montt), Civil en Obras Civiles, Civil Electr\u00f3nica y Bachillerato en Ciencias de la Ingenier\u00eda, con un total de 15 art\u00edculos presentados en tem\u00e1ticas como: Estrategias para mejorar metodolog\u00edas docentes; Implementaci\u00f3n de una comunidad de aprendizaje para el desarrollo de competencias gen\u00e9ricas y especificas; Plataformas de aprendizaje virtual; Incorporaci\u00f3n de competencias de innovaci\u00f3n y emprendimiento en el plan de estudios de Ingenier\u00eda, entre otras.<\/p>\n<p><a href=\"https:\/\/www.acusticauach.cl\/wp-content\/uploads\/2016\/11\/gal-6.jpg\"><img decoding=\"async\" class=\"aligncenter wp-image-8084 size-large\" src=\"https:\/\/www.acusticauach.cl\/wp-content\/uploads\/2016\/11\/gal-6-1024x683.jpg\" alt=\"gal-6\" width=\"640\" height=\"427\" srcset=\"https:\/\/www.acusticauach.cl\/wp-content\/uploads\/2016\/11\/gal-6-1024x683.jpg 1024w, https:\/\/www.acusticauach.cl\/wp-content\/uploads\/2016\/11\/gal-6-300x200.jpg 300w, https:\/\/www.acusticauach.cl\/wp-content\/uploads\/2016\/11\/gal-6-768x512.jpg 768w, https:\/\/www.acusticauach.cl\/wp-content\/uploads\/2016\/11\/gal-6-700x467.jpg 700w, https:\/\/www.acusticauach.cl\/wp-content\/uploads\/2016\/11\/gal-6-500x333.jpg 500w\" sizes=\"(max-width: 640px) 100vw, 640px\" \/><\/a><\/p>\n<p><strong>Alexandra Astudillo<\/strong>, estudiante de 4\u00b0 a\u00f1o de Ingenier\u00eda Civil Ac\u00fastica fue la \u00fanica representante de pregrado en el certamen, quien expuso sobre <strong><em>Desarrollo de recursos digitales para el apoyo al aprendizaje en el curso de procesamiento digital de se\u00f1ales. <\/em><\/strong>Este trabajo realizado por un equipo de profesionales liderados por el acad\u00e9mico del Instituto de Ac\u00fastica Dr. V\u00edctor Poblete, demuestra <em>como las aplicaciones de Procesamiento Digital de Se\u00f1ales en sonido y vibraciones son \u00a0ampliamente ense\u00f1adas a nivel de pregrado y postgrado en el programa de Mag\u00edster en Ac\u00fastica y Vibraciones UACh, el cual por medio de los m\u00e9todos y t\u00e9cnicas de PDS permiten realizar una amplia gama de tareas al usar se\u00f1ales en una representaci\u00f3n discreta y al combinar conceptos de diversas \u00e1reas, tales como, sonido, m\u00fasica, voz, vibraciones y ciencias de computaci\u00f3n<\/em>.<\/p>\n<p>Por su parte, el Dr. Enrique Su\u00e1rez present\u00f3 el trabajo sobre <strong><em>Cursos de proyectos aplicados en ingenier\u00eda civil ac\u00fastica y su aporte a competencias profesionales, <\/em><\/strong>realizado en conjunto con los docentes Jorge C\u00e1rdenas y Rodrigo Torres, el cual aborda sobre <em>c\u00f3mo el desarrollo y adaptaci\u00f3n al campo laboral incentiv\u00f3 buscar estrategias de ense\u00f1anza-aprendizaje con metodolog\u00edas activas en el plan de estudios. En especial, desde el a\u00f1o 2009 (en la carrera de Ing. Civil Ac\u00fastica) se ha incorporado el aprendizaje por proyectos en diferentes cursos, donde el estudiante simula el ejercicio de la profesi\u00f3n en diversas \u00e1reas de trabajo. Cada curso de Proyecto se desarrolla durante un semestre, pudiendo el estudiante escoger los tres primeros proyectos entre seis tem\u00e1ticas distintas. Adicionalmente, debe aprobar un cuarto de mayor complejidad, el cual incluye varias \u00e1reas de trabajo de la especialidad.<\/em><\/p>\n<p><strong>[info] Ver art\u00edculo <a href=\"https:\/\/www.acusticauach.cl\/wp-content\/uploads\/2016\/11\/SOCHEDI-PROYECTOS_ACUSTICA-UACH_VFC.pdf\" target=\"_blank\" rel=\"noopener noreferrer\">\u00abCursos de proyectos aplicados en ingenier\u00eda civil ac\u00fastica y su aporte a competencias profesionales\u00bb<\/a>\u00a0[\/info]<\/strong><\/p>\n<p><iframe title=\"V\u00eddeo Oficial Congreso SOCHEDI UFRO 2016\" width=\"1200\" height=\"900\" src=\"https:\/\/www.youtube.com\/embed\/gpLFgaEEOEM?feature=oembed\" frameborder=\"0\" allow=\"accelerometer; autoplay; encrypted-media; gyroscope; picture-in-picture\" allowfullscreen><\/iframe><\/p>\n<p>&nbsp;<\/p>\n<p>&nbsp;<\/p>\n<p>&nbsp;<\/p>\n","protected":false},"excerpt":{"rendered":"<p>El evento organizado por la Sociedad Chilena de Educaci\u00f3n de Ingenier\u00eda y la Universidad de la Frontera congreg\u00f3 a m\u00e1s de 200 acad\u00e9micos y profesionales tanto de Chile como el extranjero. Durante tres d\u00edas, la ciudad de Puc\u00f3n se convirti\u00f3 en el centro de ingenier\u00eda m\u00e1s importante de nuestro pa\u00eds, al reunir a acad\u00e9micos y [&hellip;]<\/p>\n","protected":false},"author":6,"featured_media":8085,"comment_status":"closed","ping_status":"closed","sticky":false,"template":"","format":"standard","meta":{"footnotes":""},"categories":[908],"tags":[113,192,124,21,478,479,37,15,372,110,480,112,78,153,482,248,166,477,476,73,481,186,213,400,22],"class_list":["post-8083","post","type-post","status-publish","format-standard","has-post-thumbnail","hentry","category-investigacion","tag-acustica","tag-cardenas","tag-conferencia","tag-congreso","tag-educacion","tag-emprendimiento","tag-estudiantes","tag-exposicion","tag-fci","tag-ingenieria","tag-innovacion","tag-internacional","tag-investigacion-2","tag-magister","tag-pds","tag-poblete","tag-proyecto","tag-pucon","tag-sochedi","tag-suarez","tag-tecnolgia","tag-torres","tag-uach","tag-ufro","tag-valdivia"],"_links":{"self":[{"href":"https:\/\/www.acusticauach.cl\/index.php?rest_route=\/wp\/v2\/posts\/8083","targetHints":{"allow":["GET"]}}],"collection":[{"href":"https:\/\/www.acusticauach.cl\/index.php?rest_route=\/wp\/v2\/posts"}],"about":[{"href":"https:\/\/www.acusticauach.cl\/index.php?rest_route=\/wp\/v2\/types\/post"}],"author":[{"embeddable":true,"href":"https:\/\/www.acusticauach.cl\/index.php?rest_route=\/wp\/v2\/users\/6"}],"replies":[{"embeddable":true,"href":"https:\/\/www.acusticauach.cl\/index.php?rest_route=%2Fwp%2Fv2%2Fcomments&post=8083"}],"version-history":[{"count":0,"href":"https:\/\/www.acusticauach.cl\/index.php?rest_route=\/wp\/v2\/posts\/8083\/revisions"}],"wp:featuredmedia":[{"embeddable":true,"href":"https:\/\/www.acusticauach.cl\/index.php?rest_route=\/wp\/v2\/media\/8085"}],"wp:attachment":[{"href":"https:\/\/www.acusticauach.cl\/index.php?rest_route=%2Fwp%2Fv2%2Fmedia&parent=8083"}],"wp:term":[{"taxonomy":"category","embeddable":true,"href":"https:\/\/www.acusticauach.cl\/index.php?rest_route=%2Fwp%2Fv2%2Fcategories&post=8083"},{"taxonomy":"post_tag","embeddable":true,"href":"https:\/\/www.acusticauach.cl\/index.php?rest_route=%2Fwp%2Fv2%2Ftags&post=8083"}],"curies":[{"name":"wp","href":"https:\/\/api.w.org\/{rel}","templated":true}]}}