{"id":7941,"date":"2016-09-16T07:09:39","date_gmt":"2016-09-16T10:09:39","guid":{"rendered":"http:\/\/www.acusticauach.cl\/?p=7941"},"modified":"2019-10-27T19:12:26","modified_gmt":"2019-10-27T22:12:26","slug":"nuevos-periodos-directivos-en-acustica-uach","status":"publish","type":"post","link":"https:\/\/www.acusticauach.cl\/?p=7941","title":{"rendered":"Nuevos Periodos Directivos en Ac\u00fastica UACh"},"content":{"rendered":"<p><em>Los acad\u00e9micos Jos\u00e9 Luis Barros y Jorge Arenas asumen, por periodo consecutivo, la Direcci\u00f3n de Escuela e Instituto de Ac\u00fastica de la Facultad de Ciencias de la Ingenier\u00eda.<\/em><\/p>\n<p>En el a\u00f1o 2014, el acad\u00e9mico <a href=\"https:\/\/www.acusticauach.cl\/?page_id=487\"><strong>Jos\u00e9 Luis Barros<\/strong><\/a> asumi\u00f3 la Direcci\u00f3n de la Escuela de Ingenier\u00eda Civil Ac\u00fastica con claros desaf\u00edos y metas, las mismas que hoy le permiten seguir a la cabeza de la carrera l\u00edder en la formaci\u00f3n de Ingenieros(as) Ac\u00fasticos del pa\u00eds.\u00a0En este nuevo periodo, que se extender\u00e1 desde el 2016 al 2019, el Dr. Barros tiene como prioridad finalizar adecuadamente el proceso de autoevaluaci\u00f3n iniciado el a\u00f1o 2015 para la reacreditaci\u00f3n de la carrera, adem\u00e1s del proceso de innovaci\u00f3n curricular de la escuela liderado por el DACIC, que deber\u00e1 generar ajustes a la malla curricular y la implementaci\u00f3n del sistema de cr\u00e9ditos transferibles SCT.<\/p>\n<p><em><img decoding=\"async\" class=\"size-medium wp-image-7942 alignright\" src=\"https:\/\/www.acusticauach.cl\/wp-content\/uploads\/2016\/09\/barros-200x300.jpg\" alt=\"barros\" width=\"200\" height=\"300\" \/>\u201cAsumir la Direcci\u00f3n de Escuela sin duda involucra un interesante desaf\u00edo, es importante continuar en la l\u00ednea de constante perfeccionamiento y mejoras que se ha venido desarrollando desde hace varios a\u00f1os, lo cual ha dado muy buenos frutos. Me interesa mantener y profundizar la comunicaci\u00f3n fluida con los estudiantes, quienes hist\u00f3ricamente han mostrado un profundo compromiso por su carrera y han sido de gran ayuda en mi labor como director de escuela en los a\u00f1os anteriores\u201d, coment\u00f3 el acad\u00e9mico.<\/em><\/p>\n<p>&nbsp;<\/p>\n<p>El Dr. Barros es Ingeniero Ac\u00fastico de la Universidad Austral de Chile y Doctor en Ciencias de la Ingenier\u00eda (Ac\u00fastica) por la <a href=\"http:\/\/www.tu-berlin.de\/menue\/home\/?no_cache=1\">Technische Universit\u00e4t Berlin<\/a>, Alemania. Durante su carrera acad\u00e9mica, \u00a0ha participado como profesor en un gran n\u00famero de tesis y ha sido investigador responsable y co-investigador de diversos proyectos de Investigaci\u00f3n y de Innovaci\u00f3n Tecnol\u00f3gica. Sus l\u00edneas de investigaci\u00f3n se relacionan con el Control de Ruido, Ac\u00fastica Arquitect\u00f3nica, An\u00e1lisis de Se\u00f1ales de Ac\u00fasticas, Localizaci\u00f3n de Fuentes Mediante Beamforming (c\u00e1mara ac\u00fastica) y Modelaci\u00f3n Matem\u00e1tica de Fen\u00f3menos Ac\u00fasticos.<\/p>\n<p><strong><u>Instituto de Ac\u00fastica<\/u><\/strong><\/p>\n<p>La Universidad Austral de Chile cuenta con el Instituto pionero en la formaci\u00f3n de graduados y posgraduados de Chile y Sudam\u00e9rica en el \u00e1rea de Ac\u00fastica, as\u00ed como en el desarrollo de investigaci\u00f3n en ciencias y tecnolog\u00edas con reconocimiento nacional e internacional.<\/p>\n<p>El <a href=\"https:\/\/www.acusticauach.cl\/?page_id=144\"><strong>Dr. Jorge Arenas<\/strong><\/a> lidera desde el a\u00f1o 2012 el Instituto de Ac\u00fastica de la Facultad de Ciencias de la Ingenier\u00eda, y este a\u00f1o comienza nuevamente la coordinaci\u00f3n del equipo de acad\u00e9micos e investigadores de primer nivel con el que cuenta la instituci\u00f3n.<\/p>\n<p><em><img decoding=\"async\" class=\"size-medium wp-image-7943 alignleft\" src=\"https:\/\/www.acusticauach.cl\/wp-content\/uploads\/2016\/09\/arenas-200x300.jpg\" alt=\"arenas\" width=\"200\" height=\"300\" \/>\u00abSiempre he pensado que asumir la direcci\u00f3n de un instituto en la Universidad Austral\u00a0es un privilegio. Aun cuando en los \u00faltimos a\u00f1os se han venido desarrollando un n\u00famero importante de actividades, que han posicionado al Instituto de Ac\u00fastica como un referente nacional, existe espacio para mejorar. Es mi compromiso desarrollar un plan estrat\u00e9gico del Instituto que apunte a mejorar las condiciones de trabajo e infraestructura,\u00a0que ayude a incrementar la productividad cient\u00edfica del Instituto y apoyar\u00a0las iniciativas que nos permitan mejorar nuestra vinculaci\u00f3n con el medio y la acreditaci\u00f3n de los programas de pre y postgrado con los que el Instituto se vincula. Todo esto\u00a0velando por mantener\u00a0la \u00a0 \u00a0 alta\u00a0calidad que ha caracterizado\u00a0nuestro trabajo\u201d.<\/em><\/p>\n<p>En este nuevo periodo (2016 \u2013 2019) el Dr. Arenas pretende desarrollar un nuevo Plan Estrat\u00e9gico del Instituto, en concordancia con los planes estrat\u00e9gicos universitarios, adem\u00e1s de potenciar la acreditaci\u00f3n del Programa de Mag\u00edster en Ac\u00fastica y Vibraciones impartido por la UACh. A ellos se suma el realizar las gestiones pertinentes para incrementar los espacios de infraestructura b\u00e1sica y as\u00ed mejorar las condiciones de trabajo de los acad\u00e9micos y los servicios docentes de pre y postgrado, entre otras acciones.<\/p>\n<p>El Dr. Arenas es Ingeniero Ac\u00fastico, Mag\u00edster en F\u00edsica de la Universidad Austral de Chile y Doctor en Ingenier\u00eda Mec\u00e1nica (Sonido y Vibraciones) por <a href=\"http:\/\/www.auburn.edu\/\">Auburn University<\/a> (USA), donde desarrolla su tesis en un proyecto financiado por <a href=\"http:\/\/www.nasa.gov\/\">NASA<\/a>.<\/p>\n<p>Profesor Titular UACh, durante su carrera acad\u00e9mica ha patrocinado m\u00e1s de 50 tesis, ha sido investigador responsable y co-investigador de 15 proyectos de Investigaci\u00f3n, siete de los cuales han sido financiados por Fondecyt. Ha escrito m\u00e1s de 100 trabajos cient\u00edficos en extenso, publicados en revistas indexadas y en actas de congresos realizados en numerosos pa\u00edses de Am\u00e9rica, Europa, Ocean\u00eda, Asia y Africa. Recientemente asumi\u00f3 la presidencia mundial del <a href=\"http:\/\/www.iiav.org\/\">Instituto Internacional de Ac\u00fastica y Vibraciones<\/a> (IIAV), convirti\u00e9ndose en el primer latinoamericano en presidir esta instituci\u00f3n internacional.<\/p>\n<p>&nbsp;<\/p>\n<p><em>\u00a0<\/em><\/p>\n","protected":false},"excerpt":{"rendered":"<p>Los acad\u00e9micos Jos\u00e9 Luis Barros y Jorge Arenas asumen, por periodo consecutivo, la Direcci\u00f3n de Escuela e Instituto de Ac\u00fastica de la Facultad de Ciencias de la Ingenier\u00eda. En el a\u00f1o 2014, el acad\u00e9mico Jos\u00e9 Luis Barros asumi\u00f3 la Direcci\u00f3n de la Escuela de Ingenier\u00eda Civil Ac\u00fastica con claros desaf\u00edos y metas, las mismas que [&hellip;]<\/p>\n","protected":false},"author":6,"featured_media":7946,"comment_status":"closed","ping_status":"closed","sticky":false,"template":"","format":"standard","meta":{"footnotes":""},"categories":[906],"tags":[113,274,55,48,247,58,346,304,29,37,41,372,461,49,110,153,462,460,213,51],"class_list":["post-7941","post","type-post","status-publish","format-standard","has-post-thumbnail","hentry","category-pregrado","tag-acustica","tag-acusticauach","tag-alemania","tag-arenas","tag-auburn","tag-barros","tag-beamforming","tag-berlin","tag-carrera","tag-estudiantes","tag-exalumnos","tag-fci","tag-germany","tag-iiav","tag-ingenieria","tag-magister","tag-nasa","tag-technische-universitat","tag-uach","tag-usa"],"_links":{"self":[{"href":"https:\/\/www.acusticauach.cl\/index.php?rest_route=\/wp\/v2\/posts\/7941","targetHints":{"allow":["GET"]}}],"collection":[{"href":"https:\/\/www.acusticauach.cl\/index.php?rest_route=\/wp\/v2\/posts"}],"about":[{"href":"https:\/\/www.acusticauach.cl\/index.php?rest_route=\/wp\/v2\/types\/post"}],"author":[{"embeddable":true,"href":"https:\/\/www.acusticauach.cl\/index.php?rest_route=\/wp\/v2\/users\/6"}],"replies":[{"embeddable":true,"href":"https:\/\/www.acusticauach.cl\/index.php?rest_route=%2Fwp%2Fv2%2Fcomments&post=7941"}],"version-history":[{"count":0,"href":"https:\/\/www.acusticauach.cl\/index.php?rest_route=\/wp\/v2\/posts\/7941\/revisions"}],"wp:featuredmedia":[{"embeddable":true,"href":"https:\/\/www.acusticauach.cl\/index.php?rest_route=\/wp\/v2\/media\/7946"}],"wp:attachment":[{"href":"https:\/\/www.acusticauach.cl\/index.php?rest_route=%2Fwp%2Fv2%2Fmedia&parent=7941"}],"wp:term":[{"taxonomy":"category","embeddable":true,"href":"https:\/\/www.acusticauach.cl\/index.php?rest_route=%2Fwp%2Fv2%2Fcategories&post=7941"},{"taxonomy":"post_tag","embeddable":true,"href":"https:\/\/www.acusticauach.cl\/index.php?rest_route=%2Fwp%2Fv2%2Ftags&post=7941"}],"curies":[{"name":"wp","href":"https:\/\/api.w.org\/{rel}","templated":true}]}}