{"id":7899,"date":"2016-09-06T16:13:05","date_gmt":"2016-09-06T19:13:05","guid":{"rendered":"http:\/\/www.acusticauach.cl\/?p=7899"},"modified":"2019-10-27T19:12:57","modified_gmt":"2019-10-27T22:12:57","slug":"abierta-convocatoria-para-el-6-concurso-de-bandas-escolares-acusticauach-2016","status":"publish","type":"post","link":"https:\/\/www.acusticauach.cl\/?p=7899","title":{"rendered":"Abierta convocatoria: 6\u00b0 Concurso de Bandas Escolares Ac\u00fasticaUACh 2016"},"content":{"rendered":"<h2><strong>Pueden participar estudiantes secundarios de todo el pa\u00eds, con temas originales y de su autor\u00eda. La inscripci\u00f3n est\u00e1 abierta hasta el viernes 14 de octubre.<\/strong><\/h2>\n<p>Grabar temas de forma profesional es el sue\u00f1o de muchos m\u00fasicos y puedes hacerlo realidad participando en la Sexta versi\u00f3n del Concurso de Bandas Escolares organizado por la Escuela de Ingenier\u00eda Civil Ac\u00fastica de la Universidad Austral de Chile. Esta iniciativa nace el a\u00f1o 2010 como una forma de vincular y acercar la carrera a estudiantes de Ense\u00f1anza Media e incentivar los valores y principios de superaci\u00f3n de m\u00fasicos j\u00f3venes.<\/p>\n<p>Para participar, debes pertenecer a una banda amateur y no tener disco grabado. Adem\u00e1s, debe estar compuesta por estudiantes secundarios, sin importar el g\u00e9nero musical que se interprete.<\/p>\n<p><strong>Puedes descargar las bases y el formulario de inscripci\u00f3n en www.acusticauach.cl el cual debes enviar junto al MP3 de un tema in\u00e9dito antes del 14 de octubre del presente a\u00f1o.<\/strong><\/p>\n<p><a href=\"https:\/\/www.acusticauach.cl\/?page_id=6548\"><img decoding=\"async\" class=\"aligncenter size-full wp-image-7889\" src=\"https:\/\/www.acusticauach.cl\/wp-content\/uploads\/2014\/09\/Imagine_Slider.jpg\" alt=\"Imagine_Slider\" width=\"700\" height=\"234\" srcset=\"https:\/\/www.acusticauach.cl\/wp-content\/uploads\/2014\/09\/Imagine_Slider.jpg 700w, https:\/\/www.acusticauach.cl\/wp-content\/uploads\/2014\/09\/Imagine_Slider-300x100.jpg 300w, https:\/\/www.acusticauach.cl\/wp-content\/uploads\/2014\/09\/Imagine_Slider-500x167.jpg 500w\" sizes=\"(max-width: 700px) 100vw, 700px\" \/><\/a><\/p>\n<p style=\"text-align: center;\"><a href=\"https:\/\/www.acusticauach.cl\/?page_id=6548\"><em>Banda Imagine, Ganadora del 5\u00b0 Concurso de Bandas 2015<\/em><\/a><\/p>\n<p style=\"text-align: center;\"><strong>[info]<a href=\"https:\/\/www.acusticauach.cl\/?page_id=6548\">Ver Concurso de Bandas 2015 y Ganadores<\/a>[\/info]<\/strong><\/p>\n<h2><strong>Premios<\/strong><\/h2>\n<p>Al igual que en a\u00f1os anteriores, la banda ganadora grabar\u00e1 2 temas originales en el Estudio de Grabaci\u00f3n Profesional del Instituto de Ac\u00fastica de la Facultad de Ciencias de la Ingenier\u00eda UACh. Esto incluye un m\u00e1ximo de 30 horas de grabaci\u00f3n, 10 horas de mezclas y 5 horas de masterizaci\u00f3n. Adem\u00e1s, para quienes son de otras regiones del pa\u00eds, el premio incluye pasajes y estad\u00eda en la ciudad de Valdivia.<\/p>\n<p>El Segundo Lugar recibir\u00e1 como premio: Pack de grabaci\u00f3n Presonus (Presonus Audiobox Studio), que incluye interfaz Audiobox, fonos HD7, micr\u00f3fono M7 y software de grabaci\u00f3n Studio One Artist. En tanto el tercer lugar recibir\u00e1 como premio un Interfaz Audiobox de Presonus (marcas y modelos son referenciales).<\/p>\n<p>El martes 8 de noviembre se dar\u00e1n a conocer las 10 bandas finalistas, en tanto que la final del concurso est\u00e1 programada para el mi\u00e9rcoles 30 de noviembre de 2016.<\/p>\n<p>Para m\u00e1s informaci\u00f3n visita www.acusticauach.cl y puedes comunicarte con el profesor Rodrigo Torres al correo rodrigo.torres@uach.cl<\/p>\n<p><a href=\"https:\/\/www.acusticauach.cl\/wp-content\/uploads\/2016\/09\/BASES-DEL-CONCURSO-BANDAS-ACUSTICA-UACH-2016_VF.pdf\"><strong>[info]Ver bases del concurso[\/info]<\/strong><\/a><\/p>\n<p><a href=\"https:\/\/www.acusticauach.cl\/wp-content\/uploads\/2016\/09\/BASES-DEL-CONCURSO-BANDAS-ACUSTICA-UACH-2016_VF.pdf\" target=\"_blank\" rel=\"noopener noreferrer\">BASES-DEL-CONCURSO-BANDAS-ACUSTICA-UACH-2016_VF<\/a><\/p>\n","protected":false},"excerpt":{"rendered":"<p>Pueden participar estudiantes secundarios de todo el pa\u00eds, con temas originales y de su autor\u00eda. La inscripci\u00f3n est\u00e1 abierta hasta el viernes 14 de octubre. Grabar temas de forma profesional es el sue\u00f1o de muchos m\u00fasicos y puedes hacerlo realidad participando en la Sexta versi\u00f3n del Concurso de Bandas Escolares organizado por la Escuela de [&hellip;]<\/p>\n","protected":false},"author":2,"featured_media":7901,"comment_status":"closed","ping_status":"closed","sticky":false,"template":"","format":"standard","meta":{"footnotes":""},"categories":[909],"tags":[455,118,94,200,363],"class_list":["post-7899","post","type-post","status-publish","format-standard","has-post-thumbnail","hentry","category-vinculacion","tag-455","tag-bandas","tag-concurso","tag-escolares","tag-imagine"],"_links":{"self":[{"href":"https:\/\/www.acusticauach.cl\/index.php?rest_route=\/wp\/v2\/posts\/7899","targetHints":{"allow":["GET"]}}],"collection":[{"href":"https:\/\/www.acusticauach.cl\/index.php?rest_route=\/wp\/v2\/posts"}],"about":[{"href":"https:\/\/www.acusticauach.cl\/index.php?rest_route=\/wp\/v2\/types\/post"}],"author":[{"embeddable":true,"href":"https:\/\/www.acusticauach.cl\/index.php?rest_route=\/wp\/v2\/users\/2"}],"replies":[{"embeddable":true,"href":"https:\/\/www.acusticauach.cl\/index.php?rest_route=%2Fwp%2Fv2%2Fcomments&post=7899"}],"version-history":[{"count":0,"href":"https:\/\/www.acusticauach.cl\/index.php?rest_route=\/wp\/v2\/posts\/7899\/revisions"}],"wp:featuredmedia":[{"embeddable":true,"href":"https:\/\/www.acusticauach.cl\/index.php?rest_route=\/wp\/v2\/media\/7901"}],"wp:attachment":[{"href":"https:\/\/www.acusticauach.cl\/index.php?rest_route=%2Fwp%2Fv2%2Fmedia&parent=7899"}],"wp:term":[{"taxonomy":"category","embeddable":true,"href":"https:\/\/www.acusticauach.cl\/index.php?rest_route=%2Fwp%2Fv2%2Fcategories&post=7899"},{"taxonomy":"post_tag","embeddable":true,"href":"https:\/\/www.acusticauach.cl\/index.php?rest_route=%2Fwp%2Fv2%2Ftags&post=7899"}],"curies":[{"name":"wp","href":"https:\/\/api.w.org\/{rel}","templated":true}]}}