{"id":7776,"date":"2016-08-22T12:40:04","date_gmt":"2016-08-22T15:40:04","guid":{"rendered":"http:\/\/www.acusticauach.cl\/?p=7776"},"modified":"2019-10-27T19:13:34","modified_gmt":"2019-10-27T22:13:34","slug":"realizan-seminario-sobre-beamforming-aplicaciones-de-camara-acustica","status":"publish","type":"post","link":"https:\/\/www.acusticauach.cl\/?p=7776","title":{"rendered":"Realizan Seminario sobre Beamforming: Aplicaciones de C\u00e1mara Ac\u00fastica"},"content":{"rendered":"<h2><strong>La actividad se enmarca en el Proyecto FONDEQUIP EMQ150118 adjudicado por la Universidad Austral de Chile en la cuarta versi\u00f3n del Programa Equipamiento Cient\u00edfico y Tecnol\u00f3gico Mediano 2015, de CONICYT.<\/strong><\/h2>\n<p>El pasado mi\u00e9rcoles 17, en el Auditorio Pabell\u00f3n Docente del Campus Miraflores, se realiz\u00f3 el Seminario sobre Beamforming: Aplicaciones de C\u00e1mara Ac\u00fastica (Proyecto FONDEQUIP EMQ150118), organizado por la Facultad de Ciencias de la Ingenier\u00eda y el Instituto de Ac\u00fastica UACh.<\/p>\n<p>El seminario cont\u00f3 con la participaci\u00f3n del Ingeniero Ac\u00fastico UACh, Alfonso Moreira quien actualmente se desempe\u00f1a como Ingeniero de Aplicaci\u00f3n de Br\u00fcel &amp; Kj\u00e6r en la oficina de Estados Unidos, la empresa m\u00e1s importante a nivel mundial en el desarrollo de equipamiento para medidas en ac\u00fastica y vibraciones. Con 75 a\u00f1os y sede matriz en Dinamarca, Br\u00fcel &amp; Kj\u00e6r realiza aplicaciones tecnol\u00f3gicas en ac\u00fastica y vibraciones para el \u00e1rea aeroespacial, automotriz, medioambiental, defensa, telecomunicaciones, audio y energ\u00edas e\u00f3licas.<\/p>\n<blockquote><p>La Universidad gener\u00f3 un proyecto para adquirir estos modernos equipos para desenvolverse en el \u00e1mbito de la ac\u00fastica. Estas herramientas permiten graficar la proveniencia espacial del sonido y tambi\u00e9n permiten hacer mediciones m\u00e1s espec\u00edficas. Son 3 arreglos de micr\u00f3fonos en diferentes geometr\u00edas. El primero es un arreglo circular que permite hacer mediciones de todo tipo con t\u00e9cnicas muy interesantes en el \u00e1rea arquitect\u00f3nica o control de ruido en general; el segundo es un arreglo de micr\u00f3fonos esf\u00e9rico que detecta en 3D la proveniencia del sonido y el tercer arreglo de micr\u00f3fonos, llamado pentangular de grandes dimensiones (3.3 metros de di\u00e1metro) sirve para hacer mediciones en baja frecuencia como por ejemplo en turbinas e\u00f3licas\u201d Explic\u00f3 el Ingeniero Ac\u00fastico, representante de la marca Br\u00fcel &amp; Kj\u00e6r , Alfonso Moreira.<\/p><\/blockquote>\n<p><a href=\"https:\/\/www.acusticauach.cl\/wp-content\/uploads\/2016\/08\/2016_08_24_Seminario_Camara_Acustica_14.jpg\"><img decoding=\"async\" class=\"aligncenter size-full wp-image-7781\" src=\"https:\/\/www.acusticauach.cl\/wp-content\/uploads\/2016\/08\/2016_08_24_Seminario_Camara_Acustica_14.jpg\" alt=\"2016_08_24_Seminario_Camara_Acustica_14\" width=\"1000\" height=\"563\" srcset=\"https:\/\/www.acusticauach.cl\/wp-content\/uploads\/2016\/08\/2016_08_24_Seminario_Camara_Acustica_14.jpg 1000w, https:\/\/www.acusticauach.cl\/wp-content\/uploads\/2016\/08\/2016_08_24_Seminario_Camara_Acustica_14-300x169.jpg 300w, https:\/\/www.acusticauach.cl\/wp-content\/uploads\/2016\/08\/2016_08_24_Seminario_Camara_Acustica_14-700x394.jpg 700w, https:\/\/www.acusticauach.cl\/wp-content\/uploads\/2016\/08\/2016_08_24_Seminario_Camara_Acustica_14-500x282.jpg 500w\" sizes=\"(max-width: 1000px) 100vw, 1000px\" \/><\/a><\/p>\n<p>Por otra parte el Coordinador del Proyecto FONDEQUIP y Acad\u00e9mico del Instituto de Ac\u00fastica UACh, Enrique Suarez, destac\u00f3 la obtenci\u00f3n de este proyecto que les permiti\u00f3 comprar equipos de \u00faltima tecnolog\u00eda con el fin de abrir el campo de investigaci\u00f3n Ac\u00fastica. \u201cQuisimos realizar una capacitaci\u00f3n abierta, que permitiera conocer sobre la t\u00e9cnica de Beamforming, la cual se ha desarrollado en los \u00faltimos a\u00f1os para visualizar el sonido. Este seminario en su primera parte consisti\u00f3 en que el representante de la marca ha mostrado los equipos a los asistentes, explicando sus principales prestaciones t\u00e9cnicas y en la segunda parte se realiz\u00f3 una demostraci\u00f3n pr\u00e1ctica de ellos\u201d<\/p>\n<p>Ver la primera parte del seminario en TVAustral<\/p>\n<p><iframe style=\"border: 0px; padding: 0px; margin: 0px;\" src=\"http:\/\/videoteca.uach.cl\/videos\/video\/1953\/embed\/?access_token=shr00000019534846244416762062379769634004101\" width=\"562\" height=\"343\" frameborder=\"0\" scrolling=\"no\" allowfullscreen=\"allowfullscreen\"><\/iframe><\/p>\n<p><a href=\"http:\/\/www.conicyt.cl\/fondequip\/2015\/07\/29\/iv-concurso-de-equipamiento-cientifico-y-tecnologico-mediano-fondequip-2\/\" target=\"_blank\" rel=\"noopener noreferrer\"><img decoding=\"async\" class=\"size-full wp-image-8884 alignleft\" src=\"https:\/\/www.acusticauach.cl\/wp-content\/uploads\/2017\/06\/logo-conicyt.png\" alt=\"\" width=\"172\" height=\"156\" \/><\/a>El Proyecto FONDEQUIP EMQ150118 \u201cDesarrollo de aplicaciones en ac\u00fastica mediante la t\u00e9cnica de arreglo de micr\u00f3fonos de alta definici\u00f3n e im\u00e1genes ac\u00fasticas. C\u00e1mara Ac\u00fastica (Beamforming System)\u201d es uno de los cuatro proyectos adjudicados por la Universidad Austral de Chile en la cuarta versi\u00f3n del P<a href=\"http:\/\/www.conicyt.cl\/fondequip\/2015\/07\/29\/iv-concurso-de-equipamiento-cientifico-y-tecnologico-mediano-fondequip-2\/\" target=\"_blank\" rel=\"noopener noreferrer\">rograma Equipamiento Cient\u00edfico y Tecnol\u00f3gico Mediano 2015 de CONICYT<\/a>, y corresponde a un equipo de sistema de C\u00e1mara Ac\u00fastica \u2013Beamforming o arreglo de micr\u00f3fonos \u2013 el cual permite visualizar el comportamiento del sonido basado en m\u00e9todos de procesamiento digital de se\u00f1ales, permitiendo extraer e integrar la informaci\u00f3n ac\u00fastica que proviene de m\u00faltiples fuentes sonoras.<\/p>\n<p>La compra de este equipo, \u00fanico con estas caracter\u00edsticas en nuestro pa\u00eds, busca el desarrollo de aplicaciones en ac\u00fastica mediante la t\u00e9cnica de arreglo de micr\u00f3fonos de alta definici\u00f3n e im\u00e1genes ac\u00fasticas, con un monto total de $248.095.764, financiados en conjunto por CONICYT y la Universidad Austral de Chile.<\/p>\n<p>Ver \u00c1lbum de fotos en Facebook:<a href=\"https:\/\/www.facebook.com\/media\/set\/?set=a.1096236727124633.1073741869.194362960645352&amp;type=1&amp;l=e557c772bd\" target=\"_blank\" rel=\"noopener noreferrer\">\u00a0https:\/\/www.facebook.com\/media\/set\/?set=a.1096236727124633.1073741869.194362960645352&amp;type=1&amp;l=e557c772bd<\/a><\/p>\n<p>&nbsp;<\/p>\n<p>&nbsp;<\/p>\n<div id=\"fb-root\"><\/div>\n<p><script>\/\/ <![CDATA[ (function(d, s, id) { var js, fjs = d.getElementsByTagName(s)[0]; if (d.getElementById(id)) return; js = d.createElement(s); js.id = id; js.src = \"\/\/connect.facebook.net\/es_LA\/all.js#xfbml=1\"; fjs.parentNode.insertBefore(js, fjs); }(document, 'script', 'facebook-jssdk')); \/\/ ]]><\/script><\/p>\n<div class=\"fb-post\" data-href=\"https:\/\/www.facebook.com\/media\/set\/?set=a.1096236727124633.1073741869.194362960645352&amp;type=1\" data-width=\"700\">\n<div class=\"fb-xfbml-parse-ignore\"><a href=\"https:\/\/www.facebook.com\/media\/set\/?set=a.1096236727124633.1073741869.194362960645352&amp;type=1\">Publicaci\u00f3n<\/a> de <a href=\"https:\/\/www.facebook.com\/acusticauach\">Acustica UACh<\/a>.<\/div>\n<\/div>\n","protected":false},"excerpt":{"rendered":"<p>La actividad se enmarca en el Proyecto FONDEQUIP EMQ150118 adjudicado por la Universidad Austral de Chile en la cuarta versi\u00f3n del Programa Equipamiento Cient\u00edfico y Tecnol\u00f3gico Mediano 2015, de CONICYT. El pasado mi\u00e9rcoles 17, en el Auditorio Pabell\u00f3n Docente del Campus Miraflores, se realiz\u00f3 el Seminario sobre Beamforming: Aplicaciones de C\u00e1mara Ac\u00fastica (Proyecto FONDEQUIP EMQ150118), [&hellip;]<\/p>\n","protected":false},"author":2,"featured_media":7777,"comment_status":"closed","ping_status":"closed","sticky":false,"template":"","format":"standard","meta":{"footnotes":""},"categories":[906],"tags":[203,345,347,20],"class_list":["post-7776","post","type-post","status-publish","format-standard","has-post-thumbnail","hentry","category-pregrado","tag-bruel-kjaer","tag-camara-acustica","tag-fondequip","tag-seminario"],"_links":{"self":[{"href":"https:\/\/www.acusticauach.cl\/index.php?rest_route=\/wp\/v2\/posts\/7776","targetHints":{"allow":["GET"]}}],"collection":[{"href":"https:\/\/www.acusticauach.cl\/index.php?rest_route=\/wp\/v2\/posts"}],"about":[{"href":"https:\/\/www.acusticauach.cl\/index.php?rest_route=\/wp\/v2\/types\/post"}],"author":[{"embeddable":true,"href":"https:\/\/www.acusticauach.cl\/index.php?rest_route=\/wp\/v2\/users\/2"}],"replies":[{"embeddable":true,"href":"https:\/\/www.acusticauach.cl\/index.php?rest_route=%2Fwp%2Fv2%2Fcomments&post=7776"}],"version-history":[{"count":0,"href":"https:\/\/www.acusticauach.cl\/index.php?rest_route=\/wp\/v2\/posts\/7776\/revisions"}],"wp:featuredmedia":[{"embeddable":true,"href":"https:\/\/www.acusticauach.cl\/index.php?rest_route=\/wp\/v2\/media\/7777"}],"wp:attachment":[{"href":"https:\/\/www.acusticauach.cl\/index.php?rest_route=%2Fwp%2Fv2%2Fmedia&parent=7776"}],"wp:term":[{"taxonomy":"category","embeddable":true,"href":"https:\/\/www.acusticauach.cl\/index.php?rest_route=%2Fwp%2Fv2%2Fcategories&post=7776"},{"taxonomy":"post_tag","embeddable":true,"href":"https:\/\/www.acusticauach.cl\/index.php?rest_route=%2Fwp%2Fv2%2Ftags&post=7776"}],"curies":[{"name":"wp","href":"https:\/\/api.w.org\/{rel}","templated":true}]}}