{"id":7755,"date":"2016-08-12T13:25:52","date_gmt":"2016-08-12T17:25:52","guid":{"rendered":"http:\/\/www.acusticauach.cl\/?p=7755"},"modified":"2019-10-27T19:13:45","modified_gmt":"2019-10-27T22:13:45","slug":"acustica-uach-realizara-seminario-sobre-beamforming","status":"publish","type":"post","link":"https:\/\/www.acusticauach.cl\/?p=7755","title":{"rendered":"Ac\u00fastica UACh realizar\u00e1 Seminario sobre Beamforming"},"content":{"rendered":"<p><em>La actividad se enmarca en el Proyecto FONDEQUIP EMQ150118 adjudicado por la Universidad Austral de Chile en la cuarta versi\u00f3n del Programa Equipamiento Cient\u00edfico y Tecnol\u00f3gico Mediano 2015, de CONICYT.<\/em><\/p>\n<p>El mi\u00e9rcoles 17 de agosto, desde las 15:00 horas en el Auditorio Pabell\u00f3n Docente del Campus Miraflores, se realizar\u00e1 el <strong>Seminario sobre Beamforming: Aplicaciones de C\u00e1mara Ac\u00fastica (Proyecto FONDEQUIP EMQ150118)<\/strong>, organizado por la Facultad de Ciencias de la Ingenier\u00eda y el Instituto de Ac\u00fastica UACh.<\/p>\n<p>El seminario contar\u00e1 con la participaci\u00f3n del Ingeniero Ac\u00fastico UACh, <strong>Alfonso Moreira<\/strong> quien actualmente se desempe\u00f1a como Ingeniero de Aplicaci\u00f3n de <a href=\"http:\/\/www.bkhome.com\/\">Br\u00fcel &amp; Kj\u00e6r Norteam\u00e9rica<\/a>, la empresa m\u00e1s importante a nivel mundial en el desarrollo de equipamiento para medidas en ac\u00fastica y vibraciones. Con 75 a\u00f1os y sede matriz en Dinamarca, Br\u00fcel &amp; Kj\u00e6r realiza aplicaciones tecnol\u00f3gicas en ac\u00fastica y vibraciones para el \u00e1rea aeroespacial, automotriz, medioambiental, defensa, telecomunicaciones, audio y energ\u00edas e\u00f3licas.<\/p>\n<blockquote><p>\u201cEsta actividad permitir\u00e1 conocer sobre la t\u00e9cnica de <strong><em>Beamforming <\/em><\/strong>que se ha desarrollado en los \u00faltimos a\u00f1os para visualizar el sonido, las que corresponden a elaborados sistemas de arreglos de micr\u00f3fonos que, mediante an\u00e1lisis de se\u00f1ales digitales, permiten convertir la informaci\u00f3n sonora en representaciones gr\u00e1ficas. Estos equipos de alto costo, llamados gen\u00e9ricamente <em><strong>C\u00e1maras Ac\u00fasticas<\/strong>,<\/em> abren un nuevo campo de aplicaciones en diversas \u00e1reas de la ingenier\u00eda ac\u00fastica\u201d, explic\u00f3 el Dr. Enrique Su\u00e1rez, acad\u00e9mico del Instituto de Ac\u00fastica UACh y coordinador del proyecto.<\/p><\/blockquote>\n<p><a href=\"https:\/\/www.acusticauach.cl\/wp-content\/uploads\/2016\/08\/Flyer-Seminario_Camara_Acustica.jpg\"><img decoding=\"async\" class=\"aligncenter size-full wp-image-7768\" src=\"https:\/\/www.acusticauach.cl\/wp-content\/uploads\/2016\/08\/Flyer-Seminario_Camara_Acustica.jpg\" alt=\"Flyer-Seminario_Camara_Acustica\" width=\"709\" height=\"709\" srcset=\"https:\/\/www.acusticauach.cl\/wp-content\/uploads\/2016\/08\/Flyer-Seminario_Camara_Acustica.jpg 709w, https:\/\/www.acusticauach.cl\/wp-content\/uploads\/2016\/08\/Flyer-Seminario_Camara_Acustica-150x150.jpg 150w, https:\/\/www.acusticauach.cl\/wp-content\/uploads\/2016\/08\/Flyer-Seminario_Camara_Acustica-300x300.jpg 300w, https:\/\/www.acusticauach.cl\/wp-content\/uploads\/2016\/08\/Flyer-Seminario_Camara_Acustica-65x65.jpg 65w, https:\/\/www.acusticauach.cl\/wp-content\/uploads\/2016\/08\/Flyer-Seminario_Camara_Acustica-55x55.jpg 55w, https:\/\/www.acusticauach.cl\/wp-content\/uploads\/2016\/08\/Flyer-Seminario_Camara_Acustica-94x94.jpg 94w, https:\/\/www.acusticauach.cl\/wp-content\/uploads\/2016\/08\/Flyer-Seminario_Camara_Acustica-86x86.jpg 86w, https:\/\/www.acusticauach.cl\/wp-content\/uploads\/2016\/08\/Flyer-Seminario_Camara_Acustica-120x120.jpg 120w, https:\/\/www.acusticauach.cl\/wp-content\/uploads\/2016\/08\/Flyer-Seminario_Camara_Acustica-700x700.jpg 700w, https:\/\/www.acusticauach.cl\/wp-content\/uploads\/2016\/08\/Flyer-Seminario_Camara_Acustica-500x500.jpg 500w, https:\/\/www.acusticauach.cl\/wp-content\/uploads\/2016\/08\/Flyer-Seminario_Camara_Acustica-215x215.jpg 215w\" sizes=\"(max-width: 709px) 100vw, 709px\" \/><\/a><\/p>\n<p>El Proyecto FONDEQUIP EMQ150118 \u201c<em>Desarrollo de aplicaciones en ac\u00fastica mediante la t\u00e9cnica de arreglo de micr\u00f3fonos de alta definici\u00f3n e im\u00e1genes ac\u00fasticas. C\u00e1mara Ac\u00fastica (Beamforming System)\u201d<\/em> es uno de los cuatro proyectos adjudicados por la Universidad Austral de Chile en la <a href=\"http:\/\/www.conicyt.cl\/fondequip\/2015\/07\/29\/iv-concurso-de-equipamiento-cientifico-y-tecnologico-mediano-fondequip-2\/\">cuarta versi\u00f3n del Programa Equipamiento Cient\u00edfico y Tecnol\u00f3gico Mediano 2015 de CONICYT<\/a>, y corresponde a un equipo de sistema de C\u00e1mara Ac\u00fastica \u2013Beamforming o arreglo de micr\u00f3fonos \u2013 el cual permite visualizar el comportamiento del sonido basado en m\u00e9todos de procesamiento digital de se\u00f1ales, permitiendo extraer e integrar la informaci\u00f3n ac\u00fastica que proviene de m\u00faltiples fuentes sonoras.<\/p>\n<p>La compra de este equipo, \u00fanico en nuestro pa\u00eds, busca el desarrollo de aplicaciones en ac\u00fastica mediante la t\u00e9cnica de arreglo de micr\u00f3fonos de alta definici\u00f3n e im\u00e1genes ac\u00fasticas, con un monto total de $248.095.764, financiados en conjunto por CONICYT y la Universidad Austral de Chile.<\/p>\n<p><a href=\"https:\/\/www.acusticauach.cl\/wp-content\/uploads\/2016\/08\/Esf\u00e9rico-ruido-de-trenes.png\"><img decoding=\"async\" class=\"aligncenter wp-image-7756 size-full\" src=\"https:\/\/www.acusticauach.cl\/wp-content\/uploads\/2016\/08\/Esf\u00e9rico-ruido-de-trenes.png\" alt=\"Esf\u00e9rico ruido de trenes\" width=\"650\" height=\"321\" srcset=\"https:\/\/www.acusticauach.cl\/wp-content\/uploads\/2016\/08\/Esf\u00e9rico-ruido-de-trenes.png 650w, https:\/\/www.acusticauach.cl\/wp-content\/uploads\/2016\/08\/Esf\u00e9rico-ruido-de-trenes-300x148.png 300w, https:\/\/www.acusticauach.cl\/wp-content\/uploads\/2016\/08\/Esf\u00e9rico-ruido-de-trenes-500x247.png 500w\" sizes=\"(max-width: 650px) 100vw, 650px\" \/><\/a><\/p>\n<p>&nbsp;<\/p>\n<p>&nbsp;<\/p>\n<p><em>\u00a0<\/em><\/p>\n","protected":false},"excerpt":{"rendered":"<p>La actividad se enmarca en el Proyecto FONDEQUIP EMQ150118 adjudicado por la Universidad Austral de Chile en la cuarta versi\u00f3n del Programa Equipamiento Cient\u00edfico y Tecnol\u00f3gico Mediano 2015, de CONICYT. El mi\u00e9rcoles 17 de agosto, desde las 15:00 horas en el Auditorio Pabell\u00f3n Docente del Campus Miraflores, se realizar\u00e1 el Seminario sobre Beamforming: Aplicaciones de [&hellip;]<\/p>\n","protected":false},"author":6,"featured_media":7757,"comment_status":"closed","ping_status":"closed","sticky":false,"template":"","format":"standard","meta":{"footnotes":""},"categories":[906],"tags":[113,346,203,124,388,41,45,110,112,78,166,387,20,213,51,22],"class_list":["post-7755","post","type-post","status-publish","format-standard","has-post-thumbnail","hentry","category-pregrado","tag-acustica","tag-beamforming","tag-bruel-kjaer","tag-conferencia","tag-development","tag-exalumnos","tag-extranjero","tag-ingenieria","tag-internacional","tag-investigacion-2","tag-proyecto","tag-research","tag-seminario","tag-uach","tag-usa","tag-valdivia"],"_links":{"self":[{"href":"https:\/\/www.acusticauach.cl\/index.php?rest_route=\/wp\/v2\/posts\/7755","targetHints":{"allow":["GET"]}}],"collection":[{"href":"https:\/\/www.acusticauach.cl\/index.php?rest_route=\/wp\/v2\/posts"}],"about":[{"href":"https:\/\/www.acusticauach.cl\/index.php?rest_route=\/wp\/v2\/types\/post"}],"author":[{"embeddable":true,"href":"https:\/\/www.acusticauach.cl\/index.php?rest_route=\/wp\/v2\/users\/6"}],"replies":[{"embeddable":true,"href":"https:\/\/www.acusticauach.cl\/index.php?rest_route=%2Fwp%2Fv2%2Fcomments&post=7755"}],"version-history":[{"count":0,"href":"https:\/\/www.acusticauach.cl\/index.php?rest_route=\/wp\/v2\/posts\/7755\/revisions"}],"wp:featuredmedia":[{"embeddable":true,"href":"https:\/\/www.acusticauach.cl\/index.php?rest_route=\/wp\/v2\/media\/7757"}],"wp:attachment":[{"href":"https:\/\/www.acusticauach.cl\/index.php?rest_route=%2Fwp%2Fv2%2Fmedia&parent=7755"}],"wp:term":[{"taxonomy":"category","embeddable":true,"href":"https:\/\/www.acusticauach.cl\/index.php?rest_route=%2Fwp%2Fv2%2Fcategories&post=7755"},{"taxonomy":"post_tag","embeddable":true,"href":"https:\/\/www.acusticauach.cl\/index.php?rest_route=%2Fwp%2Fv2%2Ftags&post=7755"}],"curies":[{"name":"wp","href":"https:\/\/api.w.org\/{rel}","templated":true}]}}