{"id":7699,"date":"2016-07-06T12:00:33","date_gmt":"2016-07-06T16:00:33","guid":{"rendered":"http:\/\/www.acusticauach.cl\/?p=7699"},"modified":"2019-10-27T19:14:33","modified_gmt":"2019-10-27T22:14:33","slug":"realizan-seminario-de-acustica-procesado-de-senales","status":"publish","type":"post","link":"https:\/\/www.acusticauach.cl\/?p=7699","title":{"rendered":"Realizan seminario de ac\u00fastica \u00abProcesado de Se\u00f1ales\u00bb"},"content":{"rendered":"<h2><strong><em>El encuentro se enmarc\u00f3 en el curso \u00abAn\u00e1lisis de Se\u00f1ales de Ac\u00fastica\u00bb perteneciente al \u00abPrograma Mag\u00edster en Ac\u00fastica y Vibraciones\u00bb.<\/em><\/strong><\/h2>\n<p>En la sala 9202 del Pabell\u00f3n Docente, se llev\u00f3 a cabo durante el pasado lunes el Seminario \u00abProcesado de Se\u00f1ales\u00bb organizado por el Instituto de Ac\u00fastica de la Facultad de Ciencias de la Ingenier\u00eda de la Universidad Austral de Chile y que cont\u00f3 con relatores provenientes de Temuco y M\u00e9xico. El Seminario fue organizado en el marco del <strong>Curso ACUS340 \u00abAn\u00e1lisis de Se\u00f1ales de Ac\u00fastica\u00bb<\/strong> perteneciente al <a href=\"http:\/\/ingenieria.uach.cl\/index.php\/postgrado\/magister-en-acustica-y-vibraciones\">\u00abPrograma Mag\u00edster en Ac\u00fastica y Vibraciones\u00bb<\/a>. El objetivo principal de la cita fue intercambiar informaci\u00f3n con los asistentes sobre mecanismos tecnol\u00f3gicos utilizados en el reconocimiento de patrones que agrupen gran cantidad de informaci\u00f3n en diferentes \u00e1reas.<\/p>\n<p>Fue as\u00ed como la primera charla estuvo a cargo del <strong>Dr. Fernando Huenup\u00e1n, <\/strong>perteneciente al<a href=\"http:\/\/www.ufro.cl\/\"><strong> Departamento de Ingenier\u00eda El\u00e9ctrica, UFRO<\/strong><\/a> y se denomin\u00f3 \u00abReconocimiento de patrones, introducci\u00f3n y aplicaciones en ingenier\u00eda\u00bb ejemplificado con el reconocimiento de patrones en la industria salmonera, espec\u00edficamente sobre las tecnolog\u00edas utilizadas para la diferenciaci\u00f3n entre salmones y r\u00f3balos en l\u00edneas de producci\u00f3n a gran escala. Posteriormente, present\u00f3 la <strong>Dra. Millaray Curilem, <\/strong>perteneciente al<strong> <a href=\"http:\/\/www.inele.ufro.cl\/\">Departamento de Ingenier\u00eda El\u00e9ctrica, UFRO,<\/a> <\/strong>con la ponencia llamada \u00abAutomatizaci\u00f3n en identificaci\u00f3n de eventos sismo-volc\u00e1nicos, aplicados al volc\u00e1n Llaima\u00bb, basada en la utilizaci\u00f3n de tecnolog\u00edas para el reconocimiento de patrones que entreguen informaci\u00f3n sobre el comportamiento de los volcanes con el fin de predecir posibles erupciones y mantener una base de datos sobre su actividad.<\/p>\n<p>Para finalizar la jornada, present\u00f3 la <strong>Dra. Martha Ort\u00edz Posadas, <\/strong>perteneciente a la<strong> <a href=\"http:\/\/www.utmetropolitana.edu.mx\/\">Universidad Tecnol\u00f3gica Metropolitana de M\u00e9xico<\/a><\/strong> con la ponencia \u00abModelaci\u00f3n matem\u00e1tica en biotecnolog\u00eda\u00bb. Especializada en biomedicina, la Dra. Ort\u00edz explic\u00f3 la forma en que en Ciudad de M\u00e9xico se utilizan programas en hospitales p\u00fablicos para el reconocimiento de patrones en pacientes tratados por labio leporino.<\/p>\n<p>&nbsp;<\/p>\n","protected":false},"excerpt":{"rendered":"<p>El encuentro se enmarc\u00f3 en el curso \u00abAn\u00e1lisis de Se\u00f1ales de Ac\u00fastica\u00bb perteneciente al \u00abPrograma Mag\u00edster en Ac\u00fastica y Vibraciones\u00bb. En la sala 9202 del Pabell\u00f3n Docente, se llev\u00f3 a cabo durante el pasado lunes el Seminario \u00abProcesado de Se\u00f1ales\u00bb organizado por el Instituto de Ac\u00fastica de la Facultad de Ciencias de la Ingenier\u00eda de [&hellip;]<\/p>\n","protected":false},"author":6,"featured_media":7705,"comment_status":"closed","ping_status":"closed","sticky":false,"template":"","format":"standard","meta":{"footnotes":""},"categories":[906],"tags":[84,110,78,153,46,323,400],"class_list":["post-7699","post","type-post","status-publish","format-standard","has-post-thumbnail","hentry","category-pregrado","tag-charla","tag-ingenieria","tag-investigacion-2","tag-magister","tag-mexico","tag-temuco","tag-ufro"],"_links":{"self":[{"href":"https:\/\/www.acusticauach.cl\/index.php?rest_route=\/wp\/v2\/posts\/7699","targetHints":{"allow":["GET"]}}],"collection":[{"href":"https:\/\/www.acusticauach.cl\/index.php?rest_route=\/wp\/v2\/posts"}],"about":[{"href":"https:\/\/www.acusticauach.cl\/index.php?rest_route=\/wp\/v2\/types\/post"}],"author":[{"embeddable":true,"href":"https:\/\/www.acusticauach.cl\/index.php?rest_route=\/wp\/v2\/users\/6"}],"replies":[{"embeddable":true,"href":"https:\/\/www.acusticauach.cl\/index.php?rest_route=%2Fwp%2Fv2%2Fcomments&post=7699"}],"version-history":[{"count":0,"href":"https:\/\/www.acusticauach.cl\/index.php?rest_route=\/wp\/v2\/posts\/7699\/revisions"}],"wp:featuredmedia":[{"embeddable":true,"href":"https:\/\/www.acusticauach.cl\/index.php?rest_route=\/wp\/v2\/media\/7705"}],"wp:attachment":[{"href":"https:\/\/www.acusticauach.cl\/index.php?rest_route=%2Fwp%2Fv2%2Fmedia&parent=7699"}],"wp:term":[{"taxonomy":"category","embeddable":true,"href":"https:\/\/www.acusticauach.cl\/index.php?rest_route=%2Fwp%2Fv2%2Fcategories&post=7699"},{"taxonomy":"post_tag","embeddable":true,"href":"https:\/\/www.acusticauach.cl\/index.php?rest_route=%2Fwp%2Fv2%2Ftags&post=7699"}],"curies":[{"name":"wp","href":"https:\/\/api.w.org\/{rel}","templated":true}]}}