{"id":7658,"date":"2016-06-16T11:14:38","date_gmt":"2016-06-16T15:14:38","guid":{"rendered":"http:\/\/www.acusticauach.cl\/?p=7658"},"modified":"2019-10-27T19:15:04","modified_gmt":"2019-10-27T22:15:04","slug":"el-ingeniero-electronico-richard-m-stern-ee-uu-dicto-una-charla-para-profesores-y-estudiantes-de-acustica","status":"publish","type":"post","link":"https:\/\/www.acusticauach.cl\/?p=7658","title":{"rendered":"El Ingeniero Electr\u00f3nico Richard M. Stern (EE.UU) dict\u00f3 una charla para profesores y estudiantes de Ac\u00fastica"},"content":{"rendered":"<h2>La charla es parte de los Seminarios de Investigaci\u00f3n organizados por el Instituto de Ac\u00fastica de la Universidad Austral.<\/h2>\n<p>Escrito por\u00a0Joaqu\u00edn F. Sep\u00falveda B.<\/p>\n<p>El mi\u00e9rcoles 15 de junio en dependencias del Pabell\u00f3n Docente del Campus Miraflores, se realiz\u00f3 la charla <strong>\u201cLa Aplicaci\u00f3n de Modelos Motivado por la Fisiolog\u00eda de Procesamiento Auditivo al Reconocimiento de Voz Autom\u00e1tico: Promesa y Progreso\u201d<\/strong>, dictada por el destacado ingeniero electr\u00f3nico y acad\u00e9mico del Departamento de Ingenier\u00eda Electr\u00f3nica y Computacional e Instituto de Tecnolog\u00edas del Lenguaje de la Carnegie Mellon University, PhD. Richard M. Stern.<\/p>\n<p>La visita del Dr. Stern a la Facultad de Ciencias de la Ingenier\u00eda, forma parte del Proyecto Fondecyt N\u00ba1151306, \u201cVoice based interfaces for cooperative robot swarm\u201d y el Proyecto Anillo \u201cCentro para la investigaci\u00f3n multidisciplinaria para el procesamiento de se\u00f1ales\u201d, ambos dirigidos por el Prof. N\u00e9stor Becerra Yoma del LPTV de la Universidad de Chile.<\/p>\n<p>Al respecto de la actividad y como organizador, el profesor del Instituto de Ac\u00fastica, V\u00edctor Poblete, valor\u00f3 la instancia de que el Ing. Richard Stern haya podido llegar hasta Valdivia para conocer el Instituto de Ac\u00fastica y compartir as\u00ed sus conocimientos. \u201cAsistieron muchas\u00a0personas, estudiantes principalmente. El Dr. Stern se va contento, ya que los profesores que nos visitan privilegian las relaciones con los estudiantes, quienes preguntan, consultan sobre lo que expone, y eso se logr\u00f3 muy bien\u201d mencion\u00f3.<\/p>\n<p>La exposici\u00f3n que realiz\u00f3 el especialista plantea que el sistema auditivo humano ha sido una inspiraci\u00f3n para los desarrolladores de sistemas autom\u00e1ticos de reconocimiento de voz, debido a su capacidad para interpretar la voz con precisi\u00f3n en una amplia variedad de entornos ac\u00fasticos dif\u00edciles. En esta charla se discuti\u00f3 la aplicaci\u00f3n de enfoques motivados por la fisiol\u00f3gica auditiva y la psicof\u00edsica al procesamiento de se\u00f1ales que facilitan el reconocimiento autom\u00e1tico robusto de voz. Adem\u00e1s, se analiz\u00f3 la motivaci\u00f3n y la estructura de los modelos computacionales cl\u00e1sicos y contempor\u00e1neos de procesamiento auditivo que se han aplicado para el reconocimiento de voz, junto a la evaluaci\u00f3n e impacto en la mejora de la precisi\u00f3n de reconocimiento de voz.<\/p>\n<p>Esta es la primera vez que el profesor Richard Stern visita la Universidad Austral y en la charla destac\u00f3 el trabajo que realiza el Instituto de Ac\u00fastica en materias de investigaci\u00f3n.<\/p>\n<blockquote><p>Estoy aqu\u00ed porque he tenido inter\u00e9s en conocer el Instituto de Ac\u00fastica de la Universidad Austral por mucho tiempo, desde que conoc\u00ed al profesor V\u00edctor Poblete cuando estudiaba en Santiago hace algunos a\u00f1os. Quise pasar al menos un d\u00eda en Valdivia, ya que me interesa mucho visitar esta universidad. Ha sido una experiencia muy buena el conocer al decano y profesores, estoy muy agradecido\u201d, agreg\u00f3 el Dr. Stern.<\/p><\/blockquote>\n<p><a href=\"https:\/\/www.acusticauach.cl\/?page_id=4253\">El video de \u00e9sta charla y otras en nuestra secci\u00f3n \u00abEventos en Video\u00bb<\/a><\/p>\n<p><iframe style=\"border: 0px; padding: 0px; margin: 0px;\" src=\"http:\/\/videoteca.uach.cl\/videos\/video\/1829\/embed\/?access_token=shr00000018295511242102034513449596749065689\" width=\"562\" height=\"343\" frameborder=\"0\" scrolling=\"no\" allowfullscreen=\"allowfullscreen\"><\/iframe><\/p>\n<p><a href=\"https:\/\/www.facebook.com\/media\/set\/?set=a.1049774928437480.1073741868.194362960645352&amp;type=1&amp;l=916a360dd9\" target=\"_blank\" rel=\"noopener noreferrer\">\u00c1lbum en Facebook<\/a><\/p>\n<p><iframe style=\"border: none; overflow: hidden;\" src=\"https:\/\/www.facebook.com\/plugins\/post.php?href=https%3A%2F%2Fwww.facebook.com%2Fmedia%2Fset%2F%3Fset%3Da.1049774928437480.1073741868.194362960645352%26type%3D3&amp;width=500\" width=\"500\" height=\"664\" frameborder=\"0\" scrolling=\"no\"><\/iframe><\/p>\n","protected":false},"excerpt":{"rendered":"<p>La charla es parte de los Seminarios de Investigaci\u00f3n organizados por el Instituto de Ac\u00fastica de la Universidad Austral. Escrito por\u00a0Joaqu\u00edn F. Sep\u00falveda B. El mi\u00e9rcoles 15 de junio en dependencias del Pabell\u00f3n Docente del Campus Miraflores, se realiz\u00f3 la charla \u201cLa Aplicaci\u00f3n de Modelos Motivado por la Fisiolog\u00eda de Procesamiento Auditivo al Reconocimiento de [&hellip;]<\/p>\n","protected":false},"author":2,"featured_media":7672,"comment_status":"closed","ping_status":"closed","sticky":false,"template":"","format":"standard","meta":{"footnotes":""},"categories":[906],"tags":[84,248,391,20,393],"class_list":["post-7658","post","type-post","status-publish","format-standard","has-post-thumbnail","hentry","category-pregrado","tag-charla","tag-poblete","tag-psicoacustica","tag-seminario","tag-stern"],"_links":{"self":[{"href":"https:\/\/www.acusticauach.cl\/index.php?rest_route=\/wp\/v2\/posts\/7658","targetHints":{"allow":["GET"]}}],"collection":[{"href":"https:\/\/www.acusticauach.cl\/index.php?rest_route=\/wp\/v2\/posts"}],"about":[{"href":"https:\/\/www.acusticauach.cl\/index.php?rest_route=\/wp\/v2\/types\/post"}],"author":[{"embeddable":true,"href":"https:\/\/www.acusticauach.cl\/index.php?rest_route=\/wp\/v2\/users\/2"}],"replies":[{"embeddable":true,"href":"https:\/\/www.acusticauach.cl\/index.php?rest_route=%2Fwp%2Fv2%2Fcomments&post=7658"}],"version-history":[{"count":0,"href":"https:\/\/www.acusticauach.cl\/index.php?rest_route=\/wp\/v2\/posts\/7658\/revisions"}],"wp:featuredmedia":[{"embeddable":true,"href":"https:\/\/www.acusticauach.cl\/index.php?rest_route=\/wp\/v2\/media\/7672"}],"wp:attachment":[{"href":"https:\/\/www.acusticauach.cl\/index.php?rest_route=%2Fwp%2Fv2%2Fmedia&parent=7658"}],"wp:term":[{"taxonomy":"category","embeddable":true,"href":"https:\/\/www.acusticauach.cl\/index.php?rest_route=%2Fwp%2Fv2%2Fcategories&post=7658"},{"taxonomy":"post_tag","embeddable":true,"href":"https:\/\/www.acusticauach.cl\/index.php?rest_route=%2Fwp%2Fv2%2Ftags&post=7658"}],"curies":[{"name":"wp","href":"https:\/\/api.w.org\/{rel}","templated":true}]}}