{"id":7609,"date":"2016-06-09T12:42:42","date_gmt":"2016-06-09T16:42:42","guid":{"rendered":"http:\/\/www.acusticauach.cl\/?p=7609"},"modified":"2019-10-27T19:15:25","modified_gmt":"2019-10-27T22:15:25","slug":"7609","status":"publish","type":"post","link":"https:\/\/www.acusticauach.cl\/?p=7609","title":{"rendered":"Desarrollan Seminario de Investigaci\u00f3n de Ac\u00fastica \u201cNuevas Perspectivas del Sonido Creativo\u201d"},"content":{"rendered":"<h2>El encuentro fue organizado por el Instituto de Ac\u00fastica de la Facultad de Ciencias de la Ingenier\u00eda de la Universidad Austral.<\/h2>\n<p>Escrito por\u00a0Joaqu\u00edn F. Sep\u00falveda B.<\/p>\n<p>En el auditorio del Centro de Educaci\u00f3n Continua de la Universidad Austral se llev\u00f3 a cabo la tarde de este mi\u00e9rcoles el Seminario \u201cNuevas Perspectivas del Sonido Creativo\u201d organizado por el Instituto de Ac\u00fastica y que cont\u00f3 con relatores locales e internacionales.<\/p>\n<p>El objetivo fue mostrar y potenciar el trabajo de investigaci\u00f3n que se realiza en las \u00e1reas de la ingenier\u00eda, la m\u00fasica, artes sonoras, tecnolog\u00eda, entre otras, tanto por profesores y estudiantes de la Universidad Austral de Chile como por investigadores extranjeros.<\/p>\n<p><img decoding=\"async\" class=\" size-full wp-image-7611 aligncenter\" src=\"https:\/\/www.acusticauach.cl\/wp-content\/uploads\/2016\/06\/2016_06_08_Seminario_Sonido_Creativo_08.jpg\" alt=\"2016_06_08_Seminario_Sonido_Creativo_08\" width=\"1000\" height=\"563\" srcset=\"https:\/\/www.acusticauach.cl\/wp-content\/uploads\/2016\/06\/2016_06_08_Seminario_Sonido_Creativo_08.jpg 1000w, https:\/\/www.acusticauach.cl\/wp-content\/uploads\/2016\/06\/2016_06_08_Seminario_Sonido_Creativo_08-300x169.jpg 300w, https:\/\/www.acusticauach.cl\/wp-content\/uploads\/2016\/06\/2016_06_08_Seminario_Sonido_Creativo_08-700x394.jpg 700w, https:\/\/www.acusticauach.cl\/wp-content\/uploads\/2016\/06\/2016_06_08_Seminario_Sonido_Creativo_08-500x282.jpg 500w\" sizes=\"(max-width: 1000px) 100vw, 1000px\" \/><\/p>\n<p>La primera charla denominada \u201cExplorando facetas creativas del paisaje sonoro en un contexto transdisciplinario\u201d estuvo a cargo del profesor del Instituto de Ac\u00fastica de la UACh. Dr. Felipe Otondo quien coment\u00f3 que \u201cla presentaci\u00f3n se trat\u00f3 de distintas grabaciones que se han realizado durante un tiempo en ambientes naturales con instrumentos imperceptibles al eco sistema, relacionado a un estudio personal de entornos sonoros y as\u00ed evaluar con esos resultados de que forma se pueden utilizar en contextos m\u00e1s creativos y art\u00edsticos de lo que com\u00fanmente se acostumbra a realizar.\u201d<\/p>\n<p>Esta presentaci\u00f3n se centr\u00f3 en dos proyectos de instalaciones sonoras concebidas e implementadas como parte de proyectos transdisciplinarios que exploran la relaci\u00f3n del individuo con su entorno sonoro: El proceso creativo inherente en el dise\u00f1o e implementaci\u00f3n de montajes sonoros org\u00e1nicos y flexibles se ejemplific\u00f3 focaliz\u00e1ndose en t\u00e9cnicas de composici\u00f3n basadas en la exploraci\u00f3n de atributos espaciales y temporales de grabaciones de paisaje sonoro. Durante la presentaci\u00f3n se mostraron ejemplos de audios y montajes sonoros creados a partir de grabaciones de campo en humedales urbanos de Valdivia y la costa de Curi\u00f1anco.<\/p>\n<p><img decoding=\"async\" class=\" size-full wp-image-7612 aligncenter\" src=\"https:\/\/www.acusticauach.cl\/wp-content\/uploads\/2016\/06\/2016_06_08_Seminario_Sonido_Creativo_18.jpg\" alt=\"2016_06_08_Seminario_Sonido_Creativo_18\" width=\"1000\" height=\"562\" srcset=\"https:\/\/www.acusticauach.cl\/wp-content\/uploads\/2016\/06\/2016_06_08_Seminario_Sonido_Creativo_18.jpg 1000w, https:\/\/www.acusticauach.cl\/wp-content\/uploads\/2016\/06\/2016_06_08_Seminario_Sonido_Creativo_18-300x169.jpg 300w, https:\/\/www.acusticauach.cl\/wp-content\/uploads\/2016\/06\/2016_06_08_Seminario_Sonido_Creativo_18-700x393.jpg 700w, https:\/\/www.acusticauach.cl\/wp-content\/uploads\/2016\/06\/2016_06_08_Seminario_Sonido_Creativo_18-500x281.jpg 500w\" sizes=\"(max-width: 1000px) 100vw, 1000px\" \/><\/p>\n<p>La segunda y \u00faltima charla de la jornada llev\u00f3 por nombre \u201cCentro Mexicano para la M\u00fasica y las Artes Sonoras: perspectivas de la creaci\u00f3n con tecnolog\u00eda en M\u00e9xico hoy\u201d a cargo del Director del Centro Mexicano para la M\u00fasica y las Artes Sonoras\u00a0 (CMMAS)\u00a0 Dr. Rodrigo Sigal quien mencion\u00f3 que \u201cjunto con presentar la instituci\u00f3n a la que represento, conectar\u00e9 los proyectos que tienen que ver con la incorporaci\u00f3n de la tecnolog\u00eda al sonido creativo, es decir diferentes estrategias para incorporar paisajes sonoros a la composici\u00f3n con instrumentos, s\u00edntesis de sonido y mostrar c\u00f3mo se puede crear m\u00fasica mixta con instrumentos ac\u00fasticos y una contraparte tecnol\u00f3gica\u201d<\/p>\n<p>El Centro Mexicano para la M\u00fasica y las Artes Sonoras (CMMAS:<a href=\"http:\/\/www.cmmas.org\" target=\"_blank\" rel=\"noopener noreferrer\">www.cmmas.org<\/a>) potencia el desarrollo de la m\u00fasica y las artes sonoras en M\u00e9xico. Con sede en la ciudad de Morelia, Michoac\u00e1n, el CMMAS ofrece la infraestructura y el personal humano necesarios para realizar actividades de formaci\u00f3n acad\u00e9mica, investigaci\u00f3n, creaci\u00f3n, producci\u00f3n y promoci\u00f3n de la m\u00fasica y las artes que incorporan el sonido como elemento primordial. Es el principal espacio en Iberoam\u00e9rica para la creaci\u00f3n, reflexi\u00f3n y aprendizaje especializado de las diferentes vertientes de la m\u00fasica contempor\u00e1nea con y sin nuevas tecnolog\u00edas, transform\u00e1ndose en un nodo para la vinculaci\u00f3n entre M\u00e9xico y el resto del mundo en todo lo referente a la m\u00fasica y las artes sonoras, y promoviendo el desarrollo cultural de la comunidad a la que pertenece.<\/p>\n<p>Registro en video:<br \/>\n<iframe style=\"border: 0px; padding: 0px; margin: 0px;\" src=\"http:\/\/videoteca.uach.cl\/videos\/video\/1822\/embed\/?access_token=shr00000018226547006453124562520433300002590\" width=\"562\" height=\"343\" frameborder=\"0\" scrolling=\"no\" allowfullscreen=\"allowfullscreen\"><\/iframe><br \/>\n<a href=\"https:\/\/videoteca.uach.cl\/videos\/video\/1822\/\" target=\"_blank\" rel=\"noopener noreferrer\">https:\/\/videoteca.uach.cl\/videos\/video\/1822\/<\/a><br \/>\n<iframe style=\"border: 0px; padding: 0px; margin: 0px;\" src=\"http:\/\/videoteca.uach.cl\/videos\/video\/1823\/embed\/?access_token=shr00000018238322257092745027276517506743521\" width=\"562\" height=\"343\" frameborder=\"0\" scrolling=\"no\" allowfullscreen=\"allowfullscreen\"><\/iframe><\/p>\n<p><a href=\"https:\/\/videoteca.uach.cl\/videos\/video\/1823\/\" target=\"_blank\" rel=\"noopener noreferrer\">https:\/\/videoteca.uach.cl\/videos\/video\/1823\/<\/a><\/p>\n<h2>Registro Fotogr\u00e1fico:<\/h2>\n<p><iframe style=\"border: none; overflow: hidden;\" src=\"https:\/\/www.facebook.com\/plugins\/post.php?href=https%3A%2F%2Fwww.facebook.com%2Fmedia%2Fset%2F%3Fset%3Da.1045133672234939.1073741867.194362960645352%26type%3D3&amp;width=500\" width=\"500\" height=\"645\" frameborder=\"0\" scrolling=\"no\"><\/iframe><\/p>\n<p><img decoding=\"async\" class=\"aligncenter wp-image-7597 size-medium\" src=\"https:\/\/www.acusticauach.cl\/wp-content\/uploads\/2016\/06\/Flyer-_Charla_Acustica_Corregido2-300x300.jpg\" alt=\"Flyer-_Charla_Acustica_Corregido2\" width=\"300\" height=\"300\" srcset=\"https:\/\/www.acusticauach.cl\/wp-content\/uploads\/2016\/06\/Flyer-_Charla_Acustica_Corregido2-300x300.jpg 300w, https:\/\/www.acusticauach.cl\/wp-content\/uploads\/2016\/06\/Flyer-_Charla_Acustica_Corregido2-150x150.jpg 150w, https:\/\/www.acusticauach.cl\/wp-content\/uploads\/2016\/06\/Flyer-_Charla_Acustica_Corregido2-65x65.jpg 65w, https:\/\/www.acusticauach.cl\/wp-content\/uploads\/2016\/06\/Flyer-_Charla_Acustica_Corregido2-55x55.jpg 55w, https:\/\/www.acusticauach.cl\/wp-content\/uploads\/2016\/06\/Flyer-_Charla_Acustica_Corregido2-94x94.jpg 94w, https:\/\/www.acusticauach.cl\/wp-content\/uploads\/2016\/06\/Flyer-_Charla_Acustica_Corregido2-86x86.jpg 86w, https:\/\/www.acusticauach.cl\/wp-content\/uploads\/2016\/06\/Flyer-_Charla_Acustica_Corregido2-120x120.jpg 120w, https:\/\/www.acusticauach.cl\/wp-content\/uploads\/2016\/06\/Flyer-_Charla_Acustica_Corregido2-700x701.jpg 700w, https:\/\/www.acusticauach.cl\/wp-content\/uploads\/2016\/06\/Flyer-_Charla_Acustica_Corregido2-500x501.jpg 500w, https:\/\/www.acusticauach.cl\/wp-content\/uploads\/2016\/06\/Flyer-_Charla_Acustica_Corregido2-215x215.jpg 215w, https:\/\/www.acusticauach.cl\/wp-content\/uploads\/2016\/06\/Flyer-_Charla_Acustica_Corregido2.jpg 992w\" sizes=\"(max-width: 300px) 100vw, 300px\" \/><\/p>\n","protected":false},"excerpt":{"rendered":"<p>El encuentro fue organizado por el Instituto de Ac\u00fastica de la Facultad de Ciencias de la Ingenier\u00eda de la Universidad Austral. Escrito por\u00a0Joaqu\u00edn F. Sep\u00falveda B. En el auditorio del Centro de Educaci\u00f3n Continua de la Universidad Austral se llev\u00f3 a cabo la tarde de este mi\u00e9rcoles el Seminario \u201cNuevas Perspectivas del Sonido Creativo\u201d organizado [&hellip;]<\/p>\n","protected":false},"author":2,"featured_media":7610,"comment_status":"closed","ping_status":"closed","sticky":false,"template":"","format":"standard","meta":{"footnotes":""},"categories":[908],"tags":[383,84,382,376,147,15,45,374,78,46,189,240,384,311,20,385,25,375],"class_list":["post-7609","post","type-post","status-publish","format-standard","has-post-thumbnail","hentry","category-investigacion","tag-arte-sonoro","tag-charla","tag-chile","tag-ciencia","tag-cmmas","tag-exposicion","tag-extranjero","tag-id","tag-investigacion-2","tag-mexico","tag-musica","tag-otondo","tag-patrimonio","tag-patrimonio-sonoro","tag-seminario","tag-sigal","tag-sonido","tag-tecnologia"],"_links":{"self":[{"href":"https:\/\/www.acusticauach.cl\/index.php?rest_route=\/wp\/v2\/posts\/7609","targetHints":{"allow":["GET"]}}],"collection":[{"href":"https:\/\/www.acusticauach.cl\/index.php?rest_route=\/wp\/v2\/posts"}],"about":[{"href":"https:\/\/www.acusticauach.cl\/index.php?rest_route=\/wp\/v2\/types\/post"}],"author":[{"embeddable":true,"href":"https:\/\/www.acusticauach.cl\/index.php?rest_route=\/wp\/v2\/users\/2"}],"replies":[{"embeddable":true,"href":"https:\/\/www.acusticauach.cl\/index.php?rest_route=%2Fwp%2Fv2%2Fcomments&post=7609"}],"version-history":[{"count":0,"href":"https:\/\/www.acusticauach.cl\/index.php?rest_route=\/wp\/v2\/posts\/7609\/revisions"}],"wp:featuredmedia":[{"embeddable":true,"href":"https:\/\/www.acusticauach.cl\/index.php?rest_route=\/wp\/v2\/media\/7610"}],"wp:attachment":[{"href":"https:\/\/www.acusticauach.cl\/index.php?rest_route=%2Fwp%2Fv2%2Fmedia&parent=7609"}],"wp:term":[{"taxonomy":"category","embeddable":true,"href":"https:\/\/www.acusticauach.cl\/index.php?rest_route=%2Fwp%2Fv2%2Fcategories&post=7609"},{"taxonomy":"post_tag","embeddable":true,"href":"https:\/\/www.acusticauach.cl\/index.php?rest_route=%2Fwp%2Fv2%2Ftags&post=7609"}],"curies":[{"name":"wp","href":"https:\/\/api.w.org\/{rel}","templated":true}]}}