{"id":7603,"date":"2015-11-25T18:02:55","date_gmt":"2015-11-25T21:02:55","guid":{"rendered":"http:\/\/www.acusticauach.cl\/?p=7603"},"modified":"2019-10-27T19:21:22","modified_gmt":"2019-10-27T22:21:22","slug":"sexta-exposicion-de-proyectos-acusticos","status":"publish","type":"post","link":"https:\/\/www.acusticauach.cl\/?p=7603","title":{"rendered":"Sexta Exposici\u00f3n de Proyectos Ac\u00fasticos"},"content":{"rendered":"<h2><em>Por sexto a\u00f1o consecutivo, estudiantes de Ingenier\u00eda Civil Ac\u00fastica presentan sus diferentes proyectos a la comunidad universitaria<\/em>.<\/h2>\n<p>Como cada a\u00f1o, se realiz\u00f3 una exposici\u00f3n de los proyectos m\u00e1s destacados en cada uno de los ramos de Proyectos de Ingenier\u00eda Civil Ac\u00fastica, en el hall del Pabell\u00f3n Docente de la Facultad de Ciencias de la Ingenier\u00eda de la Universidad Austral de Chile; con la intenci\u00f3n de dar a conocer el trabajo de estudiantes que rindieron los cursos de proyecto durante el segundo semestre del a\u00f1o 2014 y el primero del 2015.<\/p>\n<p>Las tem\u00e1ticas var\u00edan entre las diferentes materias de ejercicio de la profesi\u00f3n, como\u00a0Ac\u00fastica Arquitect\u00f3nica,\u00a0Control de Ruido,\u00a0Ac\u00fastica Ambiental,\u00a0Refuerzo Sonoro,\u00a0Postproducci\u00f3n de Audio, Audiovisual y\u00a0Proyecto Integrado de Ing. Civil Ac\u00fastica<\/p>\n<p>De esta forma, los proyectos expuestos en total, fueron 15 y corresponden a:<\/p>\n<ul>\n<li>Proyecto de mejoramiento ac\u00fastico de una sala de clases de la Escuela Fedor M. Dostoievski, Valdivia.<\/li>\n<li>Estudio de las caracter\u00edsticas ac\u00fasticas de salas y \u00e1reas comunes del Pabell\u00f3n Docente Carlos Hunt Sharpe<\/li>\n<li>Dise\u00f1o del estudio de grabaci\u00f3n profesional Nueva Costanera<\/li>\n<li>Estudio Impacto Ac\u00fastico y Dise\u00f1o de Medidas de Mitigaci\u00f3n para la Construcci\u00f3n de Biblioteca Tecnol\u00f3gica de la Facultad de Ciencias de la Ingenier\u00eda UACh<\/li>\n<li>Estimaci\u00f3n del aislamiento ac\u00fastico en fachadas de viviendas de estructura de madera en la ciudad de Valdivia<\/li>\n<li>Estudio del Patrimonio Sonoro de San Vicente de Tagua Tagua<\/li>\n<li>Estimaci\u00f3n del Impacto Ac\u00fastico de la Construcci\u00f3n e Implementaci\u00f3n del puente Los Pel\u00faes, Calle Lord Cochrane y Los Pel\u00faes<\/li>\n<li>Consultor\u00eda Ac\u00fastica Empresa Thermoalum<\/li>\n<li>Comparaci\u00f3n entre CadnaA y dBWaves, en Propagaci\u00f3n de Ruido en Exteriores<\/li>\n<li>Obtenci\u00f3n de par\u00e1metros ac\u00fasticos generados a partir de la respuesta al impulso y modelaci\u00f3n en software Ease<\/li>\n<li>Proyecto de mejoramiento ac\u00fastico de salas de clases de la Escuela El Laurel, ciudad de Valdivia<\/li>\n<li>Proyecto de mejoramiento ac\u00fastico de salas de clases de la Escuela rural El Salto<\/li>\n<li>Proyecto de Acondicionamiento Ac\u00fastico para una sala del Instituto Superior de Administraci\u00f3n y Turismo<\/li>\n<li>Soluci\u00f3n Constructiva para Salas de Clases de la Escuela N\u00ba 1 de Valdivia, en Base al Par\u00e1metro Ac\u00fastico STI.<\/li>\n<li>Dise\u00f1o Ac\u00fastico de un auditorio para 1000 personas<\/li>\n<\/ul>\n<p><img decoding=\"async\" class=\"aligncenter size-full wp-image-7720\" src=\"https:\/\/www.acusticauach.cl\/wp-content\/uploads\/2015\/11\/2015_expoproyectos002.jpg\" alt=\"2015_expoproyectos002\" width=\"1000\" height=\"562\" srcset=\"https:\/\/www.acusticauach.cl\/wp-content\/uploads\/2015\/11\/2015_expoproyectos002.jpg 1000w, https:\/\/www.acusticauach.cl\/wp-content\/uploads\/2015\/11\/2015_expoproyectos002-300x169.jpg 300w, https:\/\/www.acusticauach.cl\/wp-content\/uploads\/2015\/11\/2015_expoproyectos002-700x393.jpg 700w, https:\/\/www.acusticauach.cl\/wp-content\/uploads\/2015\/11\/2015_expoproyectos002-500x281.jpg 500w\" sizes=\"(max-width: 1000px) 100vw, 1000px\" \/><\/p>\n","protected":false},"excerpt":{"rendered":"<p>Por sexto a\u00f1o consecutivo, estudiantes de Ingenier\u00eda Civil Ac\u00fastica presentan sus diferentes proyectos a la comunidad universitaria. Como cada a\u00f1o, se realiz\u00f3 una exposici\u00f3n de los proyectos m\u00e1s destacados en cada uno de los ramos de Proyectos de Ingenier\u00eda Civil Ac\u00fastica, en el hall del Pabell\u00f3n Docente de la Facultad de Ciencias de la Ingenier\u00eda [&hellip;]<\/p>\n","protected":false},"author":2,"featured_media":7718,"comment_status":"closed","ping_status":"closed","sticky":false,"template":"","format":"standard","meta":{"footnotes":""},"categories":[906],"tags":[37,15,36],"class_list":["post-7603","post","type-post","status-publish","format-standard","has-post-thumbnail","hentry","category-pregrado","tag-estudiantes","tag-exposicion","tag-proyectos"],"_links":{"self":[{"href":"https:\/\/www.acusticauach.cl\/index.php?rest_route=\/wp\/v2\/posts\/7603","targetHints":{"allow":["GET"]}}],"collection":[{"href":"https:\/\/www.acusticauach.cl\/index.php?rest_route=\/wp\/v2\/posts"}],"about":[{"href":"https:\/\/www.acusticauach.cl\/index.php?rest_route=\/wp\/v2\/types\/post"}],"author":[{"embeddable":true,"href":"https:\/\/www.acusticauach.cl\/index.php?rest_route=\/wp\/v2\/users\/2"}],"replies":[{"embeddable":true,"href":"https:\/\/www.acusticauach.cl\/index.php?rest_route=%2Fwp%2Fv2%2Fcomments&post=7603"}],"version-history":[{"count":0,"href":"https:\/\/www.acusticauach.cl\/index.php?rest_route=\/wp\/v2\/posts\/7603\/revisions"}],"wp:featuredmedia":[{"embeddable":true,"href":"https:\/\/www.acusticauach.cl\/index.php?rest_route=\/wp\/v2\/media\/7718"}],"wp:attachment":[{"href":"https:\/\/www.acusticauach.cl\/index.php?rest_route=%2Fwp%2Fv2%2Fmedia&parent=7603"}],"wp:term":[{"taxonomy":"category","embeddable":true,"href":"https:\/\/www.acusticauach.cl\/index.php?rest_route=%2Fwp%2Fv2%2Fcategories&post=7603"},{"taxonomy":"post_tag","embeddable":true,"href":"https:\/\/www.acusticauach.cl\/index.php?rest_route=%2Fwp%2Fv2%2Ftags&post=7603"}],"curies":[{"name":"wp","href":"https:\/\/api.w.org\/{rel}","templated":true}]}}