{"id":7560,"date":"2016-06-01T08:00:49","date_gmt":"2016-06-01T12:00:49","guid":{"rendered":"http:\/\/www.acusticauach.cl\/?p=7560"},"modified":"2019-10-27T19:15:33","modified_gmt":"2019-10-27T22:15:33","slug":"musica-y-arte-sonoro-en-seminarios-de-investigacion-de-acustica","status":"publish","type":"post","link":"https:\/\/www.acusticauach.cl\/?p=7560","title":{"rendered":"M\u00fasica y Arte Sonoro en Seminarios de Investigaci\u00f3n de Ac\u00fastica"},"content":{"rendered":"<p><strong><em>El mi\u00e9rcoles 8 de junio en el Auditorio del Centro de Educaci\u00f3n Continua &#8211; CEC UACh, se realizar\u00e1 una nueva sesi\u00f3n de los seminarios organizados por el Instituto de Ac\u00fastica UACh, el que tiene por expositores al acad\u00e9mico Felipe Otondo (Chile) y al m\u00fasico Rodrigo Sigal (M\u00e9xico).<\/em><\/strong><\/p>\n<p>El Ingeniero Ac\u00fastico Felipe Otondo y el m\u00fasico mexicano Rodrigo Sigal son los expositores que participar\u00e1n el mi\u00e9rcoles 8 de junio desde las 17:30 horas, en una nueva fecha del ciclo de seminarios organizados por Ac\u00fastica UACh. El objetivo es mostrar y potenciar el trabajo de investigaci\u00f3n que se realiza en las \u00e1reas de la ingenier\u00eda, la m\u00fasica, arte sonoro, tecnolog\u00eda, entre otras, tanto por profesores y estudiantes de la Universidad Austral de Chile como por investigadores extranjeros.<\/p>\n<p>En esta oportunidad la jornada lleva por nombre <strong>\u201cNuevas perspectivas del sonido creativo\u201d<\/strong> y contar\u00e1 con la presencia de destacados investigadores en las \u00e1reas de la m\u00fasica y el patrimonio sonoro.<\/p>\n<p>A las 17:30 horas se presenta la charla <strong><em>\u201cExplorando facetas creativas del paisajes sonoro en un contexto transdisciplinario\u201d<\/em><\/strong> del Ingeniero Ac\u00fastico y Acad\u00e9mico de la Facultad de Ciencias de la Ingenieria UACh, Dr. Felipe Otondo.<\/p>\n<blockquote><p>Esta presentaci\u00f3n se centra en dos proyectos de instalaciones sonoras concebidas e implementadas como parte de proyectos transdisciplinarios que exploran la relaci\u00f3n del individuo con su entorno sonoro. El proceso creativo inherente en el dise\u00f1o e implementaci\u00f3n de montajes sonoros org\u00e1nicos y flexibles se ejemplificar\u00e1 focaliz\u00e1ndose en t\u00e9cnicas de composici\u00f3n basadas en la exploraci\u00f3n de atributos espaciales y temporales de grabaciones de paisaje sonoro. Durante la presentaci\u00f3n se mostrar\u00e1n ejemplos de audio y montajes sonoros creados a partir de grabaciones de campo en humedales urbanos de Valdivia y la costa de Curi\u00f1anco.<\/p><\/blockquote>\n<p>A las 18:15 horas comienza la presentaci\u00f3n <strong><em>\u201cEl Centro Mexicano para la M\u00fasica y las Artes Sonoras: perspectivas de la creaci\u00f3n con tecnolog\u00eda en M\u00e9xico hoy\u201d<\/em><\/strong>, donde el compositor, gestor cultural y Director del centro mexicano Rodrigo Sigal ahondar\u00e1 en la actividad que realiza el principal espacio en Iberoam\u00e9rica para la creaci\u00f3n, reflexi\u00f3n, y aprendizaje de la m\u00fasica contempor\u00e1nea.<\/p>\n<blockquote><p>El<em><strong> <a href=\"http:\/\/www.cmmas.org\/\">Centro Mexicano para la M\u00fasica y las Artes Sonoras<\/a><\/strong>\u00a0<\/em>potencia el desarrollo de la m\u00fasica y las artes sonoras en M\u00e9xico. Con sede en la ciudad de Morelia, Michoac\u00e1n, el CMMAS ofrece la infraestructura y el personal humano necesarios para realizar actividades de formaci\u00f3n acad\u00e9mica, investigaci\u00f3n, creaci\u00f3n, producci\u00f3n y promoci\u00f3n de la m\u00fasica y las artes que incorporan el sonido como elemento primordial. Es el principal espacio en Iberoam\u00e9rica para la creaci\u00f3n, reflexi\u00f3n y aprendizaje especializado de las diferentes vertientes de la m\u00fasica contempor\u00e1nea con y sin nuevas tecnolog\u00edas, transform\u00e1ndose en un nodo para la vinculaci\u00f3n entre M\u00e9xico y el resto del mundo en todo lo referente a la m\u00fasica y las artes sonoras, y promoviendo el desarrollo cultural de la comunidad a la que pertenece.<\/p><\/blockquote>\n<p><strong><u>Expositores<\/u><\/strong><\/p>\n<p><a href=\"http:\/\/www.otondo.net\/\"><strong>Felipe Otondo<\/strong><\/a> es Ingeniero Ac\u00fastico y Licenciado en Ac\u00fastica de la Universidad Austral de Chile, Mag\u00edster en Ingenier\u00eda (Ac\u00fastica) de la Universidad de Aalborg, Dinamarca y Doctor en M\u00fasica (Composici\u00f3n) de la Universidad de York (Reino Unido). Como investigador, ha trabajado en diversos temas relacionados con sonido y m\u00fasica, entre los que destaca la percepci\u00f3n del timbre sonoro, la direccionalidad de instrumentos musicales, paisaje sonoro y diversos temas relacionados con las posibilidades creativas del sonido espacializado. Sus trabajos de investigaci\u00f3n han sido publicados por revistas internacionales como Organised Sound, Computer Music Journal, Acta Acustica united with Acustica y el Journal of Music, Technology and Education. Su trabajo monogr\u00e1fico <em>Influence of temporal attributes in timbre streaming<\/em> fue publicado por Lambert Academic Publishing. Como compositor ha realizado m\u00fasica en diversos formatos, producciones radiof\u00f3nicas, proyectos de danza y teatro musical, obras interactivas e instalaciones sonoras. Sus obras han sido presentadas en 33 pa\u00edses y ha recibido premios por su trabajo creativo en Austria, Brasil, Bulgaria, China, Francia, Italia, Rep\u00fablica Checa, Reino Unido y Rusia. Su trabajo monogr\u00e1fico<strong> <a href=\"http:\/\/www.sargasso.com\/?product=felipe-otondo-tutuguri\">Tutuguri<\/a><\/strong> fue publicado en 2013 por el sello brit\u00e1nico Sargasso. Su \u00faltimo trabajo creativo es la m\u00fasica para el documental <a href=\"https:\/\/www.youtube.com\/watch?v=fIR2EAbhaCs\">\u00ab<strong>327 Cuadernos\u00bb<\/strong><\/a> de Andr\u00e9s Di Tella. Desde el a\u00f1o 2014 forma parte de los acad\u00e9micos del Instituto de Ac\u00fastica de la Facultad de Ciencias de la Ingenier\u00eda.<\/p>\n<p><strong>Rodrigo Sigal<\/strong> es compositor y gestor cultural. Est\u00e1 interesado en el trabajo con nuevas tecnolog\u00edas especialmente en el \u00e1mbito de la m\u00fasica electroac\u00fastica. Desde el a\u00f1o 2006 es Director del Centro Mexicano para la M\u00fasica y las Artes Sonoras,\u00a0donde coordina diversas iniciativas de creaci\u00f3n, educaci\u00f3n, investigaci\u00f3n y gesti\u00f3n cultural relacionadas con el sonido y la m\u00fasica. Obtuvo un doctorado de la <strong><a href=\"http:\/\/www.city.ac.uk\/\">City University de Londres <\/a><\/strong>y un posdoctorado en la UNAM, as\u00ed como un diploma en gesti\u00f3n cultural de la UAM-BID y ha continuado sus estudios y proyectos creativos con diversas becas y apoyo de instituciones como FONCA (miembro del SNCA) y la Fundaci\u00f3n DeVos de gesti\u00f3n cultural, entre otros. Desde hace m\u00e1s de 10 a\u00f1os es parte del proyecto <strong><a href=\"http:\/\/www.luminico.org\/\">Lum\u00ednico<\/a>,<\/strong>\u00a0\u00a0director del festival <strong><a href=\"http:\/\/www.visionessonoras.org\/\">Visiones Sonoras<\/a><\/strong>\u00a0y editor de la revista <strong><a href=\"http:\/\/www.sonicideas.org\/\">Ideas S\u00f3nicas<\/a>.\u00a0<\/strong><\/p>\n<p style=\"text-align: center;\"><a href=\"https:\/\/www.acusticauach.cl\/wp-content\/uploads\/2016\/06\/Flyer-_Charla_Acustica_Corregido2.jpg\"><img decoding=\"async\" class=\"alignleft wp-image-7597 size-full\" src=\"https:\/\/www.acusticauach.cl\/wp-content\/uploads\/2016\/06\/Flyer-_Charla_Acustica_Corregido2.jpg\" alt=\"\" width=\"992\" height=\"994\" srcset=\"https:\/\/www.acusticauach.cl\/wp-content\/uploads\/2016\/06\/Flyer-_Charla_Acustica_Corregido2.jpg 992w, https:\/\/www.acusticauach.cl\/wp-content\/uploads\/2016\/06\/Flyer-_Charla_Acustica_Corregido2-150x150.jpg 150w, https:\/\/www.acusticauach.cl\/wp-content\/uploads\/2016\/06\/Flyer-_Charla_Acustica_Corregido2-300x300.jpg 300w, https:\/\/www.acusticauach.cl\/wp-content\/uploads\/2016\/06\/Flyer-_Charla_Acustica_Corregido2-65x65.jpg 65w, https:\/\/www.acusticauach.cl\/wp-content\/uploads\/2016\/06\/Flyer-_Charla_Acustica_Corregido2-55x55.jpg 55w, https:\/\/www.acusticauach.cl\/wp-content\/uploads\/2016\/06\/Flyer-_Charla_Acustica_Corregido2-94x94.jpg 94w, https:\/\/www.acusticauach.cl\/wp-content\/uploads\/2016\/06\/Flyer-_Charla_Acustica_Corregido2-86x86.jpg 86w, https:\/\/www.acusticauach.cl\/wp-content\/uploads\/2016\/06\/Flyer-_Charla_Acustica_Corregido2-120x120.jpg 120w, https:\/\/www.acusticauach.cl\/wp-content\/uploads\/2016\/06\/Flyer-_Charla_Acustica_Corregido2-700x701.jpg 700w, https:\/\/www.acusticauach.cl\/wp-content\/uploads\/2016\/06\/Flyer-_Charla_Acustica_Corregido2-500x501.jpg 500w, https:\/\/www.acusticauach.cl\/wp-content\/uploads\/2016\/06\/Flyer-_Charla_Acustica_Corregido2-215x215.jpg 215w\" sizes=\"(max-width: 992px) 100vw, 992px\" \/><\/a><\/p>\n<p>&nbsp;<\/p>\n","protected":false},"excerpt":{"rendered":"<p>El mi\u00e9rcoles 8 de junio en el Auditorio del Centro de Educaci\u00f3n Continua &#8211; CEC UACh, se realizar\u00e1 una nueva sesi\u00f3n de los seminarios organizados por el Instituto de Ac\u00fastica UACh, el que tiene por expositores al acad\u00e9mico Felipe Otondo (Chile) y al m\u00fasico Rodrigo Sigal (M\u00e9xico). El Ingeniero Ac\u00fastico Felipe Otondo y el m\u00fasico [&hellip;]<\/p>\n","protected":false},"author":6,"featured_media":7569,"comment_status":"closed","ping_status":"closed","sticky":false,"template":"","format":"standard","meta":{"footnotes":""},"categories":[906],"tags":[383,84,382,376,147,15,45,374,78,46,189,240,384,311,20,385,25,375],"class_list":["post-7560","post","type-post","status-publish","format-standard","has-post-thumbnail","hentry","category-pregrado","tag-arte-sonoro","tag-charla","tag-chile","tag-ciencia","tag-cmmas","tag-exposicion","tag-extranjero","tag-id","tag-investigacion-2","tag-mexico","tag-musica","tag-otondo","tag-patrimonio","tag-patrimonio-sonoro","tag-seminario","tag-sigal","tag-sonido","tag-tecnologia"],"_links":{"self":[{"href":"https:\/\/www.acusticauach.cl\/index.php?rest_route=\/wp\/v2\/posts\/7560","targetHints":{"allow":["GET"]}}],"collection":[{"href":"https:\/\/www.acusticauach.cl\/index.php?rest_route=\/wp\/v2\/posts"}],"about":[{"href":"https:\/\/www.acusticauach.cl\/index.php?rest_route=\/wp\/v2\/types\/post"}],"author":[{"embeddable":true,"href":"https:\/\/www.acusticauach.cl\/index.php?rest_route=\/wp\/v2\/users\/6"}],"replies":[{"embeddable":true,"href":"https:\/\/www.acusticauach.cl\/index.php?rest_route=%2Fwp%2Fv2%2Fcomments&post=7560"}],"version-history":[{"count":0,"href":"https:\/\/www.acusticauach.cl\/index.php?rest_route=\/wp\/v2\/posts\/7560\/revisions"}],"wp:featuredmedia":[{"embeddable":true,"href":"https:\/\/www.acusticauach.cl\/index.php?rest_route=\/wp\/v2\/media\/7569"}],"wp:attachment":[{"href":"https:\/\/www.acusticauach.cl\/index.php?rest_route=%2Fwp%2Fv2%2Fmedia&parent=7560"}],"wp:term":[{"taxonomy":"category","embeddable":true,"href":"https:\/\/www.acusticauach.cl\/index.php?rest_route=%2Fwp%2Fv2%2Fcategories&post=7560"},{"taxonomy":"post_tag","embeddable":true,"href":"https:\/\/www.acusticauach.cl\/index.php?rest_route=%2Fwp%2Fv2%2Ftags&post=7560"}],"curies":[{"name":"wp","href":"https:\/\/api.w.org\/{rel}","templated":true}]}}