{"id":7547,"date":"2016-05-26T10:14:20","date_gmt":"2016-05-26T14:14:20","guid":{"rendered":"http:\/\/www.acusticauach.cl\/?p=7547"},"modified":"2019-10-27T19:15:39","modified_gmt":"2019-10-27T22:15:39","slug":"diario-austral-estudiante-de-magister-en-acustica-es-seleccionado-en-programa-brain-chile","status":"publish","type":"post","link":"https:\/\/www.acusticauach.cl\/?p=7547","title":{"rendered":"Diario Austral: Estudiante de Mag\u00edster en Ac\u00fastica es Seleccionado en Programa BRAiN Chile"},"content":{"rendered":"<p>Diario Austral de Valdivia. Jueves 26 de mayo de 2016.<\/p>\n<p>Reportaje al proyecto \u00abRevestimiento P\u00e9treo de muro para la Absorci\u00f3n Ac\u00fastica de Frecuencias Molestas e Recintos Educacionales\u00bb, presentado por el estudiante del Mag\u00edster en Ac\u00fastica y Vibraciones Felipe Valenzuela.<\/p>\n<p><a href=\"http:\/\/www.australvaldivia.cl\/impresa\/2016\/05\/26\/full\/cuerpo-principal\/5\/\" target=\"_blank\" rel=\"noopener noreferrer\">Ver apartado en p\u00e1gina web del Diario Austral<\/a><\/p>\n<p><a href=\"https:\/\/www.acusticauach.cl\/wp-content\/uploads\/2016\/05\/2016_05_226_BRAiN_Chile_05.jpg\" target=\"_blank\" rel=\"noopener noreferrer\">Ver doc.\u00a0<\/a><a href=\"https:\/\/www.acusticauach.cl\/wp-content\/uploads\/2016\/05\/2016_05_226_BRAiN_Chile_05.jpg\"><img decoding=\"async\" class=\"alignleft size-full wp-image-7548\" src=\"https:\/\/www.acusticauach.cl\/wp-content\/uploads\/2016\/05\/2016_05_226_BRAiN_Chile_05.jpg\" alt=\"2016_05_226_BRAiN_Chile_05\" width=\"1440\" height=\"2058\" srcset=\"https:\/\/www.acusticauach.cl\/wp-content\/uploads\/2016\/05\/2016_05_226_BRAiN_Chile_05.jpg 1440w, https:\/\/www.acusticauach.cl\/wp-content\/uploads\/2016\/05\/2016_05_226_BRAiN_Chile_05-210x300.jpg 210w, https:\/\/www.acusticauach.cl\/wp-content\/uploads\/2016\/05\/2016_05_226_BRAiN_Chile_05-717x1024.jpg 717w, https:\/\/www.acusticauach.cl\/wp-content\/uploads\/2016\/05\/2016_05_226_BRAiN_Chile_05-700x1000.jpg 700w, https:\/\/www.acusticauach.cl\/wp-content\/uploads\/2016\/05\/2016_05_226_BRAiN_Chile_05-500x715.jpg 500w\" sizes=\"(max-width: 1440px) 100vw, 1440px\" \/><\/a><\/p>\n","protected":false},"excerpt":{"rendered":"<p>Diario Austral de Valdivia. Jueves 26 de mayo de 2016. Reportaje al proyecto \u00abRevestimiento P\u00e9treo de muro para la Absorci\u00f3n Ac\u00fastica de Frecuencias Molestas e Recintos Educacionales\u00bb, presentado por el estudiante del Mag\u00edster en Ac\u00fastica y Vibraciones Felipe Valenzuela. Ver apartado en p\u00e1gina web del Diario Austral Ver doc.\u00a0<\/p>\n","protected":false},"author":2,"featured_media":7550,"comment_status":"closed","ping_status":"closed","sticky":false,"template":"","format":"standard","meta":{"footnotes":""},"categories":[102],"tags":[380,381,94,37,153,54,81],"class_list":["post-7547","post","type-post","status-publish","format-standard","has-post-thumbnail","hentry","category-acusticauach_medios","tag-absorcion","tag-brain","tag-concurso","tag-estudiantes","tag-magister","tag-sommerhoff","tag-tesis"],"_links":{"self":[{"href":"https:\/\/www.acusticauach.cl\/index.php?rest_route=\/wp\/v2\/posts\/7547","targetHints":{"allow":["GET"]}}],"collection":[{"href":"https:\/\/www.acusticauach.cl\/index.php?rest_route=\/wp\/v2\/posts"}],"about":[{"href":"https:\/\/www.acusticauach.cl\/index.php?rest_route=\/wp\/v2\/types\/post"}],"author":[{"embeddable":true,"href":"https:\/\/www.acusticauach.cl\/index.php?rest_route=\/wp\/v2\/users\/2"}],"replies":[{"embeddable":true,"href":"https:\/\/www.acusticauach.cl\/index.php?rest_route=%2Fwp%2Fv2%2Fcomments&post=7547"}],"version-history":[{"count":0,"href":"https:\/\/www.acusticauach.cl\/index.php?rest_route=\/wp\/v2\/posts\/7547\/revisions"}],"wp:featuredmedia":[{"embeddable":true,"href":"https:\/\/www.acusticauach.cl\/index.php?rest_route=\/wp\/v2\/media\/7550"}],"wp:attachment":[{"href":"https:\/\/www.acusticauach.cl\/index.php?rest_route=%2Fwp%2Fv2%2Fmedia&parent=7547"}],"wp:term":[{"taxonomy":"category","embeddable":true,"href":"https:\/\/www.acusticauach.cl\/index.php?rest_route=%2Fwp%2Fv2%2Fcategories&post=7547"},{"taxonomy":"post_tag","embeddable":true,"href":"https:\/\/www.acusticauach.cl\/index.php?rest_route=%2Fwp%2Fv2%2Ftags&post=7547"}],"curies":[{"name":"wp","href":"https:\/\/api.w.org\/{rel}","templated":true}]}}