{"id":7537,"date":"2016-05-25T10:42:46","date_gmt":"2016-05-25T14:42:46","guid":{"rendered":"http:\/\/www.acusticauach.cl\/?p=7537"},"modified":"2019-10-27T19:15:44","modified_gmt":"2019-10-27T22:15:44","slug":"estudiante-de-magister-en-acustica-y-vibraciones-es-seleccionado-en-el-programa-brain-chile","status":"publish","type":"post","link":"https:\/\/www.acusticauach.cl\/?p=7537","title":{"rendered":"Estudiante de Mag\u00edster en Ac\u00fastica y Vibraciones es seleccionado en el programa BRAiN CHiLE"},"content":{"rendered":"<p><strong><em>El proyecto es una de las 31 ideas cient\u00edfico-tecnol\u00f3gicas de emprendimiento mundial que integran este programa, organizado por el Centro de Innovaci\u00f3n UC y la Escuela de Ingenier\u00eda de la Pontificia Universidad Cat\u00f3lica.<\/em><\/strong><\/p>\n<p>El proyecto <strong><em>\u201cRevestimiento p\u00e9treo de muro para la absorci\u00f3n ac\u00fastica de frecuencias molestas en recintos educacionales e industriales\u201d<\/em><\/strong> presentado por Felipe Valenzuela, estudiante de Mag\u00edster en Ac\u00fastica y Vibraciones de la Universidad Austral de Chile, fue una de las 31 iniciativas seleccionadas por el programa <a href=\"http:\/\/www.brainchile.cl\/\"><strong>BRAiN CHiLE<\/strong><\/a> (Business, Research, Acceleration and Innovation). Este programa, organizado por el <a href=\"http:\/\/centrodeinnovacion.uc.cl\/\">Centro de Innovaci\u00f3n UC Anacleto Angelini<\/a>, la Direcci\u00f3n de Transferencia y Desarrollo, y la <a href=\"http:\/\/www.ing.uc.cl\/\">Escuela de Ingenier\u00eda PUC<\/a>, tiene como objetivo la aceleraci\u00f3n de emprendimientos de base cient\u00edfico-tecnol\u00f3gica originados en las instituciones de educaci\u00f3n superior chilenas.<\/p>\n<p>El trabajo presentado por Felipe es parte de su tesis de Mag\u00edster que desarrolla junto al acad\u00e9mico del Instituto de Ac\u00fastica Dr. Jorge Sommerhoff, y plantea que <strong>\u201cel uso masivo de materiales p\u00e9treos ha degradado la calidad ac\u00fastica de los espacios, socavando paulatinamente la eficiencia de actividades educacionales e industriales Para ello, el estudiante propone con este proyecto, el desarrollo de un revestimiento p\u00e9treo dise\u00f1ado en base a principios ac\u00fasticos\u201d.<\/strong><\/p>\n<blockquote>\n<p style=\"text-align: center;\">BRAiN CHiLE 2016 busca proyectos o emprendimientos que basen su actividad en las aplicaciones de descubrimientos\/desarrollos cient\u00edficos o tecnol\u00f3gicos para generar nuevos productos, procesos o servicios, basados en un conjunto de conocimientos obtenidos mediante la observaci\u00f3n y el razonamiento, sistem\u00e1ticamente estructurados y de los que se deducen principios y leyes generales (aspecto cient\u00edfico) o a partir de t\u00e9cnicas que permitan el aprovechamiento pr\u00e1ctico del conocimiento cient\u00edfico (aspecto tecnol\u00f3gico).<\/p>\n<\/blockquote>\n<p><strong><u>Proceso de Selecci\u00f3n<\/u><\/strong><\/p>\n<p>Tras evaluar las 135 postulaciones a BRAiN CHiLE 2016, el proyecto de Felipe fue seleccionado para pasar a la <em><strong>Bootcamp<\/strong>, <\/em>etapa en la cual los equipos participaron de talleres de mentalidad emprendedora, modelos de negocios, propiedad intelectual, prototipos, dise\u00f1o, pitch y mentor\u00edas, para convertir sus prototipos o pruebas de concepto en modelos atractivos de negocios que puedan tener cabida en el mercado.<\/p>\n<p>La final se realizar\u00e1 en agosto pr\u00f3ximo y puedes seguir el proceso en \u00a0<a href=\"http:\/\/www.brainchile.cl\">www.brainchile.cl<\/a><\/p>\n<p><iframe title=\"Conoce Brain Chile 2016\" width=\"1200\" height=\"900\" src=\"https:\/\/www.youtube.com\/embed\/dnxyKIPsgJU?feature=oembed\" frameborder=\"0\" allow=\"accelerometer; autoplay; encrypted-media; gyroscope; picture-in-picture\" allowfullscreen><\/iframe><\/p>\n<p><a href=\"http:\/\/noticias.uach.cl\/principal.php?pag=noticia-externo&amp;cod=93797\" target=\"_blank\" rel=\"noopener noreferrer\">Noticia en la UACh<\/a><\/p>\n","protected":false},"excerpt":{"rendered":"<p>El proyecto es una de las 31 ideas cient\u00edfico-tecnol\u00f3gicas de emprendimiento mundial que integran este programa, organizado por el Centro de Innovaci\u00f3n UC y la Escuela de Ingenier\u00eda de la Pontificia Universidad Cat\u00f3lica. El proyecto \u201cRevestimiento p\u00e9treo de muro para la absorci\u00f3n ac\u00fastica de frecuencias molestas en recintos educacionales e industriales\u201d presentado por Felipe Valenzuela, [&hellip;]<\/p>\n","protected":false},"author":6,"featured_media":7538,"comment_status":"closed","ping_status":"closed","sticky":false,"template":"","format":"standard","meta":{"footnotes":""},"categories":[907],"tags":[94,37,374,110,78,153,166,54,81],"class_list":["post-7537","post","type-post","status-publish","format-standard","has-post-thumbnail","hentry","category-postgrado","tag-concurso","tag-estudiantes","tag-id","tag-ingenieria","tag-investigacion-2","tag-magister","tag-proyecto","tag-sommerhoff","tag-tesis"],"_links":{"self":[{"href":"https:\/\/www.acusticauach.cl\/index.php?rest_route=\/wp\/v2\/posts\/7537","targetHints":{"allow":["GET"]}}],"collection":[{"href":"https:\/\/www.acusticauach.cl\/index.php?rest_route=\/wp\/v2\/posts"}],"about":[{"href":"https:\/\/www.acusticauach.cl\/index.php?rest_route=\/wp\/v2\/types\/post"}],"author":[{"embeddable":true,"href":"https:\/\/www.acusticauach.cl\/index.php?rest_route=\/wp\/v2\/users\/6"}],"replies":[{"embeddable":true,"href":"https:\/\/www.acusticauach.cl\/index.php?rest_route=%2Fwp%2Fv2%2Fcomments&post=7537"}],"version-history":[{"count":0,"href":"https:\/\/www.acusticauach.cl\/index.php?rest_route=\/wp\/v2\/posts\/7537\/revisions"}],"wp:featuredmedia":[{"embeddable":true,"href":"https:\/\/www.acusticauach.cl\/index.php?rest_route=\/wp\/v2\/media\/7538"}],"wp:attachment":[{"href":"https:\/\/www.acusticauach.cl\/index.php?rest_route=%2Fwp%2Fv2%2Fmedia&parent=7537"}],"wp:term":[{"taxonomy":"category","embeddable":true,"href":"https:\/\/www.acusticauach.cl\/index.php?rest_route=%2Fwp%2Fv2%2Fcategories&post=7537"},{"taxonomy":"post_tag","embeddable":true,"href":"https:\/\/www.acusticauach.cl\/index.php?rest_route=%2Fwp%2Fv2%2Ftags&post=7537"}],"curies":[{"name":"wp","href":"https:\/\/api.w.org\/{rel}","templated":true}]}}