{"id":7501,"date":"2016-05-13T16:16:24","date_gmt":"2016-05-13T19:16:24","guid":{"rendered":"http:\/\/www.acusticauach.cl\/?p=7501"},"modified":"2019-10-27T19:16:06","modified_gmt":"2019-10-27T22:16:06","slug":"fci-uach-celebro-el-dia-del-ingeniero","status":"publish","type":"post","link":"https:\/\/www.acusticauach.cl\/?p=7501","title":{"rendered":"Facultad de Ciencias de la Ingenier\u00eda de la UACh celebr\u00f3 el D\u00eda del Ingeniero"},"content":{"rendered":"<h2><strong>En la oportunidad se present\u00f3 la nueva imagen corporativa de la Facultad de Ciencias de la Ingenier\u00eda y fueron reconocidos nueve acad\u00e9micos pertenecientes a los diferentes institutos y al Centro de Docencia en Ciencias B\u00e1sicas de esta macrounidad.<\/strong><\/h2>\n<p>Desde el a\u00f1o 2008 se celebra en nuestro pa\u00eds el D\u00eda del Ingeniero el 14 de mayo, efem\u00e9ride propuesta por el Colegio de Ingenieros, quienes, luego de realizar una exhaustiva investigaci\u00f3n, descubrieron que el primer gran proyecto multidisciplinario en Chile fue creado en esa fecha pero del a\u00f1o 1647, luego que el d\u00eda antes se desatara un terremoto con una magnitud parecida a la del pasado 27\/F.<\/p>\n<p>En v\u00edsperas de esta importante fecha, la ma\u00f1ana de hoy viernes 13 de mayo se celebr\u00f3 anticipadamente en el Casino del Campus Miraflores el D\u00eda del Ingeniero, en una ceremonia encabezada por el Rector de la Universidad Austral de Chile, Dr. \u00d3scar Galindo; y el Decano de la Facultad de Ciencias de la Ingenier\u00eda, Dr. Richard Luco; adem\u00e1s de directivos, acad\u00e9micos, funcionarios y estudiantes de esta macrounidad.<\/p>\n<p><img decoding=\"async\" class=\" size-medium wp-image-7504 alignright\" src=\"https:\/\/www.acusticauach.cl\/wp-content\/uploads\/2016\/05\/2016_05_13_Dia_Del_Ingeniero_03-300x169.jpg\" alt=\"2016_05_13_Dia_Del_Ingeniero_03\" width=\"300\" height=\"169\" srcset=\"https:\/\/www.acusticauach.cl\/wp-content\/uploads\/2016\/05\/2016_05_13_Dia_Del_Ingeniero_03-300x169.jpg 300w, https:\/\/www.acusticauach.cl\/wp-content\/uploads\/2016\/05\/2016_05_13_Dia_Del_Ingeniero_03-700x394.jpg 700w, https:\/\/www.acusticauach.cl\/wp-content\/uploads\/2016\/05\/2016_05_13_Dia_Del_Ingeniero_03-500x282.jpg 500w, https:\/\/www.acusticauach.cl\/wp-content\/uploads\/2016\/05\/2016_05_13_Dia_Del_Ingeniero_03.jpg 1000w\" sizes=\"(max-width: 300px) 100vw, 300px\" \/>Durante este encuentro de camarader\u00eda, el Rector Dr. \u00d3scar Galindo manifest\u00f3 su satisfacci\u00f3n al \u201cver a la comunidad de la Facultad de Ciencias de la Ingenier\u00eda, a sus funcionarios, estudiantes y acad\u00e9micos juntos en un momento como \u00e9ste, celebrando un momento identitario\u201d.<\/p>\n<blockquote><p>Se advierte en esta Facultad una fuerza, una energ\u00eda muy grande. Creo que ha tenido la capacidad hist\u00f3rica pero tambi\u00e9n en los \u00faltimos a\u00f1os de impulsar un proceso de crecimiento, de fortalecimiento y de desarrollo acad\u00e9mico que hay que mirar con mucha atenci\u00f3n en el contexto de nuestra Universidad. Se trata de una Facultad que ha ido avanzando en una planificaci\u00f3n estrat\u00e9gica permanente\u201d, agreg\u00f3 la m\u00e1xima autoridad universitaria.<\/p><\/blockquote>\n<p>Por su parte, el Decano de la Facultad de Ciencias de la Ingenier\u00eda, Dr. Richard Luco, junto con hablar sobre el origen de esta celebraci\u00f3n y lo que significa esta profesi\u00f3n, se\u00f1al\u00f3 que \u201clo que nos caracteriza como ingenieros es el trabajo en equipo y esto queda definido en lo que hemos plasmado nosotros tambi\u00e9n como visi\u00f3n y misi\u00f3n de nuestra Facultad\u201d.<\/p>\n<p><img decoding=\"async\" class=\"alignleft size-medium wp-image-7505\" src=\"https:\/\/www.acusticauach.cl\/wp-content\/uploads\/2016\/05\/2016_05_13_Dia_Del_Ingeniero_04-300x169.jpg\" alt=\"2016_05_13_Dia_Del_Ingeniero_04\" width=\"300\" height=\"169\" srcset=\"https:\/\/www.acusticauach.cl\/wp-content\/uploads\/2016\/05\/2016_05_13_Dia_Del_Ingeniero_04-300x169.jpg 300w, https:\/\/www.acusticauach.cl\/wp-content\/uploads\/2016\/05\/2016_05_13_Dia_Del_Ingeniero_04-700x394.jpg 700w, https:\/\/www.acusticauach.cl\/wp-content\/uploads\/2016\/05\/2016_05_13_Dia_Del_Ingeniero_04-500x282.jpg 500w, https:\/\/www.acusticauach.cl\/wp-content\/uploads\/2016\/05\/2016_05_13_Dia_Del_Ingeniero_04.jpg 1000w\" sizes=\"(max-width: 300px) 100vw, 300px\" \/><\/p>\n<p>Cabe destacar que en el marco de la celebraci\u00f3n se present\u00f3 la nueva imagen corporativa de la Facultad de Cs. de la Ingenier\u00eda, a cargo de la dise\u00f1adora gr\u00e1fica Cecilia Araneda. La profesional destac\u00f3 que \u201ceste gesto de marca tiene los conceptos de vinculaci\u00f3n, interacci\u00f3n, sentido din\u00e1mico, crecimiento y proyecci\u00f3n, que creo engloban lo que es la ingenier\u00eda\u201d.<\/p>\n<p>Tambi\u00e9n fueron reconocidos nueve acad\u00e9micos que los diferentes institutos de esta macrounidad. El Rector junto al Decano entregaron las distinciones al Prof. Carlos Vergara, de Obras Civiles; Prof. N\u00e9stor Fierro, de Electricidad y Electr\u00f3nica; Prof. Erick Araya, de Inform\u00e1tica; <strong>el Prof. Jos\u00e9 Luis Barros, de Ac\u00fastica<\/strong>; Prof. Gonzalo Tampier, de Ciencias Navales y Mar\u00edtimas; Prof. Milton Lemarie, de Dise\u00f1o y M\u00e9todos Industriales; Prof. Rogelio Moreno, de Materiales y Procesos Termomec\u00e1nicos; Prof. Luis Vidal, de Civil Industrial; y Prof. Juan Leiva, del Centro de Docencia en Ciencias B\u00e1sicas.<\/p>\n<p><img decoding=\"async\" class=\"alignleft size-full wp-image-7503\" src=\"https:\/\/www.acusticauach.cl\/wp-content\/uploads\/2016\/05\/2016_05_13_Dia_Del_Ingeniero_01.jpg\" alt=\"2016_05_13_Dia_Del_Ingeniero_01\" width=\"1000\" height=\"563\" srcset=\"https:\/\/www.acusticauach.cl\/wp-content\/uploads\/2016\/05\/2016_05_13_Dia_Del_Ingeniero_01.jpg 1000w, https:\/\/www.acusticauach.cl\/wp-content\/uploads\/2016\/05\/2016_05_13_Dia_Del_Ingeniero_01-300x169.jpg 300w, https:\/\/www.acusticauach.cl\/wp-content\/uploads\/2016\/05\/2016_05_13_Dia_Del_Ingeniero_01-700x394.jpg 700w, https:\/\/www.acusticauach.cl\/wp-content\/uploads\/2016\/05\/2016_05_13_Dia_Del_Ingeniero_01-500x282.jpg 500w\" sizes=\"(max-width: 1000px) 100vw, 1000px\" \/><\/p>\n<p>&nbsp;<\/p>\n<p>&nbsp;<\/p>\n<p>Escrito por: Jose Luis G\u00f3mez Guenchor &#8211; Periodista Relaciones P\u00fablicas UACh Email: josegomez@uach.cl<\/p>\n<p><a href=\"http:\/\/noticias.uach.cl\/principal.php?pag=noticia-externo&amp;cod=93473\" target=\"_blank\" rel=\"noopener noreferrer\">Noticia UACh<\/a><\/p>\n<p><a href=\"https:\/\/www.flickr.com\/photos\/134850168@N03\/sets\/72157665910551573\" target=\"_blank\" rel=\"noopener noreferrer\">Ver Galer\u00eda de fotos en Flickr<\/a><\/p>\n","protected":false},"excerpt":{"rendered":"<p>En la oportunidad se present\u00f3 la nueva imagen corporativa de la Facultad de Ciencias de la Ingenier\u00eda y fueron reconocidos nueve acad\u00e9micos pertenecientes a los diferentes institutos y al Centro de Docencia en Ciencias B\u00e1sicas de esta macrounidad. Desde el a\u00f1o 2008 se celebra en nuestro pa\u00eds el D\u00eda del Ingeniero el 14 de mayo, [&hellip;]<\/p>\n","protected":false},"author":2,"featured_media":7502,"comment_status":"closed","ping_status":"closed","sticky":false,"template":"","format":"standard","meta":{"footnotes":""},"categories":[906],"tags":[58,371,372,193,197],"class_list":["post-7501","post","type-post","status-publish","format-standard","has-post-thumbnail","hentry","category-pregrado","tag-barros","tag-dia-del-ingeniero","tag-fci","tag-ingeniero","tag-premio"],"_links":{"self":[{"href":"https:\/\/www.acusticauach.cl\/index.php?rest_route=\/wp\/v2\/posts\/7501","targetHints":{"allow":["GET"]}}],"collection":[{"href":"https:\/\/www.acusticauach.cl\/index.php?rest_route=\/wp\/v2\/posts"}],"about":[{"href":"https:\/\/www.acusticauach.cl\/index.php?rest_route=\/wp\/v2\/types\/post"}],"author":[{"embeddable":true,"href":"https:\/\/www.acusticauach.cl\/index.php?rest_route=\/wp\/v2\/users\/2"}],"replies":[{"embeddable":true,"href":"https:\/\/www.acusticauach.cl\/index.php?rest_route=%2Fwp%2Fv2%2Fcomments&post=7501"}],"version-history":[{"count":0,"href":"https:\/\/www.acusticauach.cl\/index.php?rest_route=\/wp\/v2\/posts\/7501\/revisions"}],"wp:featuredmedia":[{"embeddable":true,"href":"https:\/\/www.acusticauach.cl\/index.php?rest_route=\/wp\/v2\/media\/7502"}],"wp:attachment":[{"href":"https:\/\/www.acusticauach.cl\/index.php?rest_route=%2Fwp%2Fv2%2Fmedia&parent=7501"}],"wp:term":[{"taxonomy":"category","embeddable":true,"href":"https:\/\/www.acusticauach.cl\/index.php?rest_route=%2Fwp%2Fv2%2Fcategories&post=7501"},{"taxonomy":"post_tag","embeddable":true,"href":"https:\/\/www.acusticauach.cl\/index.php?rest_route=%2Fwp%2Fv2%2Ftags&post=7501"}],"curies":[{"name":"wp","href":"https:\/\/api.w.org\/{rel}","templated":true}]}}