{"id":7496,"date":"2015-11-30T11:40:31","date_gmt":"2015-11-30T14:40:31","guid":{"rendered":"http:\/\/www.acusticauach.cl\/?p=7496"},"modified":"2019-10-27T19:21:11","modified_gmt":"2019-10-27T22:21:11","slug":"gira-temprana-de-estudios-2015","status":"publish","type":"post","link":"https:\/\/www.acusticauach.cl\/?p=7496","title":{"rendered":"Gira Temprana de Estudios 2015"},"content":{"rendered":"<p>Durante tres d\u00edas, un grupo de 05 estudiantes de la Escuela de Ingenier\u00eda Civil Ac\u00fastica de la Facultad de Ciencias de la Ingenier\u00eda UACh visitaron la ciudad de Santiago con el fin de recorrer diversas empresas y conocer en terreno el trabajo que se realiza en ellas y que va ligado a la especialidad que se encuentran estudiando.<\/p>\n<p><img decoding=\"async\" class=\"alignleft size-full wp-image-7498\" src=\"https:\/\/www.acusticauach.cl\/wp-content\/uploads\/2016\/05\/2015_Gira_Temprana_01.jpg\" alt=\"2015_Gira_Temprana_01\" width=\"1000\" height=\"563\" srcset=\"https:\/\/www.acusticauach.cl\/wp-content\/uploads\/2016\/05\/2015_Gira_Temprana_01.jpg 1000w, https:\/\/www.acusticauach.cl\/wp-content\/uploads\/2016\/05\/2015_Gira_Temprana_01-300x169.jpg 300w, https:\/\/www.acusticauach.cl\/wp-content\/uploads\/2016\/05\/2015_Gira_Temprana_01-700x394.jpg 700w, https:\/\/www.acusticauach.cl\/wp-content\/uploads\/2016\/05\/2015_Gira_Temprana_01-500x282.jpg 500w\" sizes=\"(max-width: 1000px) 100vw, 1000px\" \/><br \/>\nEl grupo de estudiantes fue acompa\u00f1ado por el profesor Rodrigo Torres Alarc\u00f3n y las visitas se realizaron entre el 19 y 21 de noviembre del 2015.<\/p>\n<p>Los estudiantes que son parte de la Gira de Estudios de Bachillerato son aquellos que han aprobado el segundo a\u00f1o de la carrera. Una de sus finalidades es vincular tempranamente a los estudiantes con el mundo profesional con lo cual se busca de potenciar los intereses y poner en contexto la formaci\u00f3n acad\u00e9mica recibida.<\/p>\n<p>Las visitas fueron en:<\/p>\n<ul>\n<li><a href=\"http:\/\/www.idiem.uchile.cl\/\" target=\"_blank\" rel=\"noopener noreferrer\">IDIEM<\/a><\/li>\n<li><a href=\"http:\/\/www.chtestudios.com\/\" target=\"_blank\" rel=\"noopener noreferrer\">CHT Estudios<\/a><\/li>\n<li><a href=\"http:\/\/www.controlacustico.cl\/\" target=\"_blank\" rel=\"noopener noreferrer\">Control Ac\u00fastico<\/a><\/li>\n<li><a href=\"http:\/\/www.estudiodelsur.cl\/\" target=\"_blank\" rel=\"noopener noreferrer\">Estudios del Sur<\/a><\/li>\n<\/ul>\n<p><a href=\"https:\/\/www.acusticauach.cl\/wp-content\/uploads\/2016\/05\/2015_Gira_Temprana_02.jpg\"><img decoding=\"async\" class=\"alignleft size-full wp-image-7499\" src=\"https:\/\/www.acusticauach.cl\/wp-content\/uploads\/2016\/05\/2015_Gira_Temprana_02.jpg\" alt=\"2015_Gira_Temprana_02\" width=\"1000\" height=\"563\" srcset=\"https:\/\/www.acusticauach.cl\/wp-content\/uploads\/2016\/05\/2015_Gira_Temprana_02.jpg 1000w, https:\/\/www.acusticauach.cl\/wp-content\/uploads\/2016\/05\/2015_Gira_Temprana_02-300x169.jpg 300w, https:\/\/www.acusticauach.cl\/wp-content\/uploads\/2016\/05\/2015_Gira_Temprana_02-700x394.jpg 700w, https:\/\/www.acusticauach.cl\/wp-content\/uploads\/2016\/05\/2015_Gira_Temprana_02-500x282.jpg 500w\" sizes=\"(max-width: 1000px) 100vw, 1000px\" \/><\/a><\/p>\n","protected":false},"excerpt":{"rendered":"<p>Durante tres d\u00edas, un grupo de 05 estudiantes de la Escuela de Ingenier\u00eda Civil Ac\u00fastica de la Facultad de Ciencias de la Ingenier\u00eda UACh visitaron la ciudad de Santiago con el fin de recorrer diversas empresas y conocer en terreno el trabajo que se realiza en ellas y que va ligado a la especialidad que [&hellip;]<\/p>\n","protected":false},"author":2,"featured_media":7497,"comment_status":"closed","ping_status":"closed","sticky":false,"template":"","format":"standard","meta":{"footnotes":""},"categories":[906],"tags":[297,37,115,298,33,163],"class_list":["post-7496","post","type-post","status-publish","format-standard","has-post-thumbnail","hentry","category-pregrado","tag-empresas","tag-estudiantes","tag-gira","tag-gira-de-estudio","tag-santiago","tag-visita"],"_links":{"self":[{"href":"https:\/\/www.acusticauach.cl\/index.php?rest_route=\/wp\/v2\/posts\/7496","targetHints":{"allow":["GET"]}}],"collection":[{"href":"https:\/\/www.acusticauach.cl\/index.php?rest_route=\/wp\/v2\/posts"}],"about":[{"href":"https:\/\/www.acusticauach.cl\/index.php?rest_route=\/wp\/v2\/types\/post"}],"author":[{"embeddable":true,"href":"https:\/\/www.acusticauach.cl\/index.php?rest_route=\/wp\/v2\/users\/2"}],"replies":[{"embeddable":true,"href":"https:\/\/www.acusticauach.cl\/index.php?rest_route=%2Fwp%2Fv2%2Fcomments&post=7496"}],"version-history":[{"count":0,"href":"https:\/\/www.acusticauach.cl\/index.php?rest_route=\/wp\/v2\/posts\/7496\/revisions"}],"wp:featuredmedia":[{"embeddable":true,"href":"https:\/\/www.acusticauach.cl\/index.php?rest_route=\/wp\/v2\/media\/7497"}],"wp:attachment":[{"href":"https:\/\/www.acusticauach.cl\/index.php?rest_route=%2Fwp%2Fv2%2Fmedia&parent=7496"}],"wp:term":[{"taxonomy":"category","embeddable":true,"href":"https:\/\/www.acusticauach.cl\/index.php?rest_route=%2Fwp%2Fv2%2Fcategories&post=7496"},{"taxonomy":"post_tag","embeddable":true,"href":"https:\/\/www.acusticauach.cl\/index.php?rest_route=%2Fwp%2Fv2%2Ftags&post=7496"}],"curies":[{"name":"wp","href":"https:\/\/api.w.org\/{rel}","templated":true}]}}