{"id":7360,"date":"2016-03-31T19:22:15","date_gmt":"2016-03-31T22:22:15","guid":{"rendered":"http:\/\/www.acusticauach.cl\/?p=7360"},"modified":"2023-11-04T09:49:10","modified_gmt":"2023-11-04T12:49:10","slug":"acustica-uach-presentara-mapa-de-ruido-de-valdivia","status":"publish","type":"post","link":"https:\/\/www.acusticauach.cl\/?p=7360","title":{"rendered":"Ac\u00fastica UACh presentar\u00e1 Mapa de Ruido de Valdivia"},"content":{"rendered":"<h2>En un seminario que se realizar\u00e1 en el Campus Miraflores UACh se dar\u00e1n a conocer los resultados del estudio realizado entre 2013 y 2015<\/h2>\n<p>Este jueves 31 de marzo, en el Campus Miraflores UACh, la Secretar\u00eda Ministerial del Medio Ambiente y el Instituto de Ac\u00fastica de la Facultad de Ciencias de la Ingenier\u00eda UACh, presentar\u00e1n los resultados del Mapa de Ruido de Valdivia, desarrollado en el marco del \u201cEstudio Mapas de Ruido de Tres Conurbaciones Mediante Software de Predicci\u00f3n\u201d, del Ministerio del Medio Ambiente y licitado a la Universidad Austral de Chile.<\/p>\n<p>Esta presentaci\u00f3n se dar\u00e1 en el marco de un seminario gratuito que se realizar\u00e1 en el Edificio 9000 del Campus Miraflores a partir de las 9 am en el cual expondr\u00e1n expertos del Ministerio del Medio Ambiente y del Instituto de Ac\u00fastica quienes explicar\u00e1n en detalle los resultados obtenidos en la investigaci\u00f3n.<\/p>\n<p><img decoding=\"async\" class=\"aligncenter size-full wp-image-7343\" src=\"https:\/\/www.acusticauach.cl\/wp-content\/uploads\/2016\/03\/Banner_Mapa-Sonoro_1000x334.jpg\" alt=\"Banner_Mapa Sonoro_1000x334\" width=\"1000\" height=\"334\" srcset=\"https:\/\/www.acusticauach.cl\/wp-content\/uploads\/2016\/03\/Banner_Mapa-Sonoro_1000x334.jpg 1000w, https:\/\/www.acusticauach.cl\/wp-content\/uploads\/2016\/03\/Banner_Mapa-Sonoro_1000x334-300x100.jpg 300w, https:\/\/www.acusticauach.cl\/wp-content\/uploads\/2016\/03\/Banner_Mapa-Sonoro_1000x334-700x234.jpg 700w, https:\/\/www.acusticauach.cl\/wp-content\/uploads\/2016\/03\/Banner_Mapa-Sonoro_1000x334-500x167.jpg 500w\" sizes=\"(max-width: 1000px) 100vw, 1000px\" \/><\/p>\n<p>Este proyecto se desarroll\u00f3 entre los a\u00f1os 2013 y 2015 e incluy\u00f3 tres actividades piloto adicionales: valorizaci\u00f3n ac\u00fastica de \u00e1reas verdes, paisaje sonoro de la ciudad y el dise\u00f1o y aplicaci\u00f3n de una encuesta online sobre ac\u00fastica ambiental.<\/p>\n<p>Cabe destacar que los mapas de ruido son representaciones visuales del comportamiento ac\u00fastico de un \u00e1rea geogr\u00e1fica y se utiliza para diagnosticar la situaci\u00f3n ac\u00fastica de una zona.<\/p>\n<p>El Instituto de Ac\u00fastica de la Universidad Austral de Chile tambi\u00e9n elabor\u00f3 para el Ministerio del Medio ambiente los mapas de ruido del tr\u00e1nsito vehicular de las ciudades de Valdivia, Temuco \u2013 Padre Las Casas y La Serena \u2013 Coquimbo, los cuales ya fueron presentados en sus respectivas ciudades.<\/p>\n<p><strong><a href=\"https:\/\/www.acusticauach.cl\/?p=7369\">M\u00e1s Informaci\u00f3n<\/a><\/strong><\/p>\n<p><strong><a href=\"http:\/\/www.mapa.acusticauach.cl\" target=\"_blank\" rel=\"noopener noreferrer\">Visite www.mapa.acusticauach.cl<\/a><\/strong><\/p>\n<p>El seminario tambi\u00e9n podr\u00e1 ser visto via streaming en <a href=\"http:\/\/tvaustral.uach.cl\/\" target=\"_blank\" rel=\"noopener noreferrer\">http:\/\/tvaustral.uach.cl\/<\/a> (<a href=\"http:\/\/videoteca.uach.cl\/videos\/video\/1677\/\" target=\"_blank\" rel=\"noopener noreferrer\">Enlace Directo<\/a>)<\/p>\n<p>Programa del seminario<\/p>\n<p><a href=\"https:\/\/www.acusticauach.cl\/wp-content\/uploads\/2016\/03\/Programa-y-Mapa.jpg\"><img decoding=\"async\" class=\"aligncenter size-full wp-image-7361\" src=\"https:\/\/www.acusticauach.cl\/wp-content\/uploads\/2016\/03\/Programa-y-Mapa.jpg\" alt=\"Programa-y-Mapa\" width=\"1288\" height=\"1654\" srcset=\"https:\/\/www.acusticauach.cl\/wp-content\/uploads\/2016\/03\/Programa-y-Mapa.jpg 1288w, https:\/\/www.acusticauach.cl\/wp-content\/uploads\/2016\/03\/Programa-y-Mapa-234x300.jpg 234w, https:\/\/www.acusticauach.cl\/wp-content\/uploads\/2016\/03\/Programa-y-Mapa-797x1024.jpg 797w, https:\/\/www.acusticauach.cl\/wp-content\/uploads\/2016\/03\/Programa-y-Mapa-700x899.jpg 700w, https:\/\/www.acusticauach.cl\/wp-content\/uploads\/2016\/03\/Programa-y-Mapa-500x642.jpg 500w\" sizes=\"(max-width: 1288px) 100vw, 1288px\" \/><\/a><br \/>\n<iframe style='width:900px;height:500px' src='https:\/\/online.pubhtml5.com\/ipwbp\/rwen\/'  seamless='seamless' scrolling='no' frameborder='0' allowtransparency='true' allowfullscreen='true' ><\/iframe><\/p>\n","protected":false},"excerpt":{"rendered":"<p>En un seminario que se realizar\u00e1 en el Campus Miraflores UACh se dar\u00e1n a conocer los resultados del estudio realizado entre 2013 y 2015 Este jueves 31 de marzo, en el Campus Miraflores UACh, la Secretar\u00eda Ministerial del Medio Ambiente y el Instituto de Ac\u00fastica de la Facultad de Ciencias de la Ingenier\u00eda UACh, presentar\u00e1n [&hellip;]<\/p>\n","protected":false},"author":2,"featured_media":7364,"comment_status":"closed","ping_status":"closed","sticky":false,"template":"","format":"standard","meta":{"footnotes":""},"categories":[908],"tags":[17,35,34,166,73],"class_list":["post-7360","post","type-post","status-publish","format-standard","has-post-thumbnail","hentry","category-investigacion","tag-mapa-de-ruido","tag-medio-ambiente","tag-ministerio","tag-proyecto","tag-suarez"],"_links":{"self":[{"href":"https:\/\/www.acusticauach.cl\/index.php?rest_route=\/wp\/v2\/posts\/7360","targetHints":{"allow":["GET"]}}],"collection":[{"href":"https:\/\/www.acusticauach.cl\/index.php?rest_route=\/wp\/v2\/posts"}],"about":[{"href":"https:\/\/www.acusticauach.cl\/index.php?rest_route=\/wp\/v2\/types\/post"}],"author":[{"embeddable":true,"href":"https:\/\/www.acusticauach.cl\/index.php?rest_route=\/wp\/v2\/users\/2"}],"replies":[{"embeddable":true,"href":"https:\/\/www.acusticauach.cl\/index.php?rest_route=%2Fwp%2Fv2%2Fcomments&post=7360"}],"version-history":[{"count":0,"href":"https:\/\/www.acusticauach.cl\/index.php?rest_route=\/wp\/v2\/posts\/7360\/revisions"}],"wp:featuredmedia":[{"embeddable":true,"href":"https:\/\/www.acusticauach.cl\/index.php?rest_route=\/wp\/v2\/media\/7364"}],"wp:attachment":[{"href":"https:\/\/www.acusticauach.cl\/index.php?rest_route=%2Fwp%2Fv2%2Fmedia&parent=7360"}],"wp:term":[{"taxonomy":"category","embeddable":true,"href":"https:\/\/www.acusticauach.cl\/index.php?rest_route=%2Fwp%2Fv2%2Fcategories&post=7360"},{"taxonomy":"post_tag","embeddable":true,"href":"https:\/\/www.acusticauach.cl\/index.php?rest_route=%2Fwp%2Fv2%2Ftags&post=7360"}],"curies":[{"name":"wp","href":"https:\/\/api.w.org\/{rel}","templated":true}]}}