{"id":7334,"date":"2016-03-28T17:50:21","date_gmt":"2016-03-28T20:50:21","guid":{"rendered":"http:\/\/www.acusticauach.cl\/?p=7334"},"modified":"2019-10-27T19:18:42","modified_gmt":"2019-10-27T22:18:42","slug":"imagine-en-valdivia","status":"publish","type":"post","link":"https:\/\/www.acusticauach.cl\/?p=7334","title":{"rendered":"Imagine en Valdivia"},"content":{"rendered":"<h2>La banda ganadora del 5\u00b0 Concurso de Bandas Escolares viaj\u00f3 desde Coronel a la Regi\u00f3n de Los R\u00edos para grabar dos de sus temas en el estudio de Ac\u00fastica UACh.<\/h2>\n<p>Fueron los ganadores de la versi\u00f3n 2015 del Concurso de Bandas Escolares organizado por la Escuela de Ingenier\u00eda Civil Ac\u00fastica de la Universidad Austral de Chile, evento que se realiza anualmente y que est\u00e1 dirigido a bandas escolares de ense\u00f1anza media de todo el pa\u00eds.<\/p>\n<p>Imagine con el tema \u201cTanto tiempo\u201d se impuso ante las 21 bandas participantes de esta versi\u00f3n, las cuales compet\u00edan por el primer premio: grabar profesionalmente con los Ingenieros Ac\u00fasticos Jorge C\u00e1rdenas y Rodrigo Torres en la ciudad de Valdivia.<\/p>\n<p>Es as\u00ed como los cuatro estudiantes, provenientes del Liceo de la Madera de Coronel, llegaron el pasado 14 de marzo a disfrutar su premio, el cual se convirti\u00f3 en tres arduos e intensos d\u00edas de trabajo. Mat\u00edas Rivera en guitarra y Mat\u00edas Manr\u00edquez en voz, junto al bajista Isa\u00edas Rivas y el baterista Jerem\u00edas L\u00f3pez, registraron las canciones \u201cTanto tiempo\u201d y \u201cMagia\u201d los cuales presentan marcadas influencias en las que se mueve esta novel banda: el indie rock y el funk.<\/p>\n<p>Pero esto no es nuevo para ellos. En Concepci\u00f3n tuvieron la oportunidad de grabar gracias a un concurso anterior, con la diferencia que \u201cel trabajo con los profes ac\u00e1 ha sido s\u00faper minucioso y ponen harto ojo en los errores. Son muy detallistas, nos exigen bastante, pero hemos aprendido un mont\u00f3n\u201d.<\/p>\n<blockquote><p>Comenzamos a trabajar juntos reci\u00e9n el a\u00f1o pasado (2015) ya que antes ten\u00edamos otra formaci\u00f3n. De ese entonces, seguimos s\u00f3lo Isa\u00edas y yo\u201d comenta Mat\u00edas Rivera, guitarrista y \u201cl\u00edder\u201d como le llaman sus compa\u00f1eros. \u201cLo de l\u00edder se traduce en que es \u00e9l quien compone las letras y base de las canciones, para luego trabajarlos en conjunto. Es el que le pone m\u00e1s tino\u201d explica Jerem\u00edas, el baterista quien cursa este a\u00f1o el tercero medio en el Liceo de la Madera de Coronel. Los dem\u00e1s integrantes ya est\u00e1n egresados: Mat\u00edas (Manr\u00edquez) cursa primer a\u00f1o de Ingenier\u00eda Civil Inform\u00e1tica, mientras que Isa\u00edas y el otro Mat\u00edas est\u00e1n en proceso de su pr\u00e1ctica t\u00e9cnica.<\/p><\/blockquote>\n<p>Pero no vienen solos. El profesor Cristian S\u00e1ez los acompa\u00f1a en este viaje, quien tambi\u00e9n es m\u00fasico y el Encargado de Participaci\u00f3n Estudiantil y Proyectos de Mejora Educativa del Liceo de la Madera. Cristi\u00e1n nos cuenta que este Liceo T\u00e9cnico Profesional, se caracteriza por sus actividades extra program\u00e1ticas, donde destacan el teatro, la m\u00fasica y la Orquesta Sinf\u00f3nica del establecimiento. \u201cEste concurso es un espacio para hacer m\u00fasica, para que ellos (Imagine) valoren lo que hacen, lo que tienen y el c\u00f3mo componen. Nadie los ayuda, ellos hacen m\u00fasica solos y est\u00e1n a buen nivel\u201d comenta el docente, quien adem\u00e1s destaca que este tipo de iniciativas sirven para \u201csacar la desesperanza y la desmotivaci\u00f3n que muchos estudiantes tienen hoy en d\u00eda, por no tener recursos u oportunidades para hacer m\u00fasica y mostrar su talento\u201d.<\/p>\n<h2>Trabajo en estudio<\/h2>\n<p>Desde el 14 al 16 de marzo pasado, Imagine grab\u00f3 dos de sus canciones con los Ingenieros Ac\u00fasticos Jorge C\u00e1rdenas y Rodrigo Torres, ambos docentes del Instituto de Ac\u00fastica UACh.<\/p>\n<p>En palabras del profesor Torres \u201cpara la grabaci\u00f3n nos preocupamos de todos los detalles: que los m\u00fasicos viajen c\u00f3modos, alojen en un lugar agradable, y por supuesto, que todas las especificaciones t\u00e9cnicas de este proceso cumplan con est\u00e1ndares internacionales de calidad. El trabajo se realiz\u00f3 con un alto nivel de exigencia, pero siempre cuidando mantener un ambiente muy grato para todos. La banda cuenta con buenos m\u00fasicos, dispuestos a dar lo mejor para que el producto alcance su mayor potencial. Felicitamos a los ganadores y les deseamos una larga y feliz carrera musical\u201d.<\/p>\n<p>Ver galer\u00eda de fotos en FaceBook<\/p>\n<p>&nbsp;<\/p>\n<div id=\"fb-root\"><\/div>\n<p><script>\/\/ <![CDATA[\n(function(d, s, id) { var js, fjs = d.getElementsByTagName(s)[0]; if (d.getElementById(id)) return; js = d.createElement(s); js.id = id; js.src = \"\/\/connect.facebook.net\/es_LA\/all.js#xfbml=1\"; fjs.parentNode.insertBefore(js, fjs); }(document, 'script', 'facebook-jssdk'));\n\/\/ ]]><\/script><\/p>\n<div class=\"fb-post\" data-href=\"https:\/\/www.facebook.com\/media\/set\/?set=a.989201141161526.1073741864.194362960645352&amp;type=1\" data-width=\"700\">\n<div class=\"fb-xfbml-parse-ignore\"><a href=\"https:\/\/www.facebook.com\/media\/set\/?set=a.989201141161526.1073741864.194362960645352&amp;type=1\">Publicaci\u00f3n<\/a> de <a href=\"https:\/\/www.facebook.com\/acusticauach\">Acustica UACh<\/a>.<\/div>\n<\/div>\n","protected":false},"excerpt":{"rendered":"<p>La banda ganadora del 5\u00b0 Concurso de Bandas Escolares viaj\u00f3 desde Coronel a la Regi\u00f3n de Los R\u00edos para grabar dos de sus temas en el estudio de Ac\u00fastica UACh. Fueron los ganadores de la versi\u00f3n 2015 del Concurso de Bandas Escolares organizado por la Escuela de Ingenier\u00eda Civil Ac\u00fastica de la Universidad Austral de [&hellip;]<\/p>\n","protected":false},"author":2,"featured_media":7335,"comment_status":"closed","ping_status":"closed","sticky":false,"template":"","format":"standard","meta":{"footnotes":""},"categories":[909],"tags":[192,161,94,272,97,363,186],"class_list":["post-7334","post","type-post","status-publish","format-standard","has-post-thumbnail","hentry","category-vinculacion","tag-cardenas","tag-colegio","tag-concurso","tag-concurso-de-bandas","tag-ganador","tag-imagine","tag-torres"],"_links":{"self":[{"href":"https:\/\/www.acusticauach.cl\/index.php?rest_route=\/wp\/v2\/posts\/7334","targetHints":{"allow":["GET"]}}],"collection":[{"href":"https:\/\/www.acusticauach.cl\/index.php?rest_route=\/wp\/v2\/posts"}],"about":[{"href":"https:\/\/www.acusticauach.cl\/index.php?rest_route=\/wp\/v2\/types\/post"}],"author":[{"embeddable":true,"href":"https:\/\/www.acusticauach.cl\/index.php?rest_route=\/wp\/v2\/users\/2"}],"replies":[{"embeddable":true,"href":"https:\/\/www.acusticauach.cl\/index.php?rest_route=%2Fwp%2Fv2%2Fcomments&post=7334"}],"version-history":[{"count":0,"href":"https:\/\/www.acusticauach.cl\/index.php?rest_route=\/wp\/v2\/posts\/7334\/revisions"}],"wp:featuredmedia":[{"embeddable":true,"href":"https:\/\/www.acusticauach.cl\/index.php?rest_route=\/wp\/v2\/media\/7335"}],"wp:attachment":[{"href":"https:\/\/www.acusticauach.cl\/index.php?rest_route=%2Fwp%2Fv2%2Fmedia&parent=7334"}],"wp:term":[{"taxonomy":"category","embeddable":true,"href":"https:\/\/www.acusticauach.cl\/index.php?rest_route=%2Fwp%2Fv2%2Fcategories&post=7334"},{"taxonomy":"post_tag","embeddable":true,"href":"https:\/\/www.acusticauach.cl\/index.php?rest_route=%2Fwp%2Fv2%2Ftags&post=7334"}],"curies":[{"name":"wp","href":"https:\/\/api.w.org\/{rel}","templated":true}]}}