{"id":7296,"date":"2016-02-29T11:51:54","date_gmt":"2016-02-29T14:51:54","guid":{"rendered":"http:\/\/www.acusticauach.cl\/?p=7296"},"modified":"2019-10-27T19:18:52","modified_gmt":"2019-10-27T22:18:52","slug":"uach-recibira-a-sus-nuevos-estudiantes-con-programa-especial-de-actividades","status":"publish","type":"post","link":"https:\/\/www.acusticauach.cl\/?p=7296","title":{"rendered":"UACh recibir\u00e1 a sus nuevos estudiantes con programa especial de actividades"},"content":{"rendered":"<h2><strong>Los j\u00f3venes que ingresan a primer a\u00f1o comenzar\u00e1n las clases el lunes 7 de marzo, en tanto que los alumnos de cursos superiores reanudar\u00e1n sus actividades lectivas el mi\u00e9rcoles 9.<\/strong><\/h2>\n<p>Como ya es tradici\u00f3n la Universidad Austral de Chile ha preparado un programa especial para dar la bienvenida a su Promoci\u00f3n 2016, el cual contempla una serie de actividades que se llevar\u00e1n a cabo en Valdivia, Puerto Montt y Coyhaique.<\/p>\n<p>En la capital de la Regi\u00f3n de Los R\u00edos, ser\u00e1n recibidos el lunes 7 de marzo, a las 08:30 horas, por sus respectivas escuelas. Posteriormente, participar\u00e1n en jornadas de inducci\u00f3n a cargo de las facultades, cuyo objetivo es fortalecer el sentido de pertenencia de los nuevos alumnos con su macrounidad, docentes y compa\u00f1eros de carrera. Esto permitir\u00e1 que los j\u00f3venes conozcan los espacios en que desarrollar\u00e1n sus actividades acad\u00e9micas.<\/p>\n<p>En forma paralela se llevar\u00e1 a cabo el Taller UACh \u201cRedes de Apoyo para la inserci\u00f3n a la vida universitaria\u201d, que se realizar\u00e1 en el Aula Magna del Campus Isla Teja, en horarios que ser\u00e1n informados por las facultades a sus estudiantes.<\/p>\n<p><a href=\"http:\/\/noticias.uach.cl\/principal.php?pag=noticia-externo&amp;cod=91068\" target=\"_blank\" rel=\"noopener noreferrer\"><img decoding=\"async\" class=\"aligncenter size-full wp-image-7306\" src=\"https:\/\/www.acusticauach.cl\/wp-content\/uploads\/2016\/02\/Saludo_nautico_2.jpg\" alt=\"Banner Saludo Nautico\" width=\"1010\" height=\"350\" srcset=\"https:\/\/www.acusticauach.cl\/wp-content\/uploads\/2016\/02\/Saludo_nautico_2.jpg 1010w, https:\/\/www.acusticauach.cl\/wp-content\/uploads\/2016\/02\/Saludo_nautico_2-300x104.jpg 300w, https:\/\/www.acusticauach.cl\/wp-content\/uploads\/2016\/02\/Saludo_nautico_2-700x243.jpg 700w, https:\/\/www.acusticauach.cl\/wp-content\/uploads\/2016\/02\/Saludo_nautico_2-500x173.jpg 500w\" sizes=\"(max-width: 1010px) 100vw, 1010px\" \/><\/a><\/p>\n<p><strong>Para el martes 8 de marzo, a las 11:30 horas, est\u00e1 programada la actividad oficial de Bienvenida 2016 en la Costanera Cultural \u201cGabriel Vald\u00e9s\u201d<\/strong>. En dicho encuentro se contar\u00e1 con la presencia de las autoridades universitarias, regionales y comunales. Adem\u00e1s, los estudiantes podr\u00e1n disfrutar de m\u00fasica en vivo con la banda <strong>Newton Jones<\/strong> y se efectuar\u00e1 el tradicional \u201cSaludo N\u00e1utico\u201d.<\/p>\n<p><strong>Estudiantes de cursos superiores<\/strong><\/p>\n<p>Por otra parte, hoy lunes 29 de febrero comenz\u00f3 el proceso de matr\u00edculas (ver:\u00a0<a href=\"https:\/\/www.acusticauach.cl\/wp-content\/uploads\/2016\/02\/Instructivo_Matric_Cursos-Superiores_2016.pdf\" target=\"_blank\" rel=\"noopener noreferrer\">Instructivo_Matric_Cursos Superiores_2016<\/a>) de los estudiantes antiguos de la UACh, quienes iniciar\u00e1n sus actividades acad\u00e9micas el mi\u00e9rcoles 9 de marzo.<\/p>\n<p>_______________<\/p>\n<p><a href=\"http:\/\/noticias.uach.cl\/principal.php?pag=noticia-externo&amp;cod=91068\" target=\"_blank\" rel=\"noopener noreferrer\">Noticia Origen: UACh<\/a><\/p>\n<p>Escrito por: Alejandra Bertr\u00e1n Delgado &#8211; Periodista Relaciones P\u00fablicas UACh Email: alejandra.bertran@uach.cl<\/p>\n","protected":false},"excerpt":{"rendered":"<p>Los j\u00f3venes que ingresan a primer a\u00f1o comenzar\u00e1n las clases el lunes 7 de marzo, en tanto que los alumnos de cursos superiores reanudar\u00e1n sus actividades lectivas el mi\u00e9rcoles 9. Como ya es tradici\u00f3n la Universidad Austral de Chile ha preparado un programa especial para dar la bienvenida a su Promoci\u00f3n 2016, el cual contempla [&hellip;]<\/p>\n","protected":false},"author":2,"featured_media":7302,"comment_status":"closed","ping_status":"closed","sticky":false,"template":"","format":"standard","meta":{"footnotes":""},"categories":[906],"tags":[360,37,359,231,294],"class_list":["post-7296","post","type-post","status-publish","format-standard","has-post-thumbnail","hentry","category-pregrado","tag-clases","tag-estudiantes","tag-inicio","tag-mechones","tag-nuevos"],"_links":{"self":[{"href":"https:\/\/www.acusticauach.cl\/index.php?rest_route=\/wp\/v2\/posts\/7296","targetHints":{"allow":["GET"]}}],"collection":[{"href":"https:\/\/www.acusticauach.cl\/index.php?rest_route=\/wp\/v2\/posts"}],"about":[{"href":"https:\/\/www.acusticauach.cl\/index.php?rest_route=\/wp\/v2\/types\/post"}],"author":[{"embeddable":true,"href":"https:\/\/www.acusticauach.cl\/index.php?rest_route=\/wp\/v2\/users\/2"}],"replies":[{"embeddable":true,"href":"https:\/\/www.acusticauach.cl\/index.php?rest_route=%2Fwp%2Fv2%2Fcomments&post=7296"}],"version-history":[{"count":0,"href":"https:\/\/www.acusticauach.cl\/index.php?rest_route=\/wp\/v2\/posts\/7296\/revisions"}],"wp:featuredmedia":[{"embeddable":true,"href":"https:\/\/www.acusticauach.cl\/index.php?rest_route=\/wp\/v2\/media\/7302"}],"wp:attachment":[{"href":"https:\/\/www.acusticauach.cl\/index.php?rest_route=%2Fwp%2Fv2%2Fmedia&parent=7296"}],"wp:term":[{"taxonomy":"category","embeddable":true,"href":"https:\/\/www.acusticauach.cl\/index.php?rest_route=%2Fwp%2Fv2%2Fcategories&post=7296"},{"taxonomy":"post_tag","embeddable":true,"href":"https:\/\/www.acusticauach.cl\/index.php?rest_route=%2Fwp%2Fv2%2Ftags&post=7296"}],"curies":[{"name":"wp","href":"https:\/\/api.w.org\/{rel}","templated":true}]}}