{"id":7208,"date":"2015-12-15T12:55:24","date_gmt":"2015-12-15T15:55:24","guid":{"rendered":"http:\/\/www.acusticauach.cl\/?p=7208"},"modified":"2019-10-27T19:20:05","modified_gmt":"2019-10-27T22:20:05","slug":"realizan-primer-estudio-de-paisaje-sonoro-del-parque-urbano-el-bosque","status":"publish","type":"post","link":"https:\/\/www.acusticauach.cl\/?p=7208","title":{"rendered":"Realizan primer estudio de Paisaje Sonoro del Parque Urbano El Bosque"},"content":{"rendered":"<p><strong>El trabajo, parte del curso de Ac\u00fastica Ambiental dictado por la Escuela de Ingenier\u00eda Civil Ac\u00fastica, permitir\u00e1 a la comunidad valdiviana conocer y explorar las caracter\u00edsticas de este parque inmerso en la ciudad.<\/strong><\/p>\n<p>El <strong><a href=\"http:\/\/www.bosqueurbano.cl\/web\/index.php\/2013-07-28-19-35-03\/como-llegar\" target=\"_blank\" rel=\"noopener noreferrer\">Parque Urbano El Bosque<\/a><\/strong> es un \u00e1rea protegida urbana y privada, administrado y gestionado desde el a\u00f1o 2004 por el <a href=\"http:\/\/www.bosqueurbano.cl\/web\/index.php\/2013-07-28-20-58-15\/quienes-somos\" target=\"_blank\" rel=\"noopener noreferrer\">Comit\u00e9 Ecol\u00f3gico<em> Lemu Lahuen<\/em><\/a>, que conserva y protege las especies nativas de la flora y fauna existentes en el sector urbano de la ciudad de Valdivia.<\/p>\n<p>En este contexto,\u00a0 el estudiante de Ing. Civil Ac\u00fastica Crist\u00f3bal Brice\u00f1o desarroll\u00f3 el<em> <strong>Estudio del Paisaje Sonoro de Parque Urbano el Bosque <\/strong>&#8211; <\/em>como parte del curso de Ac\u00fastica Ambiental dictado por la Escuela de Ing. Civil Ac\u00fastica UACh \u2013 que se orient\u00f3 al registro sonoro binaural y estudio de la calidad ac\u00fastica de dicha \u00e1rea natural, \u00a0como una forma de resguardar el patrimonio sonoro del lugar para su futura difusi\u00f3n en la comunidad.<\/p>\n<p>El proyecto consisti\u00f3 en la <em>grabaci\u00f3n binaural<\/em>, que es grabar un sonido o un ambiente sonoro, emulando las condiciones en que se realiza la audici\u00f3n humana. Como resultado se obtiene un sonido espacial tridimensional, donde el oyente sea capaz de detectar la fuente de los sonidos en 360\u00ba como si estuviera presente en el ambiente grabado. Adem\u00e1s se realiz\u00f3 un registro audiovisual del recorrido a trav\u00e9s de los senderos del parque, que cont\u00f3 con la asesor\u00eda y apoyo t\u00e9cnico del cineasta local Crist\u00f3bal Dur\u00e1n.<br \/>\n<iframe src=\"https:\/\/www.youtube.com\/embed\/WM2SQqz6zkM\" width=\"700\" height=\"394\" frameborder=\"0\" allowfullscreen=\"allowfullscreen\"><\/iframe><\/p>\n<p>Este trabajo fue presentado y entregado al Directorio del Comit\u00e9 Ecol\u00f3gico Lemu Lahuen, quedando a disposici\u00f3n de la comunidad para fines de difusi\u00f3n del Parque, como una forma de acercar y crear conciencia del paisaje sonoro en la comunidad, adem\u00e1s de facilitar el trabajo y colaboraci\u00f3n para futuras investigaciones en el \u00e1rea.<\/p>\n<p>Conoce m\u00e1s del proyecto en:<\/p>\n<p><a href=\"https:\/\/www.youtube.com\/channel\/UCOFxraT03Yy5ILFZzg37Spw\/videos\" target=\"_blank\" rel=\"noopener noreferrer\">https:\/\/www.youtube.com\/channel\/UCOFxraT03Yy5ILFZzg37Spw\/videos<\/a><\/p>\n<h2><strong>El Parque Urbano El Bosque<\/strong><\/h2>\n<p><a href=\"http:\/\/www.bosqueurbano.cl\/web\/index.php\/2013-07-28-19-35-03\/mapa\" target=\"_blank\" rel=\"noopener noreferrer\"><img decoding=\"async\" class=\"aligncenter wp-image-7219 size-full\" src=\"https:\/\/www.acusticauach.cl\/wp-content\/uploads\/2015\/12\/parqueurbano_foto_web.jpg\" alt=\"\" width=\"1000\" height=\"300\" srcset=\"https:\/\/www.acusticauach.cl\/wp-content\/uploads\/2015\/12\/parqueurbano_foto_web.jpg 1000w, https:\/\/www.acusticauach.cl\/wp-content\/uploads\/2015\/12\/parqueurbano_foto_web-300x90.jpg 300w, https:\/\/www.acusticauach.cl\/wp-content\/uploads\/2015\/12\/parqueurbano_foto_web-700x210.jpg 700w, https:\/\/www.acusticauach.cl\/wp-content\/uploads\/2015\/12\/parqueurbano_foto_web-500x150.jpg 500w\" sizes=\"(max-width: 1000px) 100vw, 1000px\" \/><\/a><\/p>\n<p>La superficie del Parque Urbano El Bosque se extiende a 13 hect\u00e1reas, la cual se puede recorrer por medio de los senderos que existen en su interior, encontrando distintos ecosistemas (humedal, borde de humedal y bosque). La zona boscosa corresponde a un remanente de la asociaci\u00f3n <strong>Roble-Laurel-Lingue<\/strong> presente en la depresi\u00f3n intermedia y en las laderas Este de la Cordillera de la Costa. Entre las especies que se encuentran en el parque encontramos <strong>Roble<\/strong> (Nothofagus obliqua), <strong>Olivillo <\/strong>(Aextoxicon punctatum), <strong>Coig\u00fce<\/strong> (Nothofagus dombeyi), <strong>Array\u00e1n <\/strong>(Luma apiculata), <strong>Lingue<\/strong> (Persea lingue), <strong>Laurel<\/strong> (Laurelia sempervirens) y algunas enredaderas como <strong>Boqui<\/strong> (Boquila trifoliolata) o <strong>Copihue<\/strong> (Lapageria rosea), entre otros.<\/p>\n<p>Adem\u00e1s, se pueden avistar especies de aves asociadas al <strong>Bosque Valdiviano<\/strong>: <strong>Pid\u00e9n <\/strong>(Pardirallus sanguinolentus), <strong>Cachudito<\/strong> (Anairetes parulus), <strong>Lechuza <\/strong>(Tyto alba), <strong>F\u00edo-f\u00edo<\/strong> (Elaenia albiceps), <strong>Viudita<\/strong> (Colorhamphus parvirostris) y <strong>Rayadito<\/strong> (Aphrastura spinicauda). En el sector de hualves, se pueden observar crust\u00e1ceos como el <strong>Camar\u00f3n del hualve<\/strong> (Parastacus nicoletti), gastr\u00f3podos como el <strong>Caracol pancho<\/strong> (Plectostylus marie) y una interesante variedad de hongos e insectos. Otro de los sectores es el matorral pradera y el sector del humedal, donde se pueden encontrar anfibios.<\/p>\n<p><a href=\"http:\/\/www.facebook.com\/parqueurbano.elbosque\">www.facebook.com\/parqueurbano.elbosque<\/a><\/p>\n<p><a href=\"http:\/\/www.bosqueurbano.cl\/web\/index.php\/2013-07-28-19-35-03\/como-llegar\" target=\"_blank\" rel=\"noopener noreferrer\">http:\/\/www.bosqueurbano.cl\/web\/index.php\/2013-07-28-19-35-03\/como-llegar<\/a><\/p>\n","protected":false},"excerpt":{"rendered":"<p>El trabajo, parte del curso de Ac\u00fastica Ambiental dictado por la Escuela de Ingenier\u00eda Civil Ac\u00fastica, permitir\u00e1 a la comunidad valdiviana conocer y explorar las caracter\u00edsticas de este parque inmerso en la ciudad. El Parque Urbano El Bosque es un \u00e1rea protegida urbana y privada, administrado y gestionado desde el a\u00f1o 2004 por el Comit\u00e9 [&hellip;]<\/p>\n","protected":false},"author":2,"featured_media":7212,"comment_status":"closed","ping_status":"closed","sticky":false,"template":"","format":"standard","meta":{"footnotes":""},"categories":[908],"tags":[222,214,37,30,309],"class_list":["post-7208","post","type-post","status-publish","format-standard","has-post-thumbnail","hentry","category-investigacion","tag-binaural","tag-cursos","tag-estudiantes","tag-paisaje","tag-paisaje-sonoro"],"_links":{"self":[{"href":"https:\/\/www.acusticauach.cl\/index.php?rest_route=\/wp\/v2\/posts\/7208","targetHints":{"allow":["GET"]}}],"collection":[{"href":"https:\/\/www.acusticauach.cl\/index.php?rest_route=\/wp\/v2\/posts"}],"about":[{"href":"https:\/\/www.acusticauach.cl\/index.php?rest_route=\/wp\/v2\/types\/post"}],"author":[{"embeddable":true,"href":"https:\/\/www.acusticauach.cl\/index.php?rest_route=\/wp\/v2\/users\/2"}],"replies":[{"embeddable":true,"href":"https:\/\/www.acusticauach.cl\/index.php?rest_route=%2Fwp%2Fv2%2Fcomments&post=7208"}],"version-history":[{"count":0,"href":"https:\/\/www.acusticauach.cl\/index.php?rest_route=\/wp\/v2\/posts\/7208\/revisions"}],"wp:featuredmedia":[{"embeddable":true,"href":"https:\/\/www.acusticauach.cl\/index.php?rest_route=\/wp\/v2\/media\/7212"}],"wp:attachment":[{"href":"https:\/\/www.acusticauach.cl\/index.php?rest_route=%2Fwp%2Fv2%2Fmedia&parent=7208"}],"wp:term":[{"taxonomy":"category","embeddable":true,"href":"https:\/\/www.acusticauach.cl\/index.php?rest_route=%2Fwp%2Fv2%2Fcategories&post=7208"},{"taxonomy":"post_tag","embeddable":true,"href":"https:\/\/www.acusticauach.cl\/index.php?rest_route=%2Fwp%2Fv2%2Ftags&post=7208"}],"curies":[{"name":"wp","href":"https:\/\/api.w.org\/{rel}","templated":true}]}}