{"id":6334,"date":"2015-06-26T17:17:54","date_gmt":"2015-06-26T20:17:54","guid":{"rendered":"http:\/\/www.acusticauach.cl\/?p=6334"},"modified":"2022-05-25T13:47:09","modified_gmt":"2022-05-25T17:47:09","slug":"expertos-y-autoridades-presentaron-el-mapa-de-ruido-de-la-serena","status":"publish","type":"post","link":"https:\/\/www.acusticauach.cl\/?p=6334","title":{"rendered":"Expertos y autoridades presentaron el mapa de ruido de La Serena"},"content":{"rendered":"<p><strong>El estudio que entrega panorama local de\u00a0la contaminaci\u00f3n ac\u00fastica estuvo liderado por el acad\u00e9mico de Ac\u00fastica UACh Dr. Enrique Su\u00e1rez.<\/strong><\/p>\n<p>Tomando en cuenta que a nivel internacional se reconoce que el transporte genera m\u00e1s del 70% del ruido existente en una ciudad y que en Chile la conurbaci\u00f3n La Serena-Coquimbo es una de las zonas del pa\u00eds donde ha crecido el parque automotriz, el Ministerio del Medio Ambiente realiz\u00f3 en la zona un estudio sobre la contaminaci\u00f3n ac\u00fastica mediante la elaboraci\u00f3n de mapas de ruido que permiten identificar la distribuci\u00f3n y magnitud del sonido.<\/p>\n<p>Este proyecto estuvo liderado por el Dr. Enrique Su\u00e1rez, acad\u00e9mico del Instituto de Ac\u00fastica de la Facultad de Ciencias de la Ingenier\u00eda UACh, quien adem\u00e1s ha supervisado la creaci\u00f3n de los mapas de ruido de Santiago, Temuco-Padre Las Casas, Antofagasta y Valdivia.<\/p>\n<p>En el caso de La Serena, se realizaron m\u00e1s de 200 mediciones, en un periodo de ocho meses continuos y en distintos puntos de la ciudad. Con esta informaci\u00f3n, se trazaron planos que, mediante una escala de colores que sirven para graficar las distintas intensidades de ruido generado por veh\u00edculos, tanto durante el d\u00eda como por la noche. A partir de esta informaci\u00f3n, se desprendi\u00f3 que el 90% de la superficie de esta \u00e1rea urbana de La Serena-Coquimbo presenta \u00edndices aceptables de contaminaci\u00f3n ac\u00fastica.<\/p>\n<p>La secci\u00f3n de ac\u00fastica del Ministerio del Medio Ambiente en conjunto con la Universidad Austral de Chile entregaron los resultados del mapa de ruido en el seminario regional \u201cLos impactos de los contaminantes locales: Avanzando hacia la sustentabilidad de los territorios\u201d, realizado en La Serena, donde se destac\u00f3 que la conurbaci\u00f3n de la Regi\u00f3n de Coquimbo fue una de las 3 zonas del pa\u00eds donde se realiz\u00f3 este estudio junto a Valdivia y Temuco.<\/p>\n<p><a href=\"https:\/\/www.acusticauach.cl\/wp-content\/uploads\/2015\/06\/2015_06_19_Presentacion_Mapa-de_Ruido_La_Serena_02.jpg\"><img decoding=\"async\" class=\"aligncenter size-full wp-image-6379\" src=\"https:\/\/www.acusticauach.cl\/wp-content\/uploads\/2015\/06\/2015_06_19_Presentacion_Mapa-de_Ruido_La_Serena_02.jpg\" alt=\"2015_06_19_Presentacion_Mapa-de_Ruido_La_Serena_02\" width=\"900\" height=\"507\" srcset=\"https:\/\/www.acusticauach.cl\/wp-content\/uploads\/2015\/06\/2015_06_19_Presentacion_Mapa-de_Ruido_La_Serena_02.jpg 900w, https:\/\/www.acusticauach.cl\/wp-content\/uploads\/2015\/06\/2015_06_19_Presentacion_Mapa-de_Ruido_La_Serena_02-300x169.jpg 300w, https:\/\/www.acusticauach.cl\/wp-content\/uploads\/2015\/06\/2015_06_19_Presentacion_Mapa-de_Ruido_La_Serena_02-700x394.jpg 700w, https:\/\/www.acusticauach.cl\/wp-content\/uploads\/2015\/06\/2015_06_19_Presentacion_Mapa-de_Ruido_La_Serena_02-500x282.jpg 500w\" sizes=\"(max-width: 900px) 100vw, 900px\" \/><\/a>Igor Valdebenito, jefe de la secci\u00f3n ac\u00fastica del MMA, indica que dentro de los resultados del mapa de ruido, el 90% de lo modelado est\u00e1 dentro del rango aceptable del ruido seg\u00fan el est\u00e1ndar de la OCDE y el 10% est\u00e1 sobre la norma (sobre 65 decibeles). \u201cLas idea es que en las tres ciudades modeladas nos adelantemos al problema para que no se conviertan como en Santiago donde solo cerca del 50% del ruido est\u00e1 en nivel aceptable y el 20% en nivel peligroso\u201d, plantea.<\/p>\n<p>La Seremi del Medio Ambiente de la Regi\u00f3n de Coquimbo, Ver\u00f3nica Pinto, explic\u00f3 que esta herramienta posibilita \u201cgenerar un instrumento de planificaci\u00f3n territorial que va a permitir tomar ciertas decisiones en los distintos servicios p\u00fablicos y municipios respecto a este contaminante invisible. Por eso es muy importante que este instrumento se utilice para la planificaci\u00f3n de nuestro territorio, como por ejemplo facilitando el aislamiento ac\u00fastico en las construcciones que ya est\u00e1n sometidas a altos decibeles como establecimientos educacionales o centros de salud\u201d.<\/p>\n<p>Por su parte, el Dr. Enrique Su\u00e1rez indic\u00f3 que \u201clos mayores niveles de ruidos est\u00e1n asociados a mayor flujo vehicular, a mayor presencia de veh\u00edculos pesados, ya sea camiones o locomoci\u00f3n colectiva\u201d.<\/p>\n<p>Adem\u00e1s, las autoridades destacaron la baja presencia de \u00e1reas saturadas por contaminaci\u00f3n ac\u00fastica producida por veh\u00edculos que presenta la conurbaci\u00f3n La Serena\u2013Coquimbo. De hecho, solamente el 1% de su superficie presenta \u00edndices considerados peligrosos para la salud humana. As\u00ed se desprende del estudio \u201cElaboraci\u00f3n de Mapas de Ruido de Ciudades Mediante Software de Modelaci\u00f3n\u201d, desarrollado por el Ministerio del Medio Ambiente (MMA).<\/p>\n<h3><strong>El mapa de ruido de La Serena-Coquimbo est\u00e1 disponible en <a href=\"https:\/\/ruido.mma.gob.cl\/\" target=\"_blank\" rel=\"noopener noreferrer\">https:\/\/ruido.mma.gob.cl\/<\/a><\/strong><\/h3>\n<p>Escrito por: Michelle Carpentier Araya &#8211; Periodista Fc. Ciencias de la Ingenier\u00eda Email: prensafci@uach.cl<br \/>\nEscrito con colaboraci\u00f3n de Comunicaciones Ministerio del Medio Ambiente- Gobierno de Chile.<\/p>\n<p><a href=\"http:\/\/ingenieria.uach.cl\/index.php\/noticias\/todas\/8470-expertos-y-autoridades-presentaron-el-mapa-de-ruido-de-la-serena\" target=\"_blank\" rel=\"noopener noreferrer\">Noticias en FCI<\/a>,\u00a0<a href=\"http:\/\/noticias.uach.cl\/principal.php?pag=noticia-externo&amp;cod=83990&amp;admin=1\" target=\"_blank\" rel=\"noopener noreferrer\">Noticia en UACh<\/a><\/p>\n<h2>Noticia en los medios locales:<\/h2>\n<p><a href=\"http:\/\/www.diariolaregion.cl\/portal\/2015\/06\/23\/baja-contaminacion-acustica-segun-primer-mapa-de-ruido-en-la-serena-y-coquimbo\/\" target=\"_blank\" rel=\"noopener noreferrer\">Diario La Regi\u00f3n<\/a>;<\/p>\n<p><a href=\"http:\/\/diarioeldia.cl\/articulo\/region\/mapa-ruido-conurbacion-arroja-que-10-ruido-supera-norma\" target=\"_blank\" rel=\"noopener noreferrer\">Diario El D\u00eda<\/a>;<\/p>\n<p><a href=\"http:\/\/laserenaonline.com\/2015\/06\/entregan-resultados-de-mapa-de-ruido-en-conurbacion-la-serena-coquimbo\/\" target=\"_blank\" rel=\"noopener noreferrer\">La Serena On Line<\/a>;<\/p>\n<p><a href=\"http:\/\/www.elobservatodo.cl\/noticia\/sociedad\/este-es-el-nivel-de-ruido-generado-por-el-transporte-urbano-en-la-serena-coquimbo\" target=\"_blank\" rel=\"noopener noreferrer\">El Observatodo;<\/a><\/p>\n<p><a href=\"http:\/\/www.diarioelserenense.cl\/la-serena-y-coquimbo-poseen-baja-contaminacion-acustica-segun-estudio-de-ruidos\" target=\"_blank\" rel=\"noopener noreferrer\">El Serenense;<\/a><\/p>\n<p><a href=\"http:\/\/www.plataformaurbana.cl\/archive\/2015\/06\/28\/mapas-de-ruido-de-cinco-ciudades-de-chile-que-tan-ruidoso-o-silencioso-es-tu-barrio\/\" target=\"_blank\" rel=\"noopener noreferrer\">Plataforma Urbana;<\/a><\/p>\n<p><a href=\"http:\/\/portal.mma.gob.cl\/ministerio-del-medio-ambiente-entrega-resultados-de-mapa-de-ruido-en-conurbacion-la-serena-coquimbo\/\" target=\"_blank\" rel=\"noopener noreferrer\">Noticias en web MMA<\/a><\/p>\n","protected":false},"excerpt":{"rendered":"<p>El estudio que entrega panorama local de\u00a0la contaminaci\u00f3n ac\u00fastica estuvo liderado por el acad\u00e9mico de Ac\u00fastica UACh Dr. Enrique Su\u00e1rez. Tomando en cuenta que a nivel internacional se reconoce que el transporte genera m\u00e1s del 70% del ruido existente en una ciudad y que en Chile la conurbaci\u00f3n La Serena-Coquimbo es una de las zonas [&hellip;]<\/p>\n","protected":false},"author":2,"featured_media":6337,"comment_status":"closed","ping_status":"closed","sticky":false,"template":"","format":"standard","meta":{"footnotes":""},"categories":[908],"tags":[212,17,177,35,34,166,73],"class_list":["post-6334","post","type-post","status-publish","format-standard","has-post-thumbnail","hentry","category-investigacion","tag-la-serena","tag-mapa-de-ruido","tag-mapas-de-ruido","tag-medio-ambiente","tag-ministerio","tag-proyecto","tag-suarez"],"_links":{"self":[{"href":"https:\/\/www.acusticauach.cl\/index.php?rest_route=\/wp\/v2\/posts\/6334","targetHints":{"allow":["GET"]}}],"collection":[{"href":"https:\/\/www.acusticauach.cl\/index.php?rest_route=\/wp\/v2\/posts"}],"about":[{"href":"https:\/\/www.acusticauach.cl\/index.php?rest_route=\/wp\/v2\/types\/post"}],"author":[{"embeddable":true,"href":"https:\/\/www.acusticauach.cl\/index.php?rest_route=\/wp\/v2\/users\/2"}],"replies":[{"embeddable":true,"href":"https:\/\/www.acusticauach.cl\/index.php?rest_route=%2Fwp%2Fv2%2Fcomments&post=6334"}],"version-history":[{"count":0,"href":"https:\/\/www.acusticauach.cl\/index.php?rest_route=\/wp\/v2\/posts\/6334\/revisions"}],"wp:featuredmedia":[{"embeddable":true,"href":"https:\/\/www.acusticauach.cl\/index.php?rest_route=\/wp\/v2\/media\/6337"}],"wp:attachment":[{"href":"https:\/\/www.acusticauach.cl\/index.php?rest_route=%2Fwp%2Fv2%2Fmedia&parent=6334"}],"wp:term":[{"taxonomy":"category","embeddable":true,"href":"https:\/\/www.acusticauach.cl\/index.php?rest_route=%2Fwp%2Fv2%2Fcategories&post=6334"},{"taxonomy":"post_tag","embeddable":true,"href":"https:\/\/www.acusticauach.cl\/index.php?rest_route=%2Fwp%2Fv2%2Ftags&post=6334"}],"curies":[{"name":"wp","href":"https:\/\/api.w.org\/{rel}","templated":true}]}}