{"id":6136,"date":"2015-06-05T09:17:44","date_gmt":"2015-06-05T12:17:44","guid":{"rendered":"http:\/\/www.acusticauach.cl\/?p=6136"},"modified":"2019-10-27T19:26:58","modified_gmt":"2019-10-27T22:26:58","slug":"estudiantes-de-lanco-vistan-el-instituto-de-acustica-uach","status":"publish","type":"post","link":"https:\/\/www.acusticauach.cl\/?p=6136","title":{"rendered":"Estudiantes de Lanco vistan el Instituto de Ac\u00fastica UACh"},"content":{"rendered":"<p><strong>Los alumnos pertenecientes al club los genios de la ciencia del Colegio Felipe Barteaux actualmente se encuentran desarrollando un mapa de ruido de su ciudad gracias a un proyecto Explora.<\/strong><\/p>\n<p>Recorrer el Campus Miraflores y participar de una charla sobre el ruido fueron algunas de las actividades en las que particip\u00f3 el club \u201cLos Genios de la Ciencia\u201d del Colegio Felipe Barteaux durante la visita realizada a la Facultad de Ciencias de la Ingenier\u00eda de la Universidad Austral de Chile.<\/p>\n<p>La visita de los alumnos que cursan entre quinto y octavo b\u00e1sico en la escuela lanquina se enmarca en el proyecto Explora, el cual consiste en realizar un mapa de ruido de la ciudad de Lanco para identificar los lugares con contaminaci\u00f3n ac\u00fastica de la comuna.<\/p>\n<p>Sandra Alvarado, profesor a cargo de Los Genios de la Ciencia, cont\u00f3 que el grupo se form\u00f3 por \u201cla necesidad de los alumnos de captar nuevos conocimientos en la ciencia y en las problem\u00e1ticas medioambientales\u201d.<\/p>\n<p>El recorrido por el Instituto y Escuela de Ingenier\u00eda Ac\u00fastica UACh comenz\u00f3 por las Salas Anecoicas, lugares dise\u00f1ados para absorber las ondas ac\u00fasticas de las superficies, haciendo que estas simulen las condiciones ac\u00fasticas que se dar\u00edan en un campo libre.<\/p>\n<p>Luego, el grupo se dirigi\u00f3 a las C\u00e1maras Reverberantes, las cuales se utilizan para ensayos de medici\u00f3n de absorci\u00f3n sonora y potencia sonora. En ambos laboratorios, los estudiantes pudieron experimentar con el sonido y ver como este reacciona en diferentes situaciones.<\/p>\n<p>La visita termin\u00f3 con una clase sobre el ruido dictada por David Parra, alumno de Mag\u00edster en Ac\u00fastica y Vibraciones y monitor del proyecto, quien, junto al Dr. Enrique Su\u00e1rez en su rol de Asesor cient\u00edfico, son la contraparte de la UACh en este proyecto de investigaci\u00f3n.<\/p>\n<p><a href=\"https:\/\/www.acusticauach.cl\/wp-content\/uploads\/2015\/06\/2015_06_02_Visita_Club-Explora_Lanco_13.jpg\"><img decoding=\"async\" class=\"aligncenter size-full wp-image-6139\" src=\"https:\/\/www.acusticauach.cl\/wp-content\/uploads\/2015\/06\/2015_06_02_Visita_Club-Explora_Lanco_13.jpg\" alt=\"2015_06_02_Visita_Club-Explora_Lanco_13\" width=\"1000\" height=\"667\" srcset=\"https:\/\/www.acusticauach.cl\/wp-content\/uploads\/2015\/06\/2015_06_02_Visita_Club-Explora_Lanco_13.jpg 1000w, https:\/\/www.acusticauach.cl\/wp-content\/uploads\/2015\/06\/2015_06_02_Visita_Club-Explora_Lanco_13-300x200.jpg 300w, https:\/\/www.acusticauach.cl\/wp-content\/uploads\/2015\/06\/2015_06_02_Visita_Club-Explora_Lanco_13-700x467.jpg 700w, https:\/\/www.acusticauach.cl\/wp-content\/uploads\/2015\/06\/2015_06_02_Visita_Club-Explora_Lanco_13-500x334.jpg 500w\" sizes=\"(max-width: 1000px) 100vw, 1000px\" \/><\/a><\/p>\n<p>Bel\u00e9n Alayanco, alumna del Colegio Felipe Barteaux, destac\u00f3 la importancia que el proyecto tiene para la ciudad, ya que \u201csabremos cuanto ruido hay donde vivimos y aprenderemos cosas nuevas\u201d.<\/p>\n<p>Por su parte, Johan Torres, estudiante de quinto a\u00f1o b\u00e1sico, manifest\u00f3 que la vista al Campus Miraflores le pareci\u00f3 \u201cmuy interesante, sobre todo los laboratorios cubiertos de espuma que hacen que todo se escuche diferente\u201d.<\/p>\n<blockquote><p>Fue una visita muy interesante, los chicos estaban muy contentos pero m\u00e1s importante fue que les quedaron muy claros los conceptos que no dominaban que son significativos para el desarrollo del mapa de ruido de Lanco. Como club de ciencias estamos muy entusiasmados con el trabajo que tenemos que hacer y que presentaremos durante septiembre en la Feria Explora\u201d, finaliz\u00f3 Sandra Alvarado, docente de ciencia y encargada del proyecto Explora del colegio Felipe Barteaux.<\/p><\/blockquote>\n<p><a href=\"https:\/\/www.acusticauach.cl\/wp-content\/uploads\/2015\/06\/2015_06_02_Visita_Club-Explora_Lanco_09.jpg\"><img decoding=\"async\" class=\"aligncenter size-full wp-image-6138\" src=\"https:\/\/www.acusticauach.cl\/wp-content\/uploads\/2015\/06\/2015_06_02_Visita_Club-Explora_Lanco_09.jpg\" alt=\"2015_06_02_Visita_Club-Explora_Lanco_09\" width=\"1000\" height=\"667\" srcset=\"https:\/\/www.acusticauach.cl\/wp-content\/uploads\/2015\/06\/2015_06_02_Visita_Club-Explora_Lanco_09.jpg 1000w, https:\/\/www.acusticauach.cl\/wp-content\/uploads\/2015\/06\/2015_06_02_Visita_Club-Explora_Lanco_09-300x200.jpg 300w, https:\/\/www.acusticauach.cl\/wp-content\/uploads\/2015\/06\/2015_06_02_Visita_Club-Explora_Lanco_09-700x467.jpg 700w, https:\/\/www.acusticauach.cl\/wp-content\/uploads\/2015\/06\/2015_06_02_Visita_Club-Explora_Lanco_09-500x334.jpg 500w\" sizes=\"(max-width: 1000px) 100vw, 1000px\" \/><\/a><\/p>\n<p><a href=\"https:\/\/www.acusticauach.cl\/wp-content\/uploads\/2015\/06\/2015_06_02_Visita_Club-Explora_Lanco_38.jpg\"><img decoding=\"async\" class=\"aligncenter size-full wp-image-6140\" src=\"https:\/\/www.acusticauach.cl\/wp-content\/uploads\/2015\/06\/2015_06_02_Visita_Club-Explora_Lanco_38.jpg\" alt=\"2015_06_02_Visita_Club-Explora_Lanco_38\" width=\"1000\" height=\"667\" srcset=\"https:\/\/www.acusticauach.cl\/wp-content\/uploads\/2015\/06\/2015_06_02_Visita_Club-Explora_Lanco_38.jpg 1000w, https:\/\/www.acusticauach.cl\/wp-content\/uploads\/2015\/06\/2015_06_02_Visita_Club-Explora_Lanco_38-300x200.jpg 300w, https:\/\/www.acusticauach.cl\/wp-content\/uploads\/2015\/06\/2015_06_02_Visita_Club-Explora_Lanco_38-700x467.jpg 700w, https:\/\/www.acusticauach.cl\/wp-content\/uploads\/2015\/06\/2015_06_02_Visita_Club-Explora_Lanco_38-500x334.jpg 500w\" sizes=\"(max-width: 1000px) 100vw, 1000px\" \/><\/a><\/p>\n<p>Escrito por: Michelle Carpentier Araya &#8211; Periodista Fc. Ciencias de la Ingenier\u00eda Email: <a href=\"mailto:prensafci@uach.cl\">prensafci@uach.cl<\/a><\/p>\n<p><a href=\"http:\/\/noticias.uach.cl\/principal.php?pag=noticia-externo&amp;cod=83570\" target=\"_blank\" rel=\"noopener noreferrer\">Noticia en UACh<\/a> \/ <a href=\"http:\/\/ingenieria.uach.cl\/index.php\/noticias\/todas\/8461-estudiantes-de-lanco-vistan-el-instituto-de-acustica-uach\" target=\"_blank\" rel=\"noopener noreferrer\">Noticia en FCI<\/a><\/p>\n<p><a href=\"https:\/\/www.facebook.com\/media\/set\/?set=a.849685345113107.1073741857.194362960645352&amp;type=1\" target=\"_blank\" rel=\"noopener noreferrer\">Visita nuestra galer\u00eda de fostos en Facebook<\/a><\/p>\n<p>&nbsp;<\/p>\n<div id=\"fb-root\"><\/div>\n<p><script>\/\/ <![CDATA[\n(function(d, s, id) { var js, fjs = d.getElementsByTagName(s)[0]; if (d.getElementById(id)) return; js = d.createElement(s); js.id = id; js.src = \"\/\/connect.facebook.net\/es_LA\/all.js#xfbml=1\"; fjs.parentNode.insertBefore(js, fjs); }(document, 'script', 'facebook-jssdk'));\n\/\/ ]]><\/script><\/p>\n<div class=\"fb-post\" data-href=\"https:\/\/www.facebook.com\/media\/set\/?set=a.849685345113107.1073741857.194362960645352&amp;type=1\" data-width=\"700\">\n<div class=\"fb-xfbml-parse-ignore\"><a href=\"https:\/\/www.facebook.com\/media\/set\/?set=a.849685345113107.1073741857.194362960645352&amp;type=1\">Publicaci\u00f3n<\/a> de <a href=\"https:\/\/www.facebook.com\/acusticauach\">Acustica UACh<\/a>.<\/div>\n<\/div>\n","protected":false},"excerpt":{"rendered":"<p>Los alumnos pertenecientes al club los genios de la ciencia del Colegio Felipe Barteaux actualmente se encuentran desarrollando un mapa de ruido de su ciudad gracias a un proyecto Explora. Recorrer el Campus Miraflores y participar de una charla sobre el ruido fueron algunas de las actividades en las que particip\u00f3 el club \u201cLos Genios [&hellip;]<\/p>\n","protected":false},"author":2,"featured_media":6137,"comment_status":"closed","ping_status":"closed","sticky":false,"template":"","format":"standard","meta":{"footnotes":""},"categories":[909],"tags":[161,37,251,316,153,73,163],"class_list":["post-6136","post","type-post","status-publish","format-standard","has-post-thumbnail","hentry","category-vinculacion","tag-colegio","tag-estudiantes","tag-explora","tag-lanco","tag-magister","tag-suarez","tag-visita"],"_links":{"self":[{"href":"https:\/\/www.acusticauach.cl\/index.php?rest_route=\/wp\/v2\/posts\/6136","targetHints":{"allow":["GET"]}}],"collection":[{"href":"https:\/\/www.acusticauach.cl\/index.php?rest_route=\/wp\/v2\/posts"}],"about":[{"href":"https:\/\/www.acusticauach.cl\/index.php?rest_route=\/wp\/v2\/types\/post"}],"author":[{"embeddable":true,"href":"https:\/\/www.acusticauach.cl\/index.php?rest_route=\/wp\/v2\/users\/2"}],"replies":[{"embeddable":true,"href":"https:\/\/www.acusticauach.cl\/index.php?rest_route=%2Fwp%2Fv2%2Fcomments&post=6136"}],"version-history":[{"count":0,"href":"https:\/\/www.acusticauach.cl\/index.php?rest_route=\/wp\/v2\/posts\/6136\/revisions"}],"wp:featuredmedia":[{"embeddable":true,"href":"https:\/\/www.acusticauach.cl\/index.php?rest_route=\/wp\/v2\/media\/6137"}],"wp:attachment":[{"href":"https:\/\/www.acusticauach.cl\/index.php?rest_route=%2Fwp%2Fv2%2Fmedia&parent=6136"}],"wp:term":[{"taxonomy":"category","embeddable":true,"href":"https:\/\/www.acusticauach.cl\/index.php?rest_route=%2Fwp%2Fv2%2Fcategories&post=6136"},{"taxonomy":"post_tag","embeddable":true,"href":"https:\/\/www.acusticauach.cl\/index.php?rest_route=%2Fwp%2Fv2%2Ftags&post=6136"}],"curies":[{"name":"wp","href":"https:\/\/api.w.org\/{rel}","templated":true}]}}