{"id":5572,"date":"2015-03-09T10:46:33","date_gmt":"2015-03-09T13:46:33","guid":{"rendered":"http:\/\/www.acusticauach.cl\/?p=5572"},"modified":"2019-10-27T19:30:05","modified_gmt":"2019-10-27T22:30:05","slug":"facultad-de-ciencias-de-la-ingenieria-recibio-a-sus-nuevos-estudiantes","status":"publish","type":"post","link":"https:\/\/www.acusticauach.cl\/?p=5572","title":{"rendered":"Facultad de Ciencias de la Ingenier\u00eda recibi\u00f3 a sus nuevos estudiantes"},"content":{"rendered":"<p><em>Las diferentes actividades comenzaron con ceremonia en cabezada por el Decano, Dr. Freddy R\u00edos, quien les dio la bienvenida oficial a la Universidad Austral de Chile<\/em><\/p>\n<p>Escrito por: Michelle Carpentier Araya &#8211; Periodista Fc. Ciencias de la Ingenier\u00eda Email: prensafci@uach.cl<\/p>\n<p>Un total de <strong>556 nuevos estudiantes de Facultad de Ciencias de la Ingenier\u00eda<\/strong> de la Universidad Austral de Chile comenzaron el lunes 10 de marzo una nueva etapa como universitarios. Los alumnos pertenecen a las nueve especialidades que se imparten en el Campus Miraflores: Bachillerato en Ciencias de la Ingenier\u00eda, <strong>Ingenier\u00eda Civil Ac\u00fastica<\/strong>, Ingenier\u00eda Civil Electr\u00f3nica, Ingenier\u00eda Civil Industrial, Ingenier\u00eda Civil en Inform\u00e1tica, Ingenier\u00eda Civil en Obras Civiles, Ingenier\u00eda Civil Mec\u00e1nica, Ingenier\u00eda en Construcci\u00f3n e Ingenier\u00eda Naval.<\/p>\n<p>Las actividades comenzaron en la ma\u00f1ana con una bienvenida oficial por parte del Decano de la Facultad de Ciencias de la Ingenier\u00eda, Dr. Fredy R\u00edos quien agradeci\u00f3 a los presentes pro haber confiado en la calidad Universidad Austral de Chile para realizar sus estudios de pregrado.<\/p>\n<blockquote><p>A nombre de nuestra Facultad quiero darles las bienvenida a este desaf\u00edo que ustedes tienen de formarse profesionalmente. Nuestra Facultad forma ingenieros de las distintas disciplinas y creo que hoy estamos recibiendo una cantidad importante de estudiantes que inician su proyecto de vida para mejorar no solo su condici\u00f3n personal, pero para contribuir a la sociedad con lo que son las soluciones de los problemas de siempre y de los nuevos\u201d, dijo el Decano.<\/p><\/blockquote>\n<p>Por su parte, Daniel Ancalaf presidente del Centro de Alumnos de la Facultad de Ciencias de la Ingenier\u00eda y estudiante de Ingenier\u00eda Civil mec\u00e1nica recalc\u00f3 que \u201choy los estudiantes de ingenier\u00eda debemos seguir educ\u00e1ndonos porque en nuestras manos est\u00e1 el futuro de Chile. Hoy los estudiantes de Miraflores debemos buscar una ingenier\u00eda para la transformaci\u00f3n porque seremos nosotros los encargados de cambiar Chile pieza por pieza\u201d.<\/p>\n<p>Despu\u00e9s de los saludos por parte de las autoridades, y una charla dictada por el Dr. Guillaume Ser\u00e1ndour titulada \u201cLos desaf\u00edos del ingeniero e ingenieras del ma\u00f1ana\u201d, la Unidad de Apoyo al Aprendizaje tom\u00f3 una prueba de diagn\u00f3stico a los m\u00e1s de 500 nuevos estudiantes, la cual tiene como fin poder ayudar a aquellos estudiantes que necesiten reforzamiento en diferentes \u00e1reas.<\/p>\n<p>Luego, los alumnos de cada Carrera se dirigieron a un desayuno organizado por cada una de las Escuelas pertenecientes a la Facultad. En las diferentes salas pudieron compartir con sus nuevos compa\u00f1eros y profesores, adem\u00e1s de realizar diferentes preguntas sobre los planes de estudios.<\/p>\n<p>Durante el resto de la jornada, cada Escuela realiz\u00f3 diferentes actividades entre las cuales destacan visitas a los diferentes laboratorios de la Facultad, recorrido por el Campus Miraflores y charlas, entre otras actividades.<br \/>\nDurante la jornada del d\u00eda martes 10, los alumnos con las actividades de bienvenida entre las que destaca un desayuno organizado por Prodecanatura.<\/p>\n<p>Fuente:\u00a0<a href=\"http:\/\/noticias.uach.cl\/principal.php?pag=noticia-externo&amp;cod=79954\" target=\"_blank\" rel=\"noopener noreferrer\">http:\/\/noticias.uach.cl\/principal.php?pag=noticia-externo&amp;cod=79954<\/a><\/p>\n","protected":false},"excerpt":{"rendered":"<p>Las diferentes actividades comenzaron con ceremonia en cabezada por el Decano, Dr. Freddy R\u00edos, quien les dio la bienvenida oficial a la Universidad Austral de Chile Escrito por: Michelle Carpentier Araya &#8211; Periodista Fc. Ciencias de la Ingenier\u00eda Email: prensafci@uach.cl Un total de 556 nuevos estudiantes de Facultad de Ciencias de la Ingenier\u00eda de la [&hellip;]<\/p>\n","protected":false},"author":2,"featured_media":5573,"comment_status":"closed","ping_status":"closed","sticky":false,"template":"","format":"standard","meta":{"footnotes":""},"categories":[906],"tags":[230,37,139,231],"class_list":["post-5572","post","type-post","status-publish","format-standard","has-post-thumbnail","hentry","category-pregrado","tag-bienvenida","tag-estudiantes","tag-facultad","tag-mechones"],"_links":{"self":[{"href":"https:\/\/www.acusticauach.cl\/index.php?rest_route=\/wp\/v2\/posts\/5572","targetHints":{"allow":["GET"]}}],"collection":[{"href":"https:\/\/www.acusticauach.cl\/index.php?rest_route=\/wp\/v2\/posts"}],"about":[{"href":"https:\/\/www.acusticauach.cl\/index.php?rest_route=\/wp\/v2\/types\/post"}],"author":[{"embeddable":true,"href":"https:\/\/www.acusticauach.cl\/index.php?rest_route=\/wp\/v2\/users\/2"}],"replies":[{"embeddable":true,"href":"https:\/\/www.acusticauach.cl\/index.php?rest_route=%2Fwp%2Fv2%2Fcomments&post=5572"}],"version-history":[{"count":0,"href":"https:\/\/www.acusticauach.cl\/index.php?rest_route=\/wp\/v2\/posts\/5572\/revisions"}],"wp:featuredmedia":[{"embeddable":true,"href":"https:\/\/www.acusticauach.cl\/index.php?rest_route=\/wp\/v2\/media\/5573"}],"wp:attachment":[{"href":"https:\/\/www.acusticauach.cl\/index.php?rest_route=%2Fwp%2Fv2%2Fmedia&parent=5572"}],"wp:term":[{"taxonomy":"category","embeddable":true,"href":"https:\/\/www.acusticauach.cl\/index.php?rest_route=%2Fwp%2Fv2%2Fcategories&post=5572"},{"taxonomy":"post_tag","embeddable":true,"href":"https:\/\/www.acusticauach.cl\/index.php?rest_route=%2Fwp%2Fv2%2Ftags&post=5572"}],"curies":[{"name":"wp","href":"https:\/\/api.w.org\/{rel}","templated":true}]}}