{"id":5563,"date":"2015-03-02T10:32:09","date_gmt":"2015-03-02T13:32:09","guid":{"rendered":"http:\/\/www.acusticauach.cl\/?p=5563"},"modified":"2019-10-27T19:30:16","modified_gmt":"2019-10-27T22:30:16","slug":"embajador-valdes-reafirmo-apoyo-para-creacion-de-centro-tecnologico-de-virginia-tech-en-uach","status":"publish","type":"post","link":"https:\/\/www.acusticauach.cl\/?p=5563","title":{"rendered":"Embajador Vald\u00e9s reafirm\u00f3 apoyo para creaci\u00f3n de centro tecnol\u00f3gico de Virginia Tech en UACh"},"content":{"rendered":"<p><strong>Ser\u00e1 el segundo en el mundo: ICTAS, un centro internacional de VT dedicado al desarrollo e innovaci\u00f3n en tecnolog\u00edas cr\u00edticas de primer nivel, el cual se espera instalar en el Campus Miraflores en Valdivia.<\/strong><\/p>\n<p>Su compromiso con seguir apoyando a la Universidad Austral de Chile en el desarrollo de proyectos conjuntos con la Universidad de Virginia Tech manifest\u00f3 el Embajador de nuestro pa\u00eds en Estados Unidos, Juan Gabriel Vald\u00e9s, tras una reuni\u00f3n con directivos y acad\u00e9micos de la UACh. El prop\u00f3sito de esta iniciativa es potenciar la actual relaci\u00f3n que existe entre la UACh y la instituci\u00f3n educativa estadounidense, a trav\u00e9s de la instalaci\u00f3n de un centro interdisciplinario con el apoyo de diversas instituciones nacionales.<\/p>\n<blockquote><p>Como le he dicho a las autoridades de la Universidad Austral de Chile, ellos pueden contar con nuestro trabajo en Washington en la Embajada. He visitado Virginia Tech, he estado en contacto con sus profesores y he visto la importancia que tiene ese centro que ellos desear\u00edan instalar aqu\u00ed \u2013se trata de ICTAS, dedicado al desarrollo e innovaci\u00f3n en tecnolog\u00edas cr\u00edticas de primer nivel-. Tambi\u00e9n he visto la voluntad de las autoridades de la UACh para avanzar en el proyecto. Lo que queda es seguir estableciendo los t\u00e9rminos de este acuerdo, de tal manera que podamos hacer una propuesta que reciba el pleno apoyo del gobierno de Chile\u201d, coment\u00f3 el Embajador.<\/p><\/blockquote>\n<p>Adelant\u00f3 igualmente que est\u00e1 organizando para el mes de agosto y comienzos de septiembre una visita de una delegaci\u00f3n a la Universidad de Virginia donde tambi\u00e9n esperan incorporar a autoridades de la regi\u00f3n y de la ciudad. \u201cConsidero que todo eso puede ser muy determinante para tambi\u00e9n convencer a Virginia Tech de que aqu\u00ed est\u00e1 el mejor lugar para instalar su centro que es de una calidad internacional mayor\u00bb. Al respecto, el representante diplom\u00e1tico manifest\u00f3 que actualmente Virginia Tech tiene solamente un centro de estas caracter\u00edsticas en la India, por lo que de concretarse este proyecto en Valdivia, ser\u00eda el segundo gran centro internacional. \u00abSigo pensando que \u00e9sta es mi regi\u00f3n y, por lo tanto, hago lo que puedo para poder contribuir a que tenga elementos de desarrollo y la ciencia y la tecnolog\u00eda constituyen un factor tan importante de Valdivia y Regi\u00f3n de Valdivia\u201d, manifest\u00f3.<\/p>\n<p>Juan Gabriel Vald\u00e9s anunci\u00f3 adem\u00e1s la idea de asociar a la Regi\u00f3n de Los R\u00edos y de Los Lagos con el Estado de Washington (donde se ubica la ciudad de Seattle), tema que ha abordado con autoridades de la UACh y de Valdivia. \u201cEs un Estado de siete millones de habitantes aproximadamente, posee el doble del producto de Chile y tiene empresas de la importancia de Boeing y Microsoft; incluso all\u00ed naci\u00f3 Starbucks\u2026 Ellos tienen un enorme inter\u00e9s de desarrollar con estas dos regiones y muy especialmente con la de Los R\u00edos una relaci\u00f3n porque poseen el mismo clima e industria productiva. Tienen incluso los mismos clientes comerciales pues venden m\u00e1s a China y Jap\u00f3n que a cualquier otro pa\u00eds del mundo\u201d, a\u00f1adi\u00f3.<\/p>\n<p><strong>Apoyo a proyectos UACh<\/strong><\/p>\n<p>El Director de Investigaci\u00f3n y Desarrollo, Dr. Hans Richter, se\u00f1al\u00f3 que \u00ablas iniciativas de proyectos semilla cofinanciados por Virginia Tech y la UACh, as\u00ed como tambi\u00e9n la eventual instalaci\u00f3n de un centro continental ICTAS de Virginia Tech en el Campus Miraflores, cuentan con todo el respaldo a nivel directivo, incluyendo al Rector, Vicerrector Acad\u00e9mico y a todo el equipo DID. Es importante enfatizar que dos gestores clave de estos lazos de cooperaci\u00f3n son el Dr. Gerhardt Schurig, Estratega Internacional de la Oficina de Relaciones Internacionales de VTech y el Director del Centro UACh\u2013Virginia Tech, Dr. Germ\u00e1n Reinhardt. Por otra parte, el decidido inter\u00e9s y acciones concretas por parte del Embajador de Chile en USA, Sr. Juan Gabriel Vald\u00e9s, permitir\u00e1 avanzar con mayor empuje en este esfuerzo por llevar a nuestra Facultad de Ciencias de la Ingenier\u00eda a un nivel avanzado de internacionalizaci\u00f3n e investigaci\u00f3n de excelencia en los pr\u00f3ximos a\u00f1os.\u00bb<\/p>\n<p>A su turno, el Director del Centro UACh\u2013Virginia Tech, Dr. Germ\u00e1n Reinhardt, coment\u00f3 que la visita del Embajador es muy importante porque ha contribuido positivamente a consolidar la actual asociaci\u00f3n con Virginia Tech. \u00ab\u00c9l tuvo la oportunidad de visitar Virginia el a\u00f1o pasado y qued\u00f3 muy impresionado con la Universidad y logr\u00f3 lazos muy estrechos con las autoridades. Nosotros estuvimos en enero en Washington con un grupo de acad\u00e9micos que iban a presentar cuatro proyectos que son fundamentales para esta asociaci\u00f3n y realmente \u00e9l est\u00e1 buscando todas las posibilidades para ayudarnos a todo nivel tanto del gobierno central de Chile como en Estados Unidos. Es un espaldarazo muy fuerte y estamos muy agradecidos del Embajador\u201d.<\/p>\n<p>En la reuni\u00f3n realizada al mediod\u00eda del jueves 26 de febrero en Valdivia tambi\u00e9n asistieron por parte de la Facultad de Ciencias de la Ingenier\u00eda el Decano Prof. Fredy R\u00edos, el Prodecano Dr. Galo Valdebenito, el Dr. Rogelio Moreno, el <strong>Dr. Jorge Arenas<\/strong>, el Dr. Guillaume Serrandour\u00a0 y el Dr. Gonzalo Tampier. A ellos se sumaron la Directora del Instituto de Arquitectura y Urbanismo (Facultad de Artes y Arquitectura) Prof. Virginia V\u00e1squez, el acad\u00e9mico de la Facultad de Ciencias Dr. Oscar Mart\u00ednez, el acad\u00e9mico de la Facultad de Ciencias Econ\u00f3micas y Administrativas Prof. Juan Carlos Miranda, y la Asistente del Centro Virginia Tech-UACh Loreto Quintana.<\/p>\n<p><strong>Visi\u00f3n desde la Facultad de Cs. de la Ingenier\u00eda: Riesgo S\u00edsimico, Ruido de Aerogeneradores y Energ\u00eda a Partir de Residuos<br \/>\n<\/strong><br \/>\nEn esta nueva etapa en la relaci\u00f3n con Virginia Tech \u2013que parti\u00f3 con un convenio con la Facultad de Ciencias Veterinarias el a\u00f1o 1996- el rol de la Facultad de Ciencias de la Ingenier\u00eda es fundamental, ya que se est\u00e1 proyectando instalar en el Campus Miraflores en Valdivia una sede de ICTAS, como se se\u00f1al\u00f3 m\u00e1s arriba. Asimismo, se est\u00e1n poniendo en marcha cuatro importantes proyectos conjuntos de \u201cinvestigaci\u00f3n semilla\u201d, de los cuales tres est\u00e1n siendo liderados por acad\u00e9micos de esta Facultad.<\/p>\n<p><img decoding=\"async\" class=\"alignleft  wp-image-5565\" src=\"https:\/\/www.acusticauach.cl\/wp-content\/uploads\/2015\/03\/aerogeneradores-300x146.jpg\" alt=\"aerogeneradores\" width=\"343\" height=\"167\" srcset=\"https:\/\/www.acusticauach.cl\/wp-content\/uploads\/2015\/03\/aerogeneradores-300x146.jpg 300w, https:\/\/www.acusticauach.cl\/wp-content\/uploads\/2015\/03\/aerogeneradores.jpg 500w\" sizes=\"(max-width: 343px) 100vw, 343px\" \/>Coordinado por el Prodecano de esta Facultad, Dr. Galo Valdebenito, el primer proyecto tiene que ver con la evaluaci\u00f3n del riesgo s\u00edsmico urbano aplicado a Valdivia; <strong>otra de las iniciativas es liderada por el Director del Instituto de Ac\u00fastica Dr. Jorge Arenas y se centrar\u00e1 en mitigar el ruido de baja frecuencia producido por los aerogeneradores, lo que ha sido un gran obst\u00e1culo para una adopci\u00f3n m\u00e1s amplia de la energ\u00eda e\u00f3lica<\/strong>; en tanto\u00a0 el tercer proyecto tiene que ver con la generaci\u00f3n de energ\u00eda renovable a partir de residuos de la industria salmonera, lo que es liderado por el acad\u00e9mico Dr. Guillaume Serandour.<\/p>\n<p>El Decano de esta Facultad, Prof. Fredy R\u00edos, explic\u00f3 que\u00a0 han estado promoviendo la internalizaci\u00f3n de esta macrounidad, \u201cpor lo tanto nos hemos estado vinculado con distintas universidades a nivel internacional y particularmente con Virginia Tech, aprovechando que ya hab\u00eda un convenio a nivel de Universidad. Estamos tratando de vincularnos como Ingenier\u00eda a trav\u00e9s de este convenio y para eso hemos tenidos algunas conversaciones, visita de profesores, tambi\u00e9n fue una delegaci\u00f3n de la Universidad hace bastante poco para ir concretando un proyecto, que probablemente de concretarse, ser\u00eda un impulso important\u00edsimo para la Facultad y la Universidad en general, por que tendr\u00edamos in situ ac\u00e1 instalaciones de Virginia Tech para desarrollar proyectos de investigaci\u00f3n\u201d.<\/p>\n<blockquote><p>No es una cosa que nosotros se\u00f1alemos que la Universidad es el polo de la Ingenier\u00eda en la zona sur austral del pa\u00eds, ya que ser\u00eda pretencioso, sino que nos reconocen como tal, y eso es m\u00e1s valioso ya que la gente externa e instituciones externas nos han reconocido como el referente de la zona sur austral. Es un respaldo important\u00edsimo que el Embajador de Chile en USA est\u00e9 colaborando en este proyecto; eso nos da luces a que podemos llegar a buen t\u00e9rmino con esta propuesta que se est\u00e1 gestando\u201d, recalc\u00f3 el Decano.<\/p><\/blockquote>\n<p>A su turno, el Prodecano de la FCI, Dr. Galo Valdebenito, destac\u00f3 que \u201cla visita del Embajador tanto a la Facultad como a la Universidad es fundamental. El Embajador ha sido uno de los principales motores que ha empujado el convenio con Virginia Tech por el hecho de que tiene una vinculaci\u00f3n muy fuerte con Valdivia y con la Universidad. Adem\u00e1s tiene la misma visi\u00f3n nuestra sobre el rol de la vinculaci\u00f3n Universidad-empresa y Universidad-gobierno. En este caso es sumamente importante el empuje que est\u00e1 dando el Gobierno de Chile a trav\u00e9s de la Embajada de Estados Unidos para que esta alianza logre prosperar, avanzar y concretar cosas\u201d.<\/p>\n<p>Noticia Fuente:\u00a0<a href=\"http:\/\/noticias.uach.cl\/principal.php?pag=noticia-externo&amp;cod=79734\" target=\"_blank\" rel=\"noopener noreferrer\">http:\/\/noticias.uach.cl\/principal.php?pag=noticia-externo&amp;cod=79734<\/a><\/p>\n<p>Escrito por: Jose Luis G\u00f3mez Guenchor &#8211; Periodista Relaciones P\u00fablicas UACh\/ Michelle Carpentier &#8211; Periodista Facultad de Cs. de la Ingenier\u00eda<\/p>\n","protected":false},"excerpt":{"rendered":"<p>Ser\u00e1 el segundo en el mundo: ICTAS, un centro internacional de VT dedicado al desarrollo e innovaci\u00f3n en tecnolog\u00edas cr\u00edticas de primer nivel, el cual se espera instalar en el Campus Miraflores en Valdivia. Su compromiso con seguir apoyando a la Universidad Austral de Chile en el desarrollo de proyectos conjuntos con la Universidad de [&hellip;]<\/p>\n","protected":false},"author":2,"featured_media":5564,"comment_status":"closed","ping_status":"closed","sticky":false,"template":"","format":"standard","meta":{"footnotes":""},"categories":[908],"tags":[292,48,77,181,301,166,210],"class_list":["post-5563","post","type-post","status-publish","format-standard","has-post-thumbnail","hentry","category-investigacion","tag-aerogeneradores","tag-arenas","tag-centros","tag-convenio","tag-ictas","tag-proyecto","tag-virginia-tech"],"_links":{"self":[{"href":"https:\/\/www.acusticauach.cl\/index.php?rest_route=\/wp\/v2\/posts\/5563","targetHints":{"allow":["GET"]}}],"collection":[{"href":"https:\/\/www.acusticauach.cl\/index.php?rest_route=\/wp\/v2\/posts"}],"about":[{"href":"https:\/\/www.acusticauach.cl\/index.php?rest_route=\/wp\/v2\/types\/post"}],"author":[{"embeddable":true,"href":"https:\/\/www.acusticauach.cl\/index.php?rest_route=\/wp\/v2\/users\/2"}],"replies":[{"embeddable":true,"href":"https:\/\/www.acusticauach.cl\/index.php?rest_route=%2Fwp%2Fv2%2Fcomments&post=5563"}],"version-history":[{"count":0,"href":"https:\/\/www.acusticauach.cl\/index.php?rest_route=\/wp\/v2\/posts\/5563\/revisions"}],"wp:featuredmedia":[{"embeddable":true,"href":"https:\/\/www.acusticauach.cl\/index.php?rest_route=\/wp\/v2\/media\/5564"}],"wp:attachment":[{"href":"https:\/\/www.acusticauach.cl\/index.php?rest_route=%2Fwp%2Fv2%2Fmedia&parent=5563"}],"wp:term":[{"taxonomy":"category","embeddable":true,"href":"https:\/\/www.acusticauach.cl\/index.php?rest_route=%2Fwp%2Fv2%2Fcategories&post=5563"},{"taxonomy":"post_tag","embeddable":true,"href":"https:\/\/www.acusticauach.cl\/index.php?rest_route=%2Fwp%2Fv2%2Ftags&post=5563"}],"curies":[{"name":"wp","href":"https:\/\/api.w.org\/{rel}","templated":true}]}}