{"id":5540,"date":"2015-02-12T15:30:39","date_gmt":"2015-02-12T18:30:39","guid":{"rendered":"http:\/\/www.acusticauach.cl\/?p=5540"},"modified":"2019-10-27T19:30:25","modified_gmt":"2019-10-27T22:30:25","slug":"investigacion-del-programa-de-magister-de-acustica-y-vibraciones-aporta-a-proyecto-fondecyt-de-la-facultad-de-ciencias-forestales-y-recursos-naturales-de-la-uach","status":"publish","type":"post","link":"https:\/\/www.acusticauach.cl\/?p=5540","title":{"rendered":"Investigaci\u00f3n del Mag\u00edster de Ac\u00fastica y Vibraciones aporta a proyecto Fondecyt de la Facultad de Ciencias Forestales"},"content":{"rendered":"<h2>El Ingeniero Civil Ac\u00fastico Felipe Figueroa desarrolla un sistema de monitoreo para maquinarias moldureras, que captura el sonido emitido, lo procesa y entrega los par\u00e1metros ac\u00fasticos obtenidos para su estudio.<\/h2>\n<p>La presentaci\u00f3n de la investigaci\u00f3n de la tesis de Mag\u00edster de Felipe Figueroa tambi\u00e9n fue presentada en el IX Congreso Iberoamericano de Ac\u00fastica, organizado por la Sociedad Chilena de Ac\u00fastica, en conjunto con el Instituto de Ac\u00fastica y la Escuela de Ingenier\u00eda Civil Ac\u00fastica de la Universidad Austral de Chile.\u00a0Felipe Figueroa present\u00f3 \u201cMonitoreo de Condiciones de Maquinado en Base a Emisi\u00f3n Sonora\u201d, tesis enmarcada en el proyecto Fondecyt N\u00b01120347 \u201cEstudio experimental de la progresi\u00f3n del desgaste de herramientas de corte basado en fuerzas de corte y variaci\u00f3n de presi\u00f3n de sonido y su relaci\u00f3n con la calidad superficial durante el maquinado de madera s\u00f3lida de pino radiata con cuchillas de acero de alta velocidad\u201d, del profesor de la Facultad de Ciencias Forestales y Recursos Naturales, Alfredo Aguilera.<\/p>\n<blockquote><p>Este trabajo, que comenc\u00e9 a principios del a\u00f1o 2014, desarrolla un sistema de monitoreo que consiste en capturar el sonido, procesarlo y entregar los valores obtenidos para su comparaci\u00f3n, tanto con los datos que se han estudiado en el \u00e1rea de mec\u00e1nica como el \u00e1rea forestal\u201d, explic\u00f3 Figueroa.<\/p>\n<p>El sonido se puede relacionar con las caracter\u00edsticas de las m\u00e1quinas en s\u00ed, como las cuchillas, aspiradora, carro de avance, etc. O tambi\u00e9n se pueden asociar ciertos ruidos al buen o mal resultado del producto en madera, al desgaste de las cuchillas, que pueden indicar la necesidad de una mantenci\u00f3n\u201d, a\u00f1adi\u00f3.<\/p><\/blockquote>\n<p>Como resultado, la tesis del Ingeniero Civil Ac\u00fastico, generar\u00e1 una interfaz de usuario para computadora. \u201cEs decir, un programa de software que permite a quien lo use seleccionar los par\u00e1metros de captura. Por ejemplo, se podr\u00e1 monitorear una m\u00e1quina moldurera cada un minuto durante toda una jornada laboral, luego esos datos ser\u00e1n procesados por el computador por medio de un software MATLAB y finalmente \u00e9stos se entregar\u00e1n en tiempo real o al final de la jornada\u201d.<\/p>\n<p><strong>Proyecto Fondecyt <\/strong><\/p>\n<p>La investigaci\u00f3n multidisciplinaria dirigida por el profesor Aguilera es una de las primeras en Chile que desarrolla esta \u00e1rea, contribuyendo a la soluci\u00f3n de problemas industriales y la formaci\u00f3n de capital humano especializado.<\/p>\n<p>\u201cLos resultados y programas de software generados permitir\u00e1n a otros investigadores seguir avanzando en la tecnolog\u00eda y la ciencia forestal en Chile. \u00c9ste es el primer escal\u00f3n ya que pueden continuar este estudio m\u00e1s especialistas, como Ingenieros Civiles Ac\u00fasticos, Ingenieros Forestales, Ingenieros Mec\u00e1nicos e incluso Ingenieros inform\u00e1ticos que se interesen en el \u00e1rea\u201d.<\/p>\n<p>El profesional indic\u00f3 que \u201cen el desarrollo de este estudio he aprendido c\u00f3mo el ruido refleja el funcionamiento de una m\u00e1quina moldurera y en este sentido creo que la ac\u00fastica es un aporte al proyecto Fondecyt\u201d.<\/p>\n<p>Cabe mencionar que la presentaci\u00f3n tuvo tambi\u00e9n como autores a los acad\u00e9micos Alfredo Aguilera del Instituto de Bosques y Sociedad, y Jos\u00e9 Barros y Jorge C\u00e1rdenas del Instituto de Ac\u00fastica.<\/p>\n<p>Escrito por: Michelle Carpentier Araya &#8211; Periodista Fc. Ciencias de la Ingenier\u00eda Email: prensafci@uach.cl<\/p>\n","protected":false},"excerpt":{"rendered":"<p>El Ingeniero Civil Ac\u00fastico Felipe Figueroa desarrolla un sistema de monitoreo para maquinarias moldureras, que captura el sonido emitido, lo procesa y entrega los par\u00e1metros ac\u00fasticos obtenidos para su estudio. La presentaci\u00f3n de la investigaci\u00f3n de la tesis de Mag\u00edster de Felipe Figueroa tambi\u00e9n fue presentada en el IX Congreso Iberoamericano de Ac\u00fastica, organizado por [&hellip;]<\/p>\n","protected":false},"author":2,"featured_media":5541,"comment_status":"closed","ping_status":"closed","sticky":false,"template":"","format":"standard","meta":{"footnotes":""},"categories":[907],"tags":[21,37,19,105,153],"class_list":["post-5540","post","type-post","status-publish","format-standard","has-post-thumbnail","hentry","category-postgrado","tag-congreso","tag-estudiantes","tag-fia","tag-fondecyt","tag-magister"],"_links":{"self":[{"href":"https:\/\/www.acusticauach.cl\/index.php?rest_route=\/wp\/v2\/posts\/5540","targetHints":{"allow":["GET"]}}],"collection":[{"href":"https:\/\/www.acusticauach.cl\/index.php?rest_route=\/wp\/v2\/posts"}],"about":[{"href":"https:\/\/www.acusticauach.cl\/index.php?rest_route=\/wp\/v2\/types\/post"}],"author":[{"embeddable":true,"href":"https:\/\/www.acusticauach.cl\/index.php?rest_route=\/wp\/v2\/users\/2"}],"replies":[{"embeddable":true,"href":"https:\/\/www.acusticauach.cl\/index.php?rest_route=%2Fwp%2Fv2%2Fcomments&post=5540"}],"version-history":[{"count":0,"href":"https:\/\/www.acusticauach.cl\/index.php?rest_route=\/wp\/v2\/posts\/5540\/revisions"}],"wp:featuredmedia":[{"embeddable":true,"href":"https:\/\/www.acusticauach.cl\/index.php?rest_route=\/wp\/v2\/media\/5541"}],"wp:attachment":[{"href":"https:\/\/www.acusticauach.cl\/index.php?rest_route=%2Fwp%2Fv2%2Fmedia&parent=5540"}],"wp:term":[{"taxonomy":"category","embeddable":true,"href":"https:\/\/www.acusticauach.cl\/index.php?rest_route=%2Fwp%2Fv2%2Fcategories&post=5540"},{"taxonomy":"post_tag","embeddable":true,"href":"https:\/\/www.acusticauach.cl\/index.php?rest_route=%2Fwp%2Fv2%2Ftags&post=5540"}],"curies":[{"name":"wp","href":"https:\/\/api.w.org\/{rel}","templated":true}]}}