{"id":5502,"date":"2015-01-23T18:40:36","date_gmt":"2015-01-23T21:40:36","guid":{"rendered":"http:\/\/www.acusticauach.cl\/?p=5502"},"modified":"2019-10-27T19:30:39","modified_gmt":"2019-10-27T22:30:39","slug":"la-energia-del-pop-en-el-estudio","status":"publish","type":"post","link":"https:\/\/www.acusticauach.cl\/?p=5502","title":{"rendered":"La energ\u00eda del pop en el estudio de AcusticaUACh"},"content":{"rendered":"<p style=\"text-align: justify;\"><i>Karina Ruiz, ganadora del 4\u00b0 Concurso de Bandas Ac\u00fasticaUACh viaj\u00f3 hasta Valdivia para grabar sus demos.\u00a0 \u00a0<\/i><\/p>\n<p style=\"text-align: justify;\">\u00abHablar de ti\u00bb suena en el estudio de grabaci\u00f3n de Ac\u00fasticaUACh. Es mi\u00e9rcoles y Jorge C\u00e1rdenas junto a Rodrigo Torres, Ingenieros Ac\u00fasticos y profesores a cargo del proyecto, dan los \u00faltimos retoques a lo que han registrado junto a Karina.<\/p>\n<p style=\"text-align: justify;\">La ganadora de la cuarta versi\u00f3n del Concurso de Bandas Escolares lleg\u00f3 a Valdivia el lunes 19 de enero para\u00a0 trabajar intensamente en la grabaci\u00f3n de sus dos demos. La estudiante de 4\u00b0 medio del Colegio Rep\u00fablica del Brasil de Concepci\u00f3n fue elegida entre 10 bandas seleccionadas , que compet\u00edan por grabar profesionalmente sus temas originales.<\/p>\n<p style=\"text-align: justify;\">Karina nos cuenta que los temas grabados son exclusivamente de su autor\u00eda. \u201cParticip\u00e9 del concurso como solista, ya que los integrantes de mi banda \u2013 <i>M\u00e4del<\/i> &#8211; hab\u00edan salido del colegio y no cumpl\u00edamos con las bases del concurso. As\u00ed, esta instancia se volvi\u00f3 positiva para potenciar mi nuevo proyecto, el que est\u00e1 influenciado por el pop, con muchos bajos y m\u00e1s uso de sintetizadores\u201d. La artista oriunda de Concepci\u00f3n, comenz\u00f3 a componer sus primeros temas en el a\u00f1o 2010 para luego formar <i>M\u00e4del<\/i>, banda de rock fusi\u00f3n, con quienes ya hab\u00eda ganado un premio anterior en el a\u00f1o 2013:\u00a0 el primer lugar en el 3\u00b0 Festival de Bandas Juveniles de Talcahuano.<\/p>\n<p style=\"text-align: justify;\">Durante su estad\u00eda en nuestra ciudad, Karina trabaj\u00f3 junto a m\u00fasicos locales. \u201cMi experiencia ha sido excelente. Grabar ac\u00e1 en Valdivia ha sido s\u00faper entretenido y muy profesional. Todos (<i>ingenieros y m\u00fasicos<\/i>) son muy detallistas, creativos y con muy buenas ideas que me ayudan a mejorar mis composiciones\u201d. Con respecto a las jornadas de grabaci\u00f3n, nos cuenta que el trabajo d\u00eda a d\u00eda es arduo &#8211; <i>estuvo en estudio desde el lunes 19 al jueves 22 de enero con actividades ma\u00f1ana y tarde <\/i>&#8211; y que el ambiente generado entre el equipo le ha permitido poder crear libremente.<\/p>\n<blockquote>\n<p style=\"text-align: justify;\">Este concurso permite dar a conocer tu trabajo, exponer tus temas y potenciar la escena musical v\u00eda internet y redes sociales, lugar que alberga muchos nuevos talentos\u201d, comenta Karina, quien participa activamente de encuentros interescolares de voz en la Regi\u00f3n del B\u00edo B\u00edo. \u201cMe enter\u00e9 del concurso por un afiche que estaba en la biblioteca del colegio y esta es la segunda vez que enviaba un demo. Si bien el a\u00f1o pasado particip\u00e9 con una canci\u00f3n, \u00e9sta no estaba muy trabajada, as\u00ed que para esta versi\u00f3n la mejor\u00e9, hice algunos cambios y gan\u00e9. Quiz\u00e1s la grabaci\u00f3n fue mejor, distinta o no s\u00e9\u2026no pens\u00e9 que ganar\u00eda pero tuve fe en que pod\u00eda quedar en alg\u00fan lugar\u201d.<\/p>\n<\/blockquote>\n<p style=\"text-align: justify;\">Finalizada su estad\u00eda en Valdivia, Karina se enfocar\u00e1 en el lanzamiento de su EP \u201cTu voz en viento\u201d, adem\u00e1s de realizar varias presentaciones en el circuito musical penquista durante el mes de febrero.<\/p>\n<p>Conoce m\u00e1s del trabajo de Karina Ruiz en:<\/p>\n<p><a href=\"http:\/\/www.facebook.com\/KarinaRuizMusic\" target=\"_blank\" rel=\"noopener noreferrer\"><b>facebook.com\/KarinaRuizMusic<\/b><\/a><\/p>\n<p><a href=\"http:\/\/www.facebook.com\/madelchile\" target=\"_blank\" rel=\"noopener noreferrer\"><b>facebook.com\/madelchile<\/b><\/a><\/p>\n<p><b><a href=\"http:\/\/www.youtube.com\/madelchile\" target=\"_blank\" rel=\"noopener noreferrer\">youtube.com\/madelchile<\/a><\/b><\/p>\n<p><a href=\"https:\/\/www.acusticauach.cl\/wp-content\/uploads\/2015\/01\/IMG_1532.jpg\"><img decoding=\"async\" class=\"alignnone wp-image-5505\" src=\"https:\/\/www.acusticauach.cl\/wp-content\/uploads\/2015\/01\/IMG_1532.jpg\" alt=\"IMG_1532\" width=\"332\" height=\"221\" srcset=\"https:\/\/www.acusticauach.cl\/wp-content\/uploads\/2015\/01\/IMG_1532.jpg 1000w, https:\/\/www.acusticauach.cl\/wp-content\/uploads\/2015\/01\/IMG_1532-300x200.jpg 300w, https:\/\/www.acusticauach.cl\/wp-content\/uploads\/2015\/01\/IMG_1532-700x467.jpg 700w, https:\/\/www.acusticauach.cl\/wp-content\/uploads\/2015\/01\/IMG_1532-500x334.jpg 500w\" sizes=\"(max-width: 332px) 100vw, 332px\" \/><\/a>\u00a0 \u00a0 \u00a0 \u00a0 \u00a0 \u00a0\u00a0 <a href=\"https:\/\/www.acusticauach.cl\/wp-content\/uploads\/2015\/01\/IMG_1501.jpg\"><img decoding=\"async\" class=\"alignnone wp-image-5506\" src=\"https:\/\/www.acusticauach.cl\/wp-content\/uploads\/2015\/01\/IMG_1501.jpg\" alt=\"IMG_1501\" width=\"333\" height=\"222\" srcset=\"https:\/\/www.acusticauach.cl\/wp-content\/uploads\/2015\/01\/IMG_1501.jpg 1000w, https:\/\/www.acusticauach.cl\/wp-content\/uploads\/2015\/01\/IMG_1501-300x200.jpg 300w, https:\/\/www.acusticauach.cl\/wp-content\/uploads\/2015\/01\/IMG_1501-700x467.jpg 700w, https:\/\/www.acusticauach.cl\/wp-content\/uploads\/2015\/01\/IMG_1501-500x334.jpg 500w\" sizes=\"(max-width: 333px) 100vw, 333px\" \/><\/a><\/p>\n<p><a href=\"https:\/\/www.acusticauach.cl\/wp-content\/uploads\/2015\/01\/IMG_1539.jpg\"><img decoding=\"async\" class=\"alignnone wp-image-5507 \" src=\"https:\/\/www.acusticauach.cl\/wp-content\/uploads\/2015\/01\/IMG_1539.jpg\" alt=\"IMG_1539\" width=\"712\" height=\"401\" srcset=\"https:\/\/www.acusticauach.cl\/wp-content\/uploads\/2015\/01\/IMG_1539.jpg 1000w, https:\/\/www.acusticauach.cl\/wp-content\/uploads\/2015\/01\/IMG_1539-300x169.jpg 300w, https:\/\/www.acusticauach.cl\/wp-content\/uploads\/2015\/01\/IMG_1539-700x394.jpg 700w, https:\/\/www.acusticauach.cl\/wp-content\/uploads\/2015\/01\/IMG_1539-500x282.jpg 500w\" sizes=\"(max-width: 712px) 100vw, 712px\" \/><\/a><\/p>\n<p><b>Banda Mangor\u00e9 recibe su premio en la ciudad de Santiago<\/b><\/p>\n<p style=\"text-align: justify;\">El segundo lugar del Concurso de Bandas 2014 fue para la banda Mangor\u00e9 del Colegio Regina Pacis de Providencia. Los m\u00fasicos recibieron su premio, consistente en un pack de grabaci\u00f3n PresonusMR (Presonus Audiobox Studio), interfaz Audiobox, fonos HD7, micr\u00f3fono M7 y software de grabaci\u00f3n Studio One Artist \u2013 de manos de M\u00f3nica Alacid, encargada de la Unidad de Representaci\u00f3n en Santiago de la Universidad Austral de Chile.<\/p>\n<p style=\"text-align: justify;\"><a href=\"https:\/\/www.acusticauach.cl\/wp-content\/uploads\/2015\/01\/2015_01_22_Entrega_Segundo_Lugar_2014.jpg\"><img decoding=\"async\" class=\"aligncenter  wp-image-5503\" src=\"https:\/\/www.acusticauach.cl\/wp-content\/uploads\/2015\/01\/2015_01_22_Entrega_Segundo_Lugar_2014-1024x576.jpg\" alt=\"2015_01_22_Entrega_Segundo_Lugar_2014\" width=\"713\" height=\"401\" srcset=\"https:\/\/www.acusticauach.cl\/wp-content\/uploads\/2015\/01\/2015_01_22_Entrega_Segundo_Lugar_2014-1024x576.jpg 1024w, https:\/\/www.acusticauach.cl\/wp-content\/uploads\/2015\/01\/2015_01_22_Entrega_Segundo_Lugar_2014-300x169.jpg 300w, https:\/\/www.acusticauach.cl\/wp-content\/uploads\/2015\/01\/2015_01_22_Entrega_Segundo_Lugar_2014-700x394.jpg 700w, https:\/\/www.acusticauach.cl\/wp-content\/uploads\/2015\/01\/2015_01_22_Entrega_Segundo_Lugar_2014-500x281.jpg 500w, https:\/\/www.acusticauach.cl\/wp-content\/uploads\/2015\/01\/2015_01_22_Entrega_Segundo_Lugar_2014.jpg 1600w\" sizes=\"(max-width: 713px) 100vw, 713px\" \/><\/a><\/p>\n","protected":false},"excerpt":{"rendered":"<p>Karina Ruiz, ganadora del 4\u00b0 Concurso de Bandas Ac\u00fasticaUACh viaj\u00f3 hasta Valdivia para grabar sus demos.\u00a0 \u00a0 \u00abHablar de ti\u00bb suena en el estudio de grabaci\u00f3n de Ac\u00fasticaUACh. Es mi\u00e9rcoles y Jorge C\u00e1rdenas junto a Rodrigo Torres, Ingenieros Ac\u00fasticos y profesores a cargo del proyecto, dan los \u00faltimos retoques a lo que han registrado junto [&hellip;]<\/p>\n","protected":false},"author":5,"featured_media":5507,"comment_status":"closed","ping_status":"closed","sticky":false,"template":"","format":"standard","meta":{"footnotes":""},"categories":[2,909],"tags":[94,272,97,244],"class_list":["post-5502","post","type-post","status-publish","format-standard","has-post-thumbnail","hentry","category-reportajes","category-vinculacion","tag-concurso","tag-concurso-de-bandas","tag-ganador","tag-grabacion"],"_links":{"self":[{"href":"https:\/\/www.acusticauach.cl\/index.php?rest_route=\/wp\/v2\/posts\/5502","targetHints":{"allow":["GET"]}}],"collection":[{"href":"https:\/\/www.acusticauach.cl\/index.php?rest_route=\/wp\/v2\/posts"}],"about":[{"href":"https:\/\/www.acusticauach.cl\/index.php?rest_route=\/wp\/v2\/types\/post"}],"author":[{"embeddable":true,"href":"https:\/\/www.acusticauach.cl\/index.php?rest_route=\/wp\/v2\/users\/5"}],"replies":[{"embeddable":true,"href":"https:\/\/www.acusticauach.cl\/index.php?rest_route=%2Fwp%2Fv2%2Fcomments&post=5502"}],"version-history":[{"count":0,"href":"https:\/\/www.acusticauach.cl\/index.php?rest_route=\/wp\/v2\/posts\/5502\/revisions"}],"wp:featuredmedia":[{"embeddable":true,"href":"https:\/\/www.acusticauach.cl\/index.php?rest_route=\/wp\/v2\/media\/5507"}],"wp:attachment":[{"href":"https:\/\/www.acusticauach.cl\/index.php?rest_route=%2Fwp%2Fv2%2Fmedia&parent=5502"}],"wp:term":[{"taxonomy":"category","embeddable":true,"href":"https:\/\/www.acusticauach.cl\/index.php?rest_route=%2Fwp%2Fv2%2Fcategories&post=5502"},{"taxonomy":"post_tag","embeddable":true,"href":"https:\/\/www.acusticauach.cl\/index.php?rest_route=%2Fwp%2Fv2%2Ftags&post=5502"}],"curies":[{"name":"wp","href":"https:\/\/api.w.org\/{rel}","templated":true}]}}